{"id":1782,"date":"2013-10-02T11:37:52","date_gmt":"2013-10-02T09:37:52","guid":{"rendered":"http:\/\/slovaklinesmagazin.sk\/cms\/?p=1782"},"modified":"2013-10-03T10:02:04","modified_gmt":"2013-10-03T08:02:04","slug":"zuzana-smatanova-dospela-som","status":"publish","type":"post","link":"https:\/\/www.slovaklinesmagazin.sk\/cms\/2013\/10\/zuzana-smatanova-dospela-som\/","title":{"rendered":"Zuzana Smatanov\u00e1: Dospela som"},"content":{"rendered":"<p>Jedna z na\u0161ich naj\u00faspe\u0161nej\u0161\u00edch spev\u00e1\u010dok a nieko\u013ekon\u00e1sobn\u00e1 Sl\u00e1vica vyd\u00e1va nov\u00fd singel, odhadzuje povestn\u00fa introvertnos\u0165 a \u010diernu farbu vlasov.<\/p>\n<p><strong>Ako by ste op\u00edsali svoj posledn\u00fd album Dvere?<\/strong><\/p>\n<p><em>Je najosobnej\u0161\u00ed, najpravdivej\u0161\u00ed a najenergickej\u0161\u00ed. Pri jeho po\u010d\u00favan\u00ed zist\u00edte, \u017ee moje \u201eklasick\u00e9 smatanovsk\u00e9&#8220; pesni\u010dky s\u00fa oble\u010den\u00e9 do nov\u00fdch zvukov, po\u010du\u0165 viac eletroniky a s\u00fa r\u00fdchlej\u0161ie ne\u017e by ste odo m\u0148a \u010dakali. A \u010do sa t\u00fdka textov, myslela som si, \u017ee album Tabletky odvahy je najint\u00edmnej\u0161\u00ed. Najosobnej\u0161\u00ed je v\u0161ak album Dvere, preto\u017ee texty boli ovplyvnen\u00e9 smr\u0165ou m\u00f4jho otca. Ich p\u00edsanie bolo ako samoterapia, dost\u00e1vala som tak zo seba niektor\u00e9 veci a \u010distila som si hlavu aj vz\u0165ahy. Texty na tomto albume s\u00fa ve\u013emi \u00faprimn\u00e9, povedala som si, \u017ee si nebudem ni\u010d vym\u00fd\u0161\u013ea\u0165, nebudem fantaz\u00edrova\u0165, jednoducho p\u00f4jdem pod ko\u017eu.<\/em><\/p>\n<p><strong>Dvojalbum Gemini ste vraj zo seba \u201evyp\u013euli&#8220;. Ako dlho sa rodil album Dvere?<\/strong><\/p>\n<p><em>Podobalo sa to na tak\u00fd mal\u00fd p\u00f4rod. Bolo to ve\u013emi dramatick\u00e9, nemala som komfortn\u00e9 podmienky vo svojom vn\u00fatri, ani okolo seba. Potrebujem na pr\u00e1cu pohodu a pokoj, nie prostredie kde sa navy\u0161e v\u0155ta a prer\u00e1ba, \u010do sa v tom obdob\u00ed dialo v maminom dome. V Bratislave, kde b\u00fdvam, som tvori\u0165 nemohla. Nikdy som tam nenap\u00edsala ani \u010diarku, nem\u00e1m tam svoj pokoj. Tvor\u00edm len u mamy doma, kde m\u00e1m svoje hniezdo a \u00fato\u010disko a tam to bolo vtedy \u0165a\u017ek\u00e9. Zvl\u00e1dla som to a nau\u010dila som sa, \u017ee aj negat\u00edvne sk\u00fasenosti \u010dloveka posun\u00fa.Hovor\u00ed sa, \u017ee \u017eivot d\u00e1 \u010dloveku tak\u00fa ve\u013ek\u00fa sk\u00fa\u0161ku alebo prek\u00e1\u017eku, ak\u00fa je schopn\u00fd zvl\u00e1dnu\u0165. A ke\u010f je ve\u013ek\u00e1, je doty\u010dn\u00fd \u010dlovek zrejme siln\u00fd dos\u0165 na to, aby sa s t\u00fdm vedel popasova\u0165.<\/em><\/p>\n<p><strong>Pre\u010do ste ho nazvali pr\u00e1ve Dvere?<\/strong><\/p>\n<p><em>Odv\u00edja sa od zmien v mojom \u017eivote. Ako som u\u017e spom\u00ednala, radik\u00e1lny z\u00e1sah pri\u0161iel pred troma rokmi, ke\u010f mi zomrel otec. Ten, kto za\u017eil nie\u010do podobn\u00e9, vie, \u017ee stratou bl\u00edzkeho \u010dloveka sa mnoho vec\u00ed zmen\u00ed. Prehodnotila som svoje priority, postoje a vz\u0165ahy s \u013eu\u010fmi. Aj priate\u013estv\u00e1 sa mi odvtedy za\u010dali meni\u0165. Vyselektovala som si okruh \u013eud\u00ed, ktor\u00ed mi stoja za to, aby som im venovala svoju energiu a ktor\u00ed nie. Odstrihla som od seba priate\u013estv\u00e1, v ktor\u00fdch som d\u00e1vala energiu a snahu len ja, bez sp\u00e4tnej v\u00e4zby alebo ju zo m\u0148a vys\u00e1vali. Ako keby som zatvorila pomyseln\u00e9 dvere a z\u00e1rove\u0148 vst\u00fapila do nov\u00fdch. Dospela som.<\/em><\/p>\n<p><strong>Ako sa to prejavuje?<\/strong><\/p>\n<p><em>Asi najviac v tom, \u017ee som prestala rie\u0161i\u0165 malichernosti a dok\u00e1\u017eem by\u0165 otvoren\u00e1 a poveda\u0165 NIE. Povedala som si, \u017ee budem hovori\u0165 veci na rovinu a \u00faprimne. Nehovor\u00edm, \u017ee som to doteraz nerobila, ale bola som opatrnej\u0161ia. B\u00e1la som sa, \u017ee odmietnut\u00edm uraz\u00edm. Dnes si ove\u013ea viac v\u00e1\u017eim to, \u010do rob\u00edm, \u013eud\u00ed okolo m\u0148a\u2026Nadobudla som ak\u00fasi pokoru a pri\u0161la som na to, \u010do je v \u017eivote d\u00f4le\u017eit\u00e9: istota, vz\u0165ahy v rodine, ma\u0165 r\u00e1d a v\u00e1\u017ei\u0165 si to. U n\u00e1s v rodine sa n\u00e1m napr\u00edklad utu\u017eili vz\u0165ahy. Nepam\u00e4t\u00e1m si, ako \u010dasto som hovorila mojim bl\u00edzkym, \u017ee ich m\u00e1m rada. Ale teraz to rob\u00edm. Okrem toho som sa vn\u00fatorne upokojila. U\u017e sa tak ne\u017eeniem. Dok\u00e1\u017eem \u00eds\u0165 po \u0161iestich rokoch na dovolenku, ktor\u00fa som doposia\u013e ods\u00favala a br\u00e1nila sa jej.<\/em><\/p>\n<p><strong>Ste typ \u010dloveka, ktor\u00fd zatv\u00e1ra vo svojom \u017eivote \u010dasto dvere?<\/strong><\/p>\n<p><em>Nedok\u00e1\u017eem \u00faplne zavrie\u0165 dvere star\u00fdm veciam, aby pri\u0161li nov\u00e9. \u013dudia, vz\u0165ahy a veci z minulosti sa u m\u0148a prel\u00ednaj\u00fa s pr\u00edtomnos\u0165ou. Ale \u010do sa t\u00fdka vz\u0165ahov, tam som p\u00e1rkr\u00e1t pomyseln\u00e9 dvere zatv\u00e1rala. Niekedy sta\u010d\u00ed aj jedin\u00fd rozhovor, veci sa vysvetlia, uzatvoria a ide sa odznova. Mala som u\u017e tak d\u00e1vnej\u0161ie kamar\u00e1ta, ktor\u00fd zo m\u0148a vys\u00e1val energiu. Bola to pre m\u0148a z\u00e1\u0165a\u017e na du\u0161u aj psychiku a potrebovala som sa z toho vymani\u0165. Jedn\u00e9ho d\u0148a som sa s n\u00edm posadila a vysvetlila mu, \u017ee ka\u017ed\u00fd z n\u00e1s si \u017eijeme svoj \u017eivot a on nem\u00f4\u017ee by\u0165 zakva\u010den\u00fd na tom mojom. Nastala medzi nami dlh\u0161ia odmlka, ale pochopil to. A ja som odvtedy za\u010dala op\u00e4\u0165 d\u00fdcha\u0165, m\u00f4\u017eem si \u017ei\u0165 po svojom a neprisp\u00f4sobova\u0165 sa mu. Tak\u00fdchto \u013eud\u00ed, ktor\u00ed sa okolo druh\u00fdch ovin\u00fa ako bre\u010dtan, beh\u00e1 pritom po svete mnoho. Bohu\u017eia\u013e to, \u010do p\u00fdtaj\u00fa, sami nedok\u00e1\u017eu d\u00e1va\u0165 nasp\u00e4\u0165.<\/em><\/p>\n<p><strong>Netaj\u00edte sa t\u00fdm, \u017ee milujete \u010diernu farbu a dlh\u00fa dobu boli va\u0161\u00edm pozn\u00e1vac\u00edm znamen\u00edm \u010dierne vlasy a oble\u010denie. Dnes m\u00e1te op\u00e4\u0165 svoje prirodzene svetl\u00e9 vlasy. Aj premena viz\u00e1\u017ee s\u00favis\u00ed so zmenami vo va\u0161om \u017eivote?<\/strong><\/p>\n<p><em>Tak akosi prirodzene som zat\u00fa\u017eila po p\u00f4vodnej farbe a k vzh\u013eadu, ktor\u00fd som mala, ke\u010f ma \u013eudia spoznali ako spev\u00e1\u010dku. Chcela som sa vr\u00e1ti\u0165 k prirodzenej Zuzane, ktor\u00e1 niekde vo vn\u00fatri m\u0148a je. Dlho som sa na to odhodl\u00e1vala. Pri\u0161la som za mojim kadern\u00edkom a hovor\u00edm: \u201eMarek, chcem si zmy\u0165 t\u00fa \u010diernu farbu.&#8220; Zalomil rukami, \u017ee to nebude z\u00e1le\u017eitos\u0165 jednej n\u00e1\u0161tevy kadern\u00edctva. Tri mesiace mi farbu zm\u00fdval rozli\u010dn\u00fdmi zosvet\u013eova\u010dmi a peroxidami. Okrem zmeny farby vlasov som za\u010dala nosi\u0165 \u0161aty, minim\u00e1lne na sl\u00e1vnostn\u00e9 pr\u00edle\u017eitosti, ktor\u00e9 mi navrhuje n\u00e1vrh\u00e1r Boris Hane\u010dka. Cukr\u00edkov\u00e9, vol\u00e1nov\u00e9 a flitrovan\u00e9 oble\u010denie v\u0161ak neviem nosi\u0165. St\u00e1le milujem \u010diernu farbu a v mojom \u0161atn\u00edku n\u00e1jdete najm\u00e4 tri\u010dk\u00e1, rifle a le\u017e\u00e9rne veci. Ve\u013emi sa mi p\u00e1\u010di ofis \u0161t\u00fdl, ko\u0161ele a sak\u00e1. Keby to bolo na mne, nosila by som presne toto oble\u010denie.<\/em><\/p>\n<p><strong>A op\u00e4tky?<\/strong><\/p>\n<p><em>Vysok\u00fdm top\u00e1nkam sa nebr\u00e1nim. Na koncertoch prive\u013emi nie, preto\u017ee som dos\u0165 vysok\u00e1 a \u0161a\u0161kova\u0165 v nich na p\u00f3diu nie je pr\u00e1ve v\u00fdhra. Ale ke\u010f idem be\u017ene do mesta, na stretnutie \u010di na ve\u010deru, obujem si ich.<\/em><\/p>\n<p><strong>M\u00e1m pocit, \u017ee Zuzana Smatanov\u00e1 \u201ezo\u017een\u0161tela&#8220;. Chytili v\u00e1s aj tak\u00e9 \u201e\u017eensk\u00e9&#8220; \u010dinnosti ako nakupovanie a varenie?<\/strong><\/p>\n<p><em>Nakupovanie m\u00e1m rada, ale nepraktikujem ho \u010dasto. Ke\u010f to v\u0161ak na m\u0148a pr\u00edde, s mojou kamar\u00e1tkou, man\u017eelkou m\u00f4jho mana\u017e\u00e9ra, si nap\u00ed\u0161eme alebo zavol\u00e1me s ot\u00e1zkou: \u201eNed\u00e1me shop?&#8220; Spolu sa pomot\u00e1me po obchodoch, k\u00fapime si nie\u010do na seba a sadneme si na k\u00e1vu. Je to pre m\u0148a relax. S varen\u00edm som v\u00e4\u010d\u0161ia kamar\u00e1tka ako v minulosti. To je asi tie\u017e \u010fal\u0161\u00ed d\u00f4kaz toho, \u017ee som sa zmenila. Nevarievam v\u0161ak \u017eiadne krkolomn\u00e9 jedl\u00e1, sk\u00f4r cestoviny na mili\u00f3n sp\u00f4sobov alebo kura \u010di franc\u00fazske zemiaky. Ale nepe\u010diem, k tomu som sa e\u0161te nedostala. Zbo\u017e\u0148ujem v\u0161ak kuchy\u0148u mojej mamy, najm\u00e4 jej perkelt a fazu\u013eov\u00fa polievku.<\/em><\/p>\n<p><strong>V\u00e1\u0161 najnov\u0161\u00ed singel sa vol\u00e1 Dnes sa mi nechce ni\u010d. Za\u017e\u00edvate tento stav \u010dasto?<\/strong><\/p>\n<p><em>Prizn\u00e1m sa, \u017ee som sk\u00f4r workoholi\u010dka a v\u017edy si viem n\u00e1js\u0165 nejak\u00fa aktivitu. Narodila som sa v znamen\u00ed bl\u00ed\u017eencov a o nich sa hovor\u00ed, \u017ee ich myse\u013e nikdy nesp\u00ed. Plat\u00ed to aj o mne. Aj ke\u010f od\u00eddem na dovolenku, m\u00e1m pocit, \u017ee nedok\u00e1\u017eem \u00faplne vypn\u00fa\u0165. Na druhej strane, st\u00e1va sa mi, \u017ee sa mi ni\u010d nechce. Pozn\u00e1te h\u00e1dam, \u010dloveka, ktor\u00fd sa tak nikdy nec\u00edtil? Ke\u010f to na m\u0148a pr\u00edde, viem, \u017ee potrebujem vylo\u017ei\u0165 nohy, pozera\u0165 telku a o ni\u010d sa nestara\u0165. Alebo sa idem prejs\u0165. \u010casto ma to chyt\u00ed, ke\u010f som dlho na cest\u00e1ch alebo na turn\u00e9. Vtedy zat\u00fa\u017eim po oddychu a ni\u010dneroben\u00ed. Aj koncertovanie, kde rozd\u00e1vam \u013eu\u010fom energiu, je vy\u010derp\u00e1vaj\u00face. Vyjdem z ulity a potrebujem sa potom do nej aj vr\u00e1ti\u0165.<\/em><\/p>\n<p><strong>Ako si dob\u00edjate baterky?<\/strong><\/p>\n<p><em>Prospieva mi, ke\u010f tr\u00e1vim \u010das len sama so sebou, napr\u00edklad dva-tri dni. Rozpr\u00e1vam sa so sebou, vyhodnocujem veci a pripravujem sa na to, \u010do ma \u010dak\u00e1. Zavriem sa v byte, idem sa prejs\u0165 so psom alebo sadnem do auta a jazd\u00edm. Vy\u010dist\u00edm si tak hlavu. A e\u0161te s\u00fa \u00fa\u010dinn\u00fdm dob\u00edja\u010dom bateriek kamar\u00e1ti. Potrebujem sa obklopova\u0165 \u013eu\u010fmi, ktor\u00ed ma poznaj\u00fa, s ktor\u00fdmi sa nemus\u00edm ani rozpr\u00e1va\u0165 a vedia, \u010do mi je.<\/em><\/p>\n<p><strong>Ak\u00fd recept m\u00e1te na to, \u017ee ste u\u017e nieko\u013eko rokov jednou z naj\u017eiadanej\u0161\u00edch slovensk\u00fdch spev\u00e1\u010dok, pri\u010dom mnoho rodiacich sa hviezd za\u017eiari a zhasne?<\/strong><\/p>\n<p><em>Je na to recept, ale nie ka\u017ed\u00e9mu sa ho podar\u00ed uvari\u0165. To, \u017ee sa finalisti spev\u00e1ckych s\u00fa\u0165a\u017e\u00ed objavuj\u00fa v telev\u00edzii a p\u00ed\u0161e sa o nich, je len medi\u00e1lna bublina a neznamen\u00e1 to, \u017ee s\u00fa sl\u00e1vni a \u00faspe\u0161n\u00ed. Skuto\u010dn\u00e1, tvrd\u00e1 realita za\u010dne, ke\u010f \u0161ou skon\u010d\u00ed. D\u00f4le\u017eit\u00e9 je ma\u0165 svojich fan\u00fa\u0161ikov, ktor\u00fdch si udr\u017eia, robi\u0165 koncerty a ma\u0165 svoje pesni\u010dky. To, \u010do finalisti hudobn\u00fdch s\u00fa\u0165a\u017e\u00ed spievaj\u00fa, nie je ich vlastn\u00e1 tvorba, ale svetov\u00e9 hity. Je to tak\u00e9 karaoke. Ale ke\u010f uk\u00e1\u017eu svoju vlastn\u00fa tvorbu, vtedy to chyt\u00ed tie spr\u00e1vne gr\u00e1dy. To sa ale nepodar\u00ed ka\u017ed\u00e9mu. Talent \u010dasto nesta\u010d\u00ed. Je to aj o schopnosti tvori\u0165 a nap\u00edsa\u0165 si vlastn\u00e9 veci. A ak to nedok\u00e1\u017eu oni, aspo\u0148 ma\u0165 okolo seba dobr\u00fd t\u00edm, ktor\u00fd to urob\u00ed za nich a dok\u00e1\u017ee to preda\u0165. Je to aj o autenticite. \u013dudia musia pesni\u010dk\u00e1m veri\u0165.<\/em><\/p>\n<p><strong>\u010co dok\u00e1\u017ee by\u0165 pre v\u00e1s e\u0161te profesion\u00e1lna v\u00fdzva?<\/strong><\/p>\n<p><em>Legendy ako Miro \u017dbirka hovoria, \u017ee najv\u00e4\u010d\u0161ou m\u00e9tou pre spev\u00e1ka je udr\u017ea\u0165 sa na hudobnej sc\u00e9ne a v povedom\u00ed \u013eud\u00ed. Je to aj moja v\u00edzia. Viem, \u017ee \u017eivot je s\u00ednusoida, no rada by som sa s vami stretla, ke\u010f budem ma\u0165 p\u00e4\u0165desiat a povedala v\u00e1m, \u017ee hudbu st\u00e1le rob\u00edm a \u017ee ma \u017eiv\u00ed. Je to tak trochu paradoxn\u00e9, lebo ke\u010f som bola mal\u00e1, nesn\u00edvala som o kari\u00e9re spev\u00e1\u010dky. Ono si ma to na\u0161lo samo, prijala som to a prisp\u00f4sobila som sa tomu. Okrem hudby a spolupr\u00e1ce s in\u00fdmi interpretmi by som mo\u017eno raz chcela nap\u00edsa\u0165 knihu. Chcela by som sa umelecky anga\u017eova\u0165, p\u00edsa\u0165 alebo kresli\u0165.<\/em><\/p>\n<p><strong>Viete kresli\u0165?<\/strong><\/p>\n<p><em>M\u00f4j otec bol maliar, tak\u017ee som \u010dosi po \u0148om podedila. Tento rok chyst\u00e1m dokonca projekt svojich kresieb. Po n\u00e1vrate z dovolenky, medzi festivalmi, budem kresli\u0165. Viac zatia\u013e neprezrad\u00edm, dozviete sa o tom nesk\u00f4r, ale ve\u013emi sa na to te\u0161\u00edm.<\/em><\/p>\n","protected":false},"excerpt":{"rendered":"<p>Jedna z na\u0161ich naj\u00faspe\u0161nej\u0161\u00edch spev\u00e1\u010dok a nieko\u013ekon\u00e1sobn\u00e1 Sl\u00e1vica vyd\u00e1va nov\u00fd singel, odhadzuje povestn\u00fa introvertnos\u0165 a \u010diernu farbu vlasov. Ako by ste op\u00edsali svoj posledn\u00fd album Dvere? Je najosobnej\u0161\u00ed, najpravdivej\u0161\u00ed a najenergickej\u0161\u00ed. Pri jeho po\u010d\u00favan\u00ed zist\u00edte, \u017ee moje \u201eklasick\u00e9 smatanovsk\u00e9&#8220; pesni\u010dky s\u00fa oble\u010den\u00e9 do nov\u00fdch zvukov, po\u010du\u0165 viac eletroniky a s\u00fa r\u00fdchlej\u0161ie ne\u017e by ste odo [&hellip;]<\/p>\n","protected":false},"author":7,"featured_media":1783,"comment_status":"open","ping_status":"open","sticky":false,"template":"","format":"standard","meta":{"footnotes":""},"categories":[48],"tags":[],"class_list":["post-1782","post","type-post","status-publish","format-standard","has-post-thumbnail","hentry","category-umenie-a-kultura","eq-blocks"],"_links":{"self":[{"href":"https:\/\/www.slovaklinesmagazin.sk\/cms\/wp-json\/wp\/v2\/posts\/1782","targetHints":{"allow":["GET"]}}],"collection":[{"href":"https:\/\/www.slovaklinesmagazin.sk\/cms\/wp-json\/wp\/v2\/posts"}],"about":[{"href":"https:\/\/www.slovaklinesmagazin.sk\/cms\/wp-json\/wp\/v2\/types\/post"}],"author":[{"embeddable":true,"href":"https:\/\/www.slovaklinesmagazin.sk\/cms\/wp-json\/wp\/v2\/users\/7"}],"replies":[{"embeddable":true,"href":"https:\/\/www.slovaklinesmagazin.sk\/cms\/wp-json\/wp\/v2\/comments?post=1782"}],"version-history":[{"count":5,"href":"https:\/\/www.slovaklinesmagazin.sk\/cms\/wp-json\/wp\/v2\/posts\/1782\/revisions"}],"predecessor-version":[{"id":1894,"href":"https:\/\/www.slovaklinesmagazin.sk\/cms\/wp-json\/wp\/v2\/posts\/1782\/revisions\/1894"}],"wp:featuredmedia":[{"embeddable":true,"href":"https:\/\/www.slovaklinesmagazin.sk\/cms\/wp-json\/wp\/v2\/media\/1783"}],"wp:attachment":[{"href":"https:\/\/www.slovaklinesmagazin.sk\/cms\/wp-json\/wp\/v2\/media?parent=1782"}],"wp:term":[{"taxonomy":"category","embeddable":true,"href":"https:\/\/www.slovaklinesmagazin.sk\/cms\/wp-json\/wp\/v2\/categories?post=1782"},{"taxonomy":"post_tag","embeddable":true,"href":"https:\/\/www.slovaklinesmagazin.sk\/cms\/wp-json\/wp\/v2\/tags?post=1782"}],"curies":[{"name":"wp","href":"https:\/\/api.w.org\/{rel}","templated":true}]}}