{"id":1981,"date":"2013-10-03T18:08:06","date_gmt":"2013-10-03T16:08:06","guid":{"rendered":"http:\/\/slovaklinesmagazin.sk\/cms\/?p=1981"},"modified":"2013-10-03T18:47:11","modified_gmt":"2013-10-03T16:47:11","slug":"miro-jaros-zije-svoj-sen","status":"publish","type":"post","link":"https:\/\/www.slovaklinesmagazin.sk\/cms\/2013\/10\/miro-jaros-zije-svoj-sen\/","title":{"rendered":"Miro Jaro\u0161 \u017eije svoj sen"},"content":{"rendered":"<p>Kv\u00f4li hudbe sp\u00e1val v konskej stajni a prestal chodi\u0165 autobusmi. Hoci sa st\u00e1le nevie celkom zbavi\u0165 n\u00e1lepky finalistu zo Superstar, tento rok vydal v\u00fdberovku svojich hitov a realizuje sa vo vlastnom hudobnom vydavate\u013estve.<\/p>\n<p>&nbsp;<\/p>\n<p><strong>M\u00e9diami pred \u010dasom prebehla inform\u00e1cia, \u017ee vraj kon\u010d\u00ed\u0161 s hudbou?!<\/strong><br \/>\nTo bola dezinform\u00e1cia, nie je to pravda. Kon\u010d\u00edm len s vyd\u00e1van\u00edm hudby na c\u00e9de\u010dk\u00e1ch. M\u00e1m pocit, \u017ee to v dne\u0161nej dobe nem\u00e1 v\u00fdznam. \u010cierny trh zabil predaj hudobn\u00fdch nosi\u010dov, c\u00e9de\u010dko u\u017e sl\u00fa\u017ei viac-menej ako promo produkt. Chcel by som fungova\u0165 tak, \u017ee nahr\u00e1m singel, poskytnem ho r\u00e1di\u00e1m a zaves\u00edm ho na internet na vo\u013en\u00e9 stiahnutie pre \u013eud\u00ed, ktor\u00ed ho chc\u00fa vlastni\u0165.<\/p>\n<p>&nbsp;<\/p>\n<p><strong>Na pultoch je v\u0161ak aktu\u00e1lne tvoje c\u00e9de\u010dko V\u0161etko najlep\u0161ie. Je to teda symbolick\u00e9 gesto?<\/strong><br \/>\nD\u00e1 sa poveda\u0165, \u017ee uzatv\u00e1ra jednu etapu m\u00f4jho hudobn\u00e9ho \u017eivota. Nebolo moj\u00edm n\u00e1padom. Pri\u0161lo s n\u00edm moje vydavate\u013estvo EMI. Moja prv\u00e1 reakcia bola rovnak\u00e1 ako v\u00e4\u010d\u0161iny \u013eud\u00ed: U\u017e? Na\u010do? Okrem toho n\u00e1pad urobi\u0165 v\u00fdberovku pri\u0161iel v \u010dase, kedy som sa rozhodol, \u017ee si od seba odd\u00fdchnem a budem sa hudobne venova\u0165 len Dominike Mirgovej. Uvedomil som si v\u0161ak, \u017ee m\u00e1m \u010do na v\u00fdberovke pon\u00faknu\u0165. Ke\u010f slovensk\u00ed interpreti v\u00e4\u010d\u0161inou vydaj\u00fa album, v r\u00e1di\u00e1ch sa z neho uchytia dva-tri single. Mne sa ich pod\u013ea rebr\u00ed\u010dku IFPI podarilo z jedn\u00e9ho albumu dosta\u0165 do r\u00e1di\u00ed osem, \u010do je stra\u0161ne ve\u013ea. Za tie roky bolo v slovenskom \u00e9teri po\u010du\u0165 osemn\u00e1s\u0165 mojich pesni\u010diek a dvan\u00e1stim sa darilo ve\u013emi dobre, patrili medzi najhranej\u0161ie veci. Preto som s\u00fahlasil s v\u00fdberovkou, ale mal som dve podmienky. Chcel som nahra\u0165 dve novinky a \u201estar\u00e9&#8220; pesni\u010dky obliec\u0165 do nov\u00e9ho zvuku, naprogramovan\u00e9 n\u00e1stroje nahradi\u0165 \u017eiv\u00fdmi a podobne.<\/p>\n<p>&nbsp;<\/p>\n<p><strong>Ktor\u00fd singel je tvojou \u201esrdcove\u010dkou&#8220;?<\/strong><br \/>\nTlakov\u00e1 n\u00ed\u017e. Je to skladba, ktor\u00e1 ma dostala do r\u00e1di\u00ed a bez nej by som nemal ani t\u00fato v\u00fdberovku. Prv\u00fd album Exoterika, ktor\u00fd som nahral v Izraeli, pred rokmi slovensk\u00e9 r\u00e1di\u00e1 odmietali hra\u0165. Bola to pre nich prive\u013emi exotick\u00e1 hudba, ktor\u00e1 sa im asi nehodila. A pritom som mal po Superstar v \u0161oubiznise vybudovan\u00e9 meno a za album som dostal platinov\u00fa plat\u0148u. Do r\u00e1di\u00ed sa v\u0161ak nedostal ani jeden singel z neho! Potom som si dal na tri roky pauzu a urobil \u010fal\u0161\u00ed album Tlakov\u00e1 n\u00ed\u017e so slovensk\u00fdm producentom, s ktor\u00fdm som v\u017edy chcel spolupracova\u0165, ale on ma dovtedy odmietal, lebo som bol pre neho len vykalkulovan\u00fd produkt Superstar.: -)<\/p>\n<p>&nbsp;<\/p>\n<p><strong>Bolo \u0165a\u017ek\u00e9 zbavi\u0165 sa n\u00e1lepky finalistu Superstar?<\/strong><br \/>\nBojujem s t\u00fdm aj dnes. Je ako pe\u010diatka na \u010delo, ktor\u00e1 sa \u0165a\u017eko um\u00fdva. Mnoho \u013eud\u00ed ma m\u00e1 asi naveky za\u0161katu\u013ekovan\u00e9ho ako Superstaristu, preto\u017ee prv\u00fd ro\u010dn\u00edk tejto s\u00fa\u0165a\u017ee bol neskuto\u010dne siln\u00fd. \u017diaden \u00fa\u010dastn\u00edk podobnej \u0161ou si zrejme u\u017e ni\u010d podobn\u00e9 nepre\u017eije. T\u00fdm, \u017ee sme boli prv\u00ed, okolo n\u00e1s vypukol neskuto\u010dn\u00fd o\u0161ia\u013e. Ke\u010f som vy\u0161iel z haly, kde sa v\u0161etko odohr\u00e1valo, nebol som schopn\u00fd norm\u00e1lne fungova\u0165. Nemal som \u017eiadne s\u00fakromie. Nemohol som \u00eds\u0165 do obchodu ani cestova\u0165 autobusom, preto\u017ee \u013eudia ma \u0165ahali za vlasy, chceli sa ma dotkn\u00fa\u0165, fotografova\u0165 sa\u2026Overovali si, \u010di som skuto\u010dn\u00fd a \u017eiv\u00fd. Liezlo mi to vtedy pekne na nervy, chytil som z toho k\u0155\u010d, za\u010dal som sa vyh\u00fdba\u0165 verejnosti a minul som neskuto\u010dn\u00e9 peniaze za tax\u00edky.: -) Nevad\u00ed mi v\u0161ak, \u017ee ma \u013eudia s touto s\u00fa\u0165a\u017eou sp\u00e1jaj\u00fa, preto\u017ee v\u010faka nej m\u00f4\u017eem robi\u0165 to, \u010do som odjak\u017eiva chcel.<\/p>\n<p>&nbsp;<\/p>\n<p><strong>Bola Superstar tvojou \u017eivotnou \u0161ancou?<\/strong><br \/>\nOdmali\u010dka som chcel spieva\u0165 a sna\u017eil som sa pre to nie\u010do robi\u0165. To\u013ekokr\u00e1t mi bolo povedan\u00e9: Nie, nem\u00f4\u017ee\u0161. Nem\u00e1me na to. Nem\u00f4\u017eeme si to dovoli\u0165. Nem\u00e1me peniaze na konzervat\u00f3rium. Vo mne sa v\u0161etko b\u00farilo, c\u00edtil som obrovsk\u00fa krivdu. A t\u00e1to krivda ma hnala k tomu, aby som svetu dok\u00e1zal, \u017ee m\u00f4\u017eem. Nie je predsa moja vina, \u017ee som sa narodil v mali\u010dkej dedinke Tepli\u010dka nad V\u00e1hom a \u017ee nem\u00e1me doma dostatok pe\u0148az\u00ed nielen na jedlo, nieto na \u0161kolu, ktor\u00fa som chcel \u00eds\u0165 \u0161tudova\u0165. Od dvan\u00e1stich som revoltoval, chodil poza \u0161kolu, dostal som \u0161tvorku zo spr\u00e1vania a len kv\u00f4li hudbe. T\u00fd\u017ed\u0148ov\u00e9 vreckov\u00e9 50 slovensk\u00fdch kor\u00fan som si odkladal a minul som ich na hudbu. Cel\u00fd \u017eivot som makal na to, aby som hudbu nielen po\u010d\u00faval, ale aj tvoril, a potom mi Superstar kone\u010dne dala \u0161ancu uk\u00e1za\u0165 to viacer\u00fdm \u013eu\u010fom.<\/p>\n<p>&nbsp;<\/p>\n<p><strong>E\u0161te pred Superstar si \u017eil \u0161tyri roky v Izraeli. Aj tam \u0165a vraj priviedla hudba&#8230;<\/strong><br \/>\nOdi\u0161iel som tam so z\u00e1merom, aby som si zarobil peniaze na vydanie vlastn\u00e9ho albumu. V tom obdob\u00ed som sa to\u010dil v kruhu a nahr\u00e1val som s producentami v \u017diline, ktor\u00ed neboli dost kvalitn\u00ed, ale na lep\u0161\u00edch som nemal dostatok pe\u0148az\u00ed. Rozhodol som sa, \u017ee p\u00f4jdem do prvej krajiny, kde sa mi naskytne mo\u017enos\u0165 privyrobi\u0165 si. Bolo mi jedno, kam p\u00f4jdem. Izrael bol jedna obrovsk\u00e1 n\u00e1hoda, ktor\u00fa mi pon\u00fakla agent\u00fara. Nevedel som o \u0148om ni\u010d. Agent\u00fara n\u00e1s navy\u0161e oklamala. S\u013eubovala n\u00e1m pr\u00e1cu, ale potom ozn\u00e1mila, \u017ee Izrael mesiac pred na\u0161im odchodom zru\u0161il mo\u017enos\u0165 dobrovo\u013en\u00edckej pr\u00e1ce na farm\u00e1ch a nem\u00f4\u017eu n\u00e1m ani vr\u00e1ti\u0165 poplatok za sprostredkovanie. Vraj mus\u00edme na hraniciach klama\u0165 a do krajiny sa dosta\u0165 na\u010dierno. Bolo n\u00e1s desa\u0165 Slov\u00e1kov, ja som bol asi \u00f4smy v porad\u00ed. V\u0161etk\u00fdch predo mnou vzali do v\u00e4zenia na \u010daka\u010dku na lietadlo domov. Ja som bol tak\u00fd vy\u013eakan\u00fd a vystresovan\u00fd, \u017ee som sa oh\u00e1\u0148al ru\u017eencom od starej mamy, ktor\u00e1 mi po\u017ei\u010dala peniaze, aby som mal v\u00f4bec na cestu. V hlave mi dunel hlas, ktor\u00fd hovoril: Miro, nem\u00f4\u017ee\u0161 sa vr\u00e1ti\u0165 domov s hol\u00fdm zadkom. Nebude\u0161 to ma\u0165 starej mame ako splati\u0165. A ani prachy na c\u00e9de\u010dko. Preto som na colnici klamal a tvrdil, \u017ee som veriaci a moj\u00edm jedin\u00fdm \u017eelan\u00edm je nav\u0161t\u00edvi\u0165 Sv\u00e4t\u00fa zem. M\u0148a ako jedin\u00e9ho zo skupiny do krajiny pustili. Na letisku ma v\u0161ak nikto ne\u010dakal, ostal som s\u00e1m, jedin\u00fd Slov\u00e1k. Nevedel som, kam \u00eds\u0165 a \u010do robi\u0165. Napokon som sa dostal na farmu, kde boli krut\u00e9 podmienky. Sp\u00e1val som s ostatn\u00fdmi robotn\u00edkmi v stajni s ko\u0148mi, lebo farm\u00e1r n\u00e1s ukr\u00fdval\u2026Bolo to hrozn\u00e9.: -)<\/p>\n<p>&nbsp;<\/p>\n<p><strong>\u010c\u00edm za\u010dala \u201edruh\u00e1 etapa&#8220; tvojej hudobnej kari\u00e9ry?<\/strong><br \/>\nOtvoril som si vlastn\u00e9 mali\u010dk\u00e9 vydavate\u013estvo a chcel by som sa stara\u0165 s\u00e1m o seba. Koniec koncov som to robil posledn\u00e9 dva roky. Nau\u010dil som sa komunikova\u0165 s m\u00e9diami a tvori\u0165 skladby tak, aby boli pre r\u00e1di\u00e1 prijate\u013en\u00e9. Vydavate\u013estvo sa vol\u00e1 Galgan Music. Slovo \u201egalgan&#8220; poch\u00e1dza zo stredn\u00e9ho slovenska a znamen\u00e1 nie\u010do ako \u201enespratn\u00edk&#8220;. Ten n\u00e1zov m\u00e1m v hlave u\u017e dlho. U\u017e od dvan\u00e1stich rokov som si p\u00edsal pesni\u010dky, nahr\u00e1val na magnetof\u00f3nov\u00e9 p\u00e1sky a robil na ne obaly. A na ka\u017ed\u00fd obal som nap\u00edsal znak pre copyright a za\u0148 pridal ono slov\u00ed\u010dko \u201egalgan&#8220;. Ostalo mi to. (smiech)<\/p>\n<p>&nbsp;<\/p>\n<p><strong>Spomenul si v rozhovore spev\u00e1\u010dku Dominiku Mirgov\u00fa. Ako ste prepojen\u00ed?<\/strong><br \/>\nDominika je prv\u00fd interpret, ktor\u00e9ho som vydal vo svojom vydavate\u013estve. Vyu\u017e\u00edvam svoje znalosti, ktor\u00e9 som osemro\u010dn\u00fdm p\u00f4soben\u00edm v hudobnom biznise nadobudol a sna\u017e\u00edm sa dosta\u0165 Dominiku do povedomia. Zatia\u013e sa n\u00e1m nad o\u010dak\u00e1vania dar\u00ed. Okolo Dominiky bolo dlh\u00fa dobu ticho, preto som nevedel, \u010di sa v r\u00e1di\u00e1ch uchyt\u00ed. Dnes m\u00e1 v\u0161ak na YouTube jej videoklip vy\u0161e mili\u00f3n pozret\u00ed a jej pesni\u010dka bola \u0161tvrtou najhranej\u0161ou skladbou v r\u00e1di\u00e1ch.<\/p>\n<p>&nbsp;<\/p>\n<p><strong>Ako prebiehala spolupr\u00e1ca s Dominikou?<\/strong><br \/>\nNajprv som musel Dominiku \u013eudsky spozna\u0165. Potom som jej nap\u00edsal pesni\u010dku na mieru a vymyslel k nej promo, ktor\u00e9 by nebolo vymyslen\u00e9, ale skuto\u010dn\u00e9. To bolo asi najzlo\u017eitej\u0161ie. Prv\u00e1 skladba Nov\u00e1 vznikla tak, \u017ee mi Dominika porozpr\u00e1vala o tom, ak\u00e1 je sklaman\u00e1 z l\u00e1sky a tr\u00e1pi sa. Nap\u00edsal som pesni\u010dku, v ktorej opisuje svoj s\u00fa\u010dasn\u00fd stav a na konci textu sa z nej st\u00e1va siln\u00e1, nov\u00e1 \u017eena. Pesni\u010dka spo\u010diatku lie\u010dila Dominiku a dnes lie\u010di diev\u010dat\u00e1, ktor\u00e9 Dominike vypisuj\u00fa na webov\u00fa str\u00e1nku, \u017ee tie\u017e chc\u00fa by\u0165 nov\u00e9 a po\u010d\u00favanie tejto skladby m\u00e1 na ne terapeutick\u00e9 \u00fa\u010dinky.<\/p>\n<p>&nbsp;<\/p>\n<p><strong>Ktor\u00e1 tvoja pesni\u010dka bola terapiou pre teba?<\/strong><br \/>\n\u010cierne p\u00edsmen\u00e1 z albumu Tlakov\u00e1 n\u00ed\u017e. Pre\u017e\u00edval som ve\u013emi \u0165a\u017ek\u00e9 obdobie, my\u0161lienky a krivdu som si zapisoval na papier. Ke\u010f sa mi do r\u00fak dostala mel\u00f3dia jedn\u00e9ho izraelsk\u00e9ho autora, k textu som sa vr\u00e1til. Mal som pocit, \u017ee sa k nej v\u0161etok ten sm\u00fatok a em\u00f3cie hodia. Ke\u010f bola pesni\u010dka naspievan\u00e1 a nahrat\u00e1, o\u010distilo ma to. Mal som pocit, \u017ee dan\u00e9 probl\u00e9my u\u017e nepotrebujem viac rie\u0161i\u0165.<\/p>\n<p>&nbsp;<\/p>\n<p><strong>Ak\u00e1 hudba k tebe neodmyslite\u013ene patr\u00ed?<\/strong><br \/>\nOd detstva zbo\u017e\u0148ujem Janet Jackson. Jej album Rhythm Nation ma nikdy neomrz\u00ed, pripom\u00edna mi detstvo a je to prv\u00fd zahrani\u010dn\u00fd album, ktor\u00fd som si ako desa\u0165ro\u010dn\u00fd k\u00fapil. Via\u017ee sa k nemu mnoho spomienok a okrem toho m\u00e1 soci\u00e1lne posolstvo. Zbli\u017euje \u013eud\u00ed a motivuje ich.<\/p>\n<p>&nbsp;<\/p>\n<p><strong>Ani tebe nie je soci\u00e1lna problematika cudzia a objavuje\u0161 sa na akci\u00e1ch pre nedosl\u00fdchav\u00fdch a nepo\u010duj\u00facich\u2026<\/strong><br \/>\nKe\u010f je \u010dlovek verejne zn\u00e1my, je v\u00e4\u010d\u0161ia \u0161anca, \u017ee ho bud\u00fa \u013eudia po\u010d\u00fava\u0165. Nemusia ma\u0165 radi jeho tvorbu, ale ke\u010f sa v nejakom \u010dl\u00e1nku napr\u00edklad objav\u00ed inform\u00e1cia, \u017ee rob\u00ed posunkov\u00fa re\u010d, zaujme ich to. \u013dudia sa \u010dasto sveta sluchovo postihnut\u00fdch str\u00e1nia, boja sa ho, nepoznaj\u00fa ho. Odkedy som za\u010dal posunkova\u0165 v pesni\u010dke Bez siedmeho neba, trochu som do tohto sveta prenikol a odvtedy sa pravidelne objavujem na podujatiach, ktor\u00e9 organizuje komunita sluchovo postihnut\u00fdch. Pod\u013ea m\u0148a je spr\u00e1vne zbli\u017eova\u0165 svet po\u010duj\u00facich so svetom nepo\u010duj\u00facich, preto m\u00e1m aj po\u010das svojich koncertov okienko, kde u\u010d\u00edm publikum posunkov\u00fa re\u010d.<\/p>\n<p>&nbsp;<\/p>\n<p><strong>Aj ty si mal vraj hendikep, ale z in\u00e9ho s\u00fadka.<\/strong><br \/>\nMal som cel\u00fd \u017eivot posunut\u00fa nosn\u00fa prep\u00e1\u017eku, asi kv\u00f4li \u00farazu v destve. D\u00fdchal som len jednou nosnou dierkou, aj to len m\u00e1lo. Kv\u00f4li tomu som mal nosov\u00fd hlas a m\u00f4j spev\u00e1cky prejav nebol tak\u00fd ako mal by\u0165. Lek\u00e1ri ma don\u00fatili \u00eds\u0165 na oper\u00e1ciu. Ke\u010f mi po nej vytiahli tie hnusn\u00e9 tamp\u00f3ny z nosa a prv\u00fdkr\u00e1t som sa zhlboka nad\u00fdchol, mal som pocit, \u017ee mi roztrhne hlavu. Odrazu som v\u0161etko c\u00edtil a bol som z toho mimo. A\u017e vtedy som pochopil, \u017ee som cel\u00fd \u017eivot poriadne ned\u00fdchal a nevn\u00edmal v\u00f4ne. A u\u010dil som sa nanovo spieva\u0165. Dnes spievam celkom inak ako na prvom albume. Sranda, \u017ee s t\u00fdm zablokovan\u00fdm nosom som vlastne pre\u017eil cel\u00fa Superstar.: -)<\/p>\n<p>&nbsp;<\/p>\n<p><strong>\u010co \u0165a svet hendikepovan\u00fdch nau\u010dil?<\/strong><br \/>\nPri\u0161iel som na to, \u017ee si v\u00f4bec nev\u00e1\u017eime to, \u017ee m\u00f4\u017eeme vidie\u0165 alebo \u017ee m\u00e1me okolo seba \u010dloveka, ktor\u00fd n\u00e1s miluje a podobne. Berieme to ako samozrejmos\u0165 a ke\u010f o to neraz vlastnou vinou pr\u00eddeme, je neskoro. Ni\u010d nie je v \u017eivote samozrejm\u00e9.<\/p>\n","protected":false},"excerpt":{"rendered":"<p>Kv\u00f4li hudbe sp\u00e1val v konskej stajni a prestal chodi\u0165 autobusmi. Hoci sa st\u00e1le nevie celkom zbavi\u0165 n\u00e1lepky finalistu zo Superstar, tento rok vydal v\u00fdberovku svojich hitov a realizuje sa vo vlastnom hudobnom vydavate\u013estve. &nbsp; M\u00e9diami pred \u010dasom prebehla inform\u00e1cia, \u017ee vraj kon\u010d\u00ed\u0161 s hudbou?! To bola dezinform\u00e1cia, nie je to pravda. Kon\u010d\u00edm len s vyd\u00e1van\u00edm [&hellip;]<\/p>\n","protected":false},"author":7,"featured_media":1982,"comment_status":"open","ping_status":"open","sticky":false,"template":"","format":"standard","meta":{"footnotes":""},"categories":[48],"tags":[],"class_list":["post-1981","post","type-post","status-publish","format-standard","has-post-thumbnail","hentry","category-umenie-a-kultura","eq-blocks"],"_links":{"self":[{"href":"https:\/\/www.slovaklinesmagazin.sk\/cms\/wp-json\/wp\/v2\/posts\/1981","targetHints":{"allow":["GET"]}}],"collection":[{"href":"https:\/\/www.slovaklinesmagazin.sk\/cms\/wp-json\/wp\/v2\/posts"}],"about":[{"href":"https:\/\/www.slovaklinesmagazin.sk\/cms\/wp-json\/wp\/v2\/types\/post"}],"author":[{"embeddable":true,"href":"https:\/\/www.slovaklinesmagazin.sk\/cms\/wp-json\/wp\/v2\/users\/7"}],"replies":[{"embeddable":true,"href":"https:\/\/www.slovaklinesmagazin.sk\/cms\/wp-json\/wp\/v2\/comments?post=1981"}],"version-history":[{"count":5,"href":"https:\/\/www.slovaklinesmagazin.sk\/cms\/wp-json\/wp\/v2\/posts\/1981\/revisions"}],"predecessor-version":[{"id":1992,"href":"https:\/\/www.slovaklinesmagazin.sk\/cms\/wp-json\/wp\/v2\/posts\/1981\/revisions\/1992"}],"wp:featuredmedia":[{"embeddable":true,"href":"https:\/\/www.slovaklinesmagazin.sk\/cms\/wp-json\/wp\/v2\/media\/1982"}],"wp:attachment":[{"href":"https:\/\/www.slovaklinesmagazin.sk\/cms\/wp-json\/wp\/v2\/media?parent=1981"}],"wp:term":[{"taxonomy":"category","embeddable":true,"href":"https:\/\/www.slovaklinesmagazin.sk\/cms\/wp-json\/wp\/v2\/categories?post=1981"},{"taxonomy":"post_tag","embeddable":true,"href":"https:\/\/www.slovaklinesmagazin.sk\/cms\/wp-json\/wp\/v2\/tags?post=1981"}],"curies":[{"name":"wp","href":"https:\/\/api.w.org\/{rel}","templated":true}]}}