{"id":2060,"date":"2013-10-04T19:41:54","date_gmt":"2013-10-04T17:41:54","guid":{"rendered":"http:\/\/slovaklinesmagazin.sk\/cms\/?p=2060"},"modified":"2013-10-04T19:41:54","modified_gmt":"2013-10-04T17:41:54","slug":"peter-bic-project","status":"publish","type":"post","link":"https:\/\/www.slovaklinesmagazin.sk\/cms\/2013\/10\/peter-bic-project\/","title":{"rendered":"Peter Bi\u010d Project"},"content":{"rendered":"<p><span style=\"font-size: 13px;\">Ich singel Hey Now kra\u013euje posledn\u00e9 mesiace nielen slovensk\u00fdm r\u00e1di\u00e1m. Dobyl eur\u00f3pske hitpar\u00e1dy a poznaj\u00fa ho aj v Amerike.<\/span><\/p>\n<p>Mo\u017eno vas prekvap\u00ed, \u017ee hit, ktor\u00fd si dozaista pospevujete i vy, nie je \u010fal\u0161\u00edm vyfabrikovan\u00fdm hudobn\u00fdm produktom spoza ve\u013ekej ml\u00e1ky. M\u00e1 ho na rov\u00e1\u0161i partia sympatick\u00fdch Slov\u00e1kov z v\u00fdchodu, ktor\u00e1 sa naz\u00fdva Peter Bi\u010d Project. Form\u00e1cia pozost\u00e1vaj\u00faca zo \u0161iestich hudobn\u00edkov p\u00f4vodne vznikla pred troma rokmi ako projekt pri nahr\u00e1van\u00ed debutov\u00e9ho albumu jedn\u00e9ho z najlep\u0161\u00edch slovensk\u00fdch gitaristov, Petra Bi\u010da. Po vy\u0161e desa\u0165ro\u010dnom hran\u00ed pre \u201ein\u00fdch&#8220;, napr\u00edklad pre I.M.T Smile \u010di Janu Kirschner, Peter Bi\u010d zistil, \u017ee sa mu nazbieralo dostato\u010dn\u00e9 mno\u017estvo vlastn\u00fdch autorsk\u00fdch skladieb a aj okolie ho podporovalo v tom, aby ich kone\u010dne vydal v podobe vlastn\u00e9ho albumu. Spev\u00e1k a v\u00ed\u0165az s\u00fa\u0165a\u017ee Coca Cola Popstar 2006 Ivo Bi\u010d, spev\u00e1\u010dka D\u00e1\u0161ka Kostov\u010d\u00edk, buben\u00edk Jozef Zima, kl\u00e1ves\u00e1k Mat\u00fa\u0161 Pavl\u00edk a basgitarista Vlado \u010cekan s n\u00edm nielen nahrali album, rozhodli sa spolu zosta\u0165 ako kapela Peter Bi\u010d Project. Od svojho zrodu \u017en\u00fa hudobn\u00edci z v\u00fdchodn\u00e9ho Slovenska jeden \u00faspech za druh\u00fdm. Pred dvoma rokmi piese\u0148 D\u00e1\u017e\u010f z Petrovho debutov\u00e9ho albumu kapelu na autorskej s\u00fa\u0165a\u017ei Eurovision Song Contest 2010 posunula a\u017e do semifin\u00e1le. Vlani si Peter Bi\u010d Project vybrala za svojich predskokanov \u0161v\u00e9dska legenda Roxette a tento rok bud\u00fa uv\u00e1dza\u0165 ako predkapela koncert Kosheen na Open Air Music City v Ko\u0161iciach. Pesni\u010dke Hey Now sa podarilo obsadi\u0165 tretie miesto v d\u00e1nskej hitpar\u00e1de a ako jedin\u00e1 v r\u00e1mci Slovenska a \u010ciech sa dostala medzi sto najhranej\u0161\u00edch eur\u00f3pskych skladieb. Napriek raketov\u00e9mu \u00faspechu s\u00fa v\u0161ak \u010dlenovia kapely prudko \u201enorm\u00e1lni&#8220; a robi\u0165 s nimi rozhovor bolo pre n\u00e1s skuto\u010dn\u00fdm pote\u0161en\u00edm.<\/p>\n<p>&nbsp;<\/p>\n<p><strong>Pre\u010do Peter Bi\u010d Project? Ke\u010f ste sa dali dokopy ako kapela, neprem\u00fd\u0161\u013eali ste nad in\u00fdm n\u00e1zvom?<\/strong><\/p>\n<p><strong>Peter Bi\u010d:<\/strong> <em>Rozhodnutie hra\u0165 spolu a \u0161\u00edri\u0165 pesni\u010dky, ktor\u00e9 sme vtedy pred troma rokmi nahrali na m\u00f4j s\u00f3lov\u00fd album, bolo spont\u00e1nne. Hoci sme trochu prem\u00fd\u0161\u013eali nad n\u00e1zvom n\u00e1\u0161ho nov\u00e9ho \u201ezoskupenia&#8220;, ni\u010d konkr\u00e9tne alebo trefn\u00e9 n\u00e1s nenapadalo. S v\u00fdnimkou \u0161kared\u00fdch slov. (smiech) A ke\u010f\u017ee kapela p\u00f4vodne vznikla kv\u00f4li projektu m\u00f4jho s\u00f3lov\u00e9ho albumu, ponechali sme jej n\u00e1zov Peter Bi\u010d Project.<\/em><br \/>\n<strong>Ivo Bi\u010d:<\/strong> <em>Meno Peter Bi\u010d v hudobnej brand\u017ei na Slovensku navy\u0161e u\u017e nie\u010do znamen\u00e1. Je to dobr\u00e1 n\u00e1lepka, ktor\u00e1 mo\u017eno pootv\u00e1ra viac dver\u00ed. Samozrejme, okrem toho, \u017ee sme talentovan\u00ed, skvel\u00ed a\u2026<\/em><br \/>\n<em><strong>Peter Bi\u010d:<\/strong> \u2026mlad\u00ed\u2026<\/em><br \/>\n<strong>Ivo Bi\u010d:<\/strong><em>\u2026v\u0161etci sme mlad\u00ed, m\u00e1me do 45 rokov. Vol\u00e1me sa Peter Bi\u010d Project, ale v z\u00e1sade vol\u00edme demokratick\u00fd pr\u00edstup. Tak\u017ee to, \u010do Pe\u0165o povie, to plat\u00ed. (smiech)<\/em><\/p>\n<p>&nbsp;<\/p>\n<p><strong>Pe\u0165o, vraj si hudobn\u00edkov do kapely h\u013eadal dlho&#8230;<\/strong><\/p>\n<p><strong>Peter Bi\u010d:<\/strong> <em>Ke\u010f som ju zakladal, bolo pre m\u0148a d\u00f4le\u017eit\u00e9 nielen to, aby boli jej \u010dlenovia hudobne zdatn\u00ed, ale aj to, aby boli po \u013eudskej str\u00e1nke v pohode. Nie je jednoduch\u00e9 vyjs\u0165 so \u0161iestimi \u010di s \u00f4smimi \u013eu\u010fmi naraz. Najm\u00e4 ke\u010f s\u00fa to muzikanti, ktor\u00ed s\u00fa v\u00e4\u010d\u0161inou egomaniaci.: -) Chcel som, aby na\u0161a kapela fungovala na b\u00e1ze kamar\u00e1tstva a mysl\u00edm, \u017ee sa n\u00e1m to podarilo. Padli sme si do rany, rozumieme si hudobne aj \u013eudsky a mysl\u00edm, \u017ee to vidno aj na na\u0161ej hudbe. Pre n\u00e1s je d\u00f4le\u017eit\u00e9 sa zab\u00e1va\u0165, zab\u00e1va\u0165 \u013eud\u00ed aj sam\u00fdch seba. Radi rob\u00edme f\u00f3ry a smejeme sa na p\u00f3diu.<\/em><\/p>\n<p>&nbsp;<\/p>\n<p><strong>D\u00e1\u0161ka, Pe\u0165o \u0165a vraj pre kapelu objavil ako skryt\u00fd spev\u00e1cky talent. \u010co je na tom pravdy?<\/strong><\/p>\n<p><strong>D\u00e1\u0161ka Kostov\u010d\u00edk:<\/strong><em> Som oby\u010dajn\u00e9 diev\u010da z Michaloviec, ktor\u00e9 rado spievalo. Moje okolie mi s\u00edce hovorilo, \u017ee sa im p\u00e1\u010di, ako spievam, ale ja sama som nemala dostatok sebavedomia na to, aby som sa prihl\u00e1sila do spev\u00e1ckej s\u00fa\u0165a\u017ee. Myslela som si, \u017ee na to nem\u00e1m. Ani som neprich\u00e1dzala do kontaktu so \u017eiadnymi hudobn\u00edkmi. Nikdy predt\u00fdm som na verejnosti nespievala, len u n\u00e1s v kostole. A potom ma oslovil Pe\u0165o, \u010di by som nenaspievala predlohu k piesni D\u00e1\u017e\u010f pre in\u00fa, zn\u00e1mu spev\u00e1\u010dku\u2026<\/em><br \/>\n<strong>Peter Bi\u010d:<\/strong><em> \u2026D\u00e1\u0161ku mi odporu\u010dil zvuk\u00e1r, s ktor\u00fdm som album nahr\u00e1val. Vravel, \u017ee jeho priate\u013eka je spev\u00e1\u010dka a \u017ee mi t\u00fa predlohu naspieva. D\u00e1\u0161ka pri\u0161la do \u0161t\u00fadia, postavila sa pred mikrof\u00f3n, zaspievala a v tom momente bola piese\u0148 nahrat\u00e1. Vyhl\u00e1sil som, \u017ee ju nechcem da\u0165 \u017eiadnej inej spev\u00e1\u010dke, mus\u00ed ju spieva\u0165 len ona.<\/em><\/p>\n<p>&nbsp;<\/p>\n<p><strong>A \u010do bude s pr\u00e1vom, ktor\u00e9 si vy\u0161tudovala?<\/strong><\/p>\n<p><strong>D\u00e1\u0161ka Kostov\u010d\u00edk:<\/strong> <em>Situ\u00e1cia v tejto oblasti je ve\u013emi \u0165a\u017ek\u00e1. Neviem, \u010di sa budem niekedy pr\u00e1vu venova\u0165 profesion\u00e1lne, aj ke\u010f to neradi po\u010duj\u00fa moji rodi\u010dia. Najd\u00f4le\u017eitej\u0161ie v \u017eivote ka\u017ed\u00e9ho \u010dloveka je to, aby sa venoval tomu, \u010do ho naozaj bav\u00ed. A m\u0148a bav\u00ed viac hudba ne\u017e pr\u00e1vo, tak\u017ee by som sa venovala rad\u0161ej jej. Uvid\u00edm, \u010do mi \u017eivot prinesie.<\/em><\/p>\n<p>&nbsp;<\/p>\n<p><strong>A<\/strong><strong>ko sa podarilo piesni Hey Now dosta\u0165 do zahrani\u010dn\u00fdch hitpar\u00e1d a sta\u0165 sa megahitom?<\/strong><\/p>\n<p><strong>Peter Bi\u010d:<\/strong> <em>Celkom ne\u010dakane. Minul\u00fd rok sme nahrali \u0161tyri skladby na pl\u00e1novan\u00fd nov\u00fd album. K Hey Now, ktor\u00e1 je jednou z nich, sme nato\u010dili videoklip so zn\u00e1mym producentom Martinom Hud\u00e1kom a zavesili ho na str\u00e1nku YouTube. Odrazu sa n\u00e1m s\u00e1m od seba ozval americk\u00fd publicista Charlie Amter, \u017ee si video v\u0161imol, pesni\u010dka sa mu zap\u00e1\u010dila a chcel by o n\u00e1s nap\u00edsa\u0165 na svojom hudobnom blogu. Domnievame sa, \u017ee pr\u00e1ve on to cel\u00e9 od\u0161tartoval, preto\u017ee sa n\u00e1m za\u010dali oz\u00fdva\u0165 hudobn\u00ed novin\u00e1ri z Nemecka \u010di D\u00e1nska. P\u00edsali n\u00e1m, \u017ee na\u0161u pesni\u010dku nasadili ako hor\u00facu novinku do hitpar\u00e1d a r\u00e1di\u00ed.<\/em><\/p>\n<p>&nbsp;<\/p>\n<p><strong>Ak\u00e9 boli reakcie doma? Stav\u00edm sa, \u017ee po prvom vypo\u010dut\u00ed mnoh\u00ed netu\u0161ili, \u017ee pesni\u010dka poch\u00e1dza zo Slovenska&#8230;<\/strong><\/p>\n<p><strong>Peter Bi\u010d:<\/strong><em> P\u00edsali n\u00e1m posluch\u00e1\u010di, \u017ee si mysleli, \u017ee je to zahrani\u010dn\u00e1 vec. Prekvapilo ich, \u017ee je slovensk\u00e9ho p\u00f4vodu a boli na to hrd\u00ed.<\/em><\/p>\n<p>&nbsp;<\/p>\n<p><strong>Ve\u013ea urobila aj angli\u010dtina, ktor\u00e1 z \u00fast Iva a D\u00e1\u0161ky neznie typicky \u201eslovensky&#8220;. Ak\u00e9 m\u00e1te sk\u00fasenosti s t\u00fdmto jazykom?<\/strong><\/p>\n<p><strong>Ivo Bi\u010d:<\/strong><em> Vysvet\u013eujem si to tak, \u017ee ke\u010f m\u00e1 \u010dlovek hudobn\u00fd sluch, pri nadmernom po\u010d\u00favan\u00ed angli\u010dtiny v pesni\u010dk\u00e1ch sa to na neho nalep\u00ed. Okrem toho som e\u0161te ako t\u00edned\u017eer str\u00e1vil rok v Amerike a tam som pochytil pr\u00edzvuk. <\/em><br \/>\n<strong>D\u00e1\u0161ka Kostov\u010d\u00edk:<\/strong><em> Ja som v anglicky hovoriacej krajine nikdy nebola, ale od desiatich rokov som sa u\u010dila naspam\u00e4\u0165 texty, sama som si prekladala pesni\u010dky z odposluchu a podobne. Aj na strednej \u0161kole sa mi v angli\u010dtine darilo.<\/em><\/p>\n<p>&nbsp;<\/p>\n<p><strong>Pl\u00e1nujete viac skladieb v angli\u010dtine?<\/strong><\/p>\n<p><strong>Peter Bi\u010d:<\/strong><em> Sami nevieme, akou cestou sa budeme ubera\u0165. Prv\u00fdkr\u00e1t tvor\u00edme pesni\u010dky v\u0161etci spolo\u010dne, nahrali sme p\u00e4\u0165-\u0161es\u0165 vec\u00ed a zhruba p\u00e4tn\u00e1s\u0165 m\u00e1me rozpracovan\u00fdch. Zd\u00e1 sa, \u017ee ka\u017ed\u00e1 skladba je celkom in\u00e1. Nie v\u0161etky bud\u00fa tane\u010dn\u00e9 a v \u0161t\u00fdle Hey Now. \u00c1no, chceli by sme ich tvori\u0165 najm\u00e4 v angli\u010dtine, lebo sa n\u00e1m to overilo a posluch\u00e1\u010di na angli\u010dtinu dobre reaguj\u00fa. Okrem toho aj pre na\u0161ich spev\u00e1kov je spievanie a tvorenie textov v angli\u010dtine prirodzen\u00e9. Nem\u00e1 preto zmysel sna\u017ei\u0165 sa dodato\u010dne prer\u00e1ba\u0165 texty do sloven\u010diny. Bolo by to kontraprodukt\u00edvne, chceme sa vyvarova\u0165 neprirodzen\u00fdch krokov. <\/em><br \/>\n<strong>D\u00e1\u0161ka Kostov\u010d\u00edk:<\/strong><em> Nie je to t\u00fdm, \u017ee by sme nemali radi slovensk\u00fa hudbu, alebo \u017ee by sme ju nepo\u010d\u00favali. V angli\u010dtine sa, skr\u00e1tka, c\u00edtime lep\u0161ie.<\/em><\/p>\n<p>&nbsp;<\/p>\n<p><strong>Okrem angli\u010dtiny pesni\u010dka Hey Now chyt\u00ed za srdce aj t\u00fdm, o \u010dom sa v nej spieva. Znie to tak\u2026uverite\u013ene a autenticky. A trochu smutne.<\/strong><\/p>\n<p><strong>D\u00e1\u0161ka Kostov\u010d\u00edk:<\/strong><em> Skladba vznikla spont\u00e1nne vlani v lete, kedy sa v sk\u00fa\u0161obni stretla cel\u00e1 kapela. Chlapci pri\u0161li s hlavn\u00fdm mot\u00edvom pesni\u010dky, ka\u017ed\u00fd do toho pridal to \u201esvoje&#8220; a po\u010das hrania som za\u010dala do nej spont\u00e1nne vym\u00fd\u0161\u013ea\u0165 slov\u00e1. Spievala som o nie\u010dom, \u010do som v tom obdob\u00ed pre\u017e\u00edvala. Prakticky som sa z toho vyp\u00edsala a vyspievala. Preto je v nej aj n\u00e1dych ak\u00e9hosi sm\u00fatku. Som rada, \u017ee to c\u00edti\u0165, preto\u017ee ka\u017ed\u00e1 piese\u0148 by mala v sebe nies\u0165 ur\u010dit\u00fd odkaz.<\/em><\/p>\n<p>&nbsp;<\/p>\n<p><strong>Ako sa c\u00edtia predskokani Kosheen a Roxette a autori medzin\u00e1rodn\u00e9ho hitu na koncertnom p\u00f3diu?<\/strong><\/p>\n<p><strong>D\u00e1\u0161ka Kostov\u010d\u00edk:<\/strong><em> Ja sa u\u017e c\u00edtim ve\u013emi prirodzene. Na\u0161la som sa v tom. E\u0161te m\u00e1m st\u00e1le \u010do doh\u00e1\u0148a\u0165, ke\u010f ide o sebavedomie, ale m\u00e1m pocit, \u017ee ke\u010f stoj\u00edm na p\u00f3diu s kapelou, som na spr\u00e1vnom mieste. <\/em><br \/>\n<strong>Ivo Bi\u010d:<\/strong><em> Na p\u00f3diu sa \u010dlovek c\u00edti dobre. Ale predt\u00fdm v\u017edy chce, aspo\u0148 ke\u010f ide o m\u0148a, sp\u00e1cha\u0165 minim\u00e1lne samovra\u017edu. Alebo sa zamestna\u0165 v pr\u00e1vnickej kancel\u00e1rii. Vrav\u00ed si: Pre\u010do som sa len neu\u010dil lep\u0161ie p\u00edsa\u0165 vo Worde alebo robi\u0165 tabu\u013eky v Exceli. Mohol som v kancel\u00e1rii zaklada\u0165 \u0161an\u00f3ny a ve\u010der by\u0165 doma v pokoji pred telkou, ma\u0165 otvoren\u00e9 pivo a popritom hladi\u0165 \u017eenu a syna. Ale po ka\u017edom odohratom koncerte si upevn\u00edm presved\u010denie: Urobil som dobre, \u017ee som sa na ten Excel vyka\u0161\u013eal\u2026<\/em><br \/>\n<strong>Peter Bi\u010d:<\/strong><em> A rad\u0161ej excelujem na p\u00f3diu&#8230;<\/em><br \/>\n<strong>Ivo Bi\u010d:<\/strong> <em>Ide o to, \u017ee ka\u017ed\u00fd koncert je \u201eprv\u00fd&#8220;, aj ke\u010f sa \u010dlovek postav\u00ed na p\u00f3dium po st\u00fdkr\u00e1t. Mus\u00ed prekon\u00e1va\u0165 s\u00e1m seba, tr\u00e9mu a strach, \u010di zvl\u00e1dne st\u00e1\u0165 pred to\u013ek\u00fdmi \u013eu\u010fmi a dopria\u0165 im o\u010dak\u00e1van\u00fd hudobn\u00fd z\u00e1\u017eitok. Zvl\u00e1da\u0165 tak\u00fato tr\u00e9mu sa ned\u00e1 nau\u010di\u0165. Ale to je na tom celom mo\u017eno aj pekn\u00e9.<\/em><\/p>\n<p>&nbsp;<\/p>\n<p><strong>\u010co pre v\u00e1s znamen\u00e1 hudba?<\/strong><\/p>\n<p><strong>Peter Bi\u010d:<\/strong><em> Hudbu vn\u00edmam ako nie\u010do, \u010do by malo robi\u0165 \u013eu\u010fom rados\u0165 a z\u00e1rove\u0148 robi\u0165 rados\u0165 aj mne. Ak m\u00f4\u017eem robi\u0165 hudbu, ktor\u00e1 ma uspokojuje, som \u0161\u0165astn\u00fd. <\/em><br \/>\n<strong>D\u00e1\u0161ka Kostov\u010d\u00edk:<\/strong><em> K\u00fdm som sa nestala s\u00fa\u010das\u0165ou kapely, vn\u00edmala som hudbu ako ka\u017ed\u00fd be\u017en\u00fd posluch\u00e1\u010d. Po\u010d\u00favala som ju doma, spievala som si pre seba a bol to sprievodn\u00fd jav m\u00f4jho \u017eivota. Ale odkedy s chalanmi spievam, za\u010dala som sa na \u0148u d\u00edva\u0165 inak. Chlapci mi uk\u00e1zali, \u017ee aj ja ju m\u00f4\u017eem tvori\u0165 a pri\u010dini\u0165 sa o to, \u017ee skladba vznikne a je ak\u00e1 je. Moment\u00e1lne je hudba jedn\u00fdm zo zmyslov m\u00f4jho \u017eivota. <\/em><br \/>\n<strong>Ivo Bi\u010d: <\/strong><em>Hudba je siln\u00e1 vec a ned\u00e1 sa jej vyhn\u00fa\u0165. Je to najroz\u0161\u00edrenej\u0161ie umeleck\u00e9 m\u00e9dium na svete. Nie ka\u017ed\u00fd m\u00e1 doma to\u013eko obrazov a in\u00fdch umeleck\u00fdch predmetov, ako m\u00e1 hudby a pesni\u010diek. A hudba je v\u0161ade, u pr\u00e1vnikov, traktoristov, aj u pek\u00e1rky \u010di politikov. Rob\u00ed im dobre.<\/em><\/p>\n<p>&nbsp;<\/p>\n<p><strong>Ak\u00e9 s\u00fa va\u0161e najbli\u017e\u0161ie pl\u00e1ny, chyst\u00e1te sa koncertova\u0165 aj v cudzine?<\/strong><\/p>\n<p><em id=\"__mceDel\"><strong> Peter Bi\u010d:<\/strong><em> Sna\u017e\u00edme sa nahr\u00e1va\u0165 nov\u00e9 pesni\u010dky na album, chyst\u00e1me sa to\u010di\u0165 videoklip k singlu, ktor\u00fd vyjde na jese\u0148. Aj album by sa mal zrodi\u0165 na jese\u0148. \u010cak\u00e1 n\u00e1s ve\u013ea vyst\u00fapen\u00ed na letn\u00fdch festivaloch a koncerty. Amb\u00edcie \u010do sa t\u00fdka koncertovania v zahrani\u010d\u00ed, m\u00e1me vysok\u00e9, \u010drtaj\u00fa sa vyst\u00fapenia na festivaloch v Rak\u00fasku a v Nemecku. Podnik\u00e1me prv\u00e9 kroky, ale nevieme, \u010do bude.<\/em><\/em><\/p>\n","protected":false},"excerpt":{"rendered":"<p>Ich singel Hey Now kra\u013euje posledn\u00e9 mesiace nielen slovensk\u00fdm r\u00e1di\u00e1m. Dobyl eur\u00f3pske hitpar\u00e1dy a poznaj\u00fa ho aj v Amerike. Mo\u017eno vas prekvap\u00ed, \u017ee hit, ktor\u00fd si dozaista pospevujete i vy, nie je \u010fal\u0161\u00edm vyfabrikovan\u00fdm hudobn\u00fdm produktom spoza ve\u013ekej ml\u00e1ky. M\u00e1 ho na rov\u00e1\u0161i partia sympatick\u00fdch Slov\u00e1kov z v\u00fdchodu, ktor\u00e1 sa naz\u00fdva Peter Bi\u010d Project. Form\u00e1cia [&hellip;]<\/p>\n","protected":false},"author":7,"featured_media":2061,"comment_status":"open","ping_status":"open","sticky":false,"template":"","format":"standard","meta":{"footnotes":""},"categories":[48],"tags":[],"class_list":["post-2060","post","type-post","status-publish","format-standard","has-post-thumbnail","hentry","category-umenie-a-kultura","eq-blocks"],"_links":{"self":[{"href":"https:\/\/www.slovaklinesmagazin.sk\/cms\/wp-json\/wp\/v2\/posts\/2060","targetHints":{"allow":["GET"]}}],"collection":[{"href":"https:\/\/www.slovaklinesmagazin.sk\/cms\/wp-json\/wp\/v2\/posts"}],"about":[{"href":"https:\/\/www.slovaklinesmagazin.sk\/cms\/wp-json\/wp\/v2\/types\/post"}],"author":[{"embeddable":true,"href":"https:\/\/www.slovaklinesmagazin.sk\/cms\/wp-json\/wp\/v2\/users\/7"}],"replies":[{"embeddable":true,"href":"https:\/\/www.slovaklinesmagazin.sk\/cms\/wp-json\/wp\/v2\/comments?post=2060"}],"version-history":[{"count":1,"href":"https:\/\/www.slovaklinesmagazin.sk\/cms\/wp-json\/wp\/v2\/posts\/2060\/revisions"}],"predecessor-version":[{"id":2063,"href":"https:\/\/www.slovaklinesmagazin.sk\/cms\/wp-json\/wp\/v2\/posts\/2060\/revisions\/2063"}],"wp:featuredmedia":[{"embeddable":true,"href":"https:\/\/www.slovaklinesmagazin.sk\/cms\/wp-json\/wp\/v2\/media\/2061"}],"wp:attachment":[{"href":"https:\/\/www.slovaklinesmagazin.sk\/cms\/wp-json\/wp\/v2\/media?parent=2060"}],"wp:term":[{"taxonomy":"category","embeddable":true,"href":"https:\/\/www.slovaklinesmagazin.sk\/cms\/wp-json\/wp\/v2\/categories?post=2060"},{"taxonomy":"post_tag","embeddable":true,"href":"https:\/\/www.slovaklinesmagazin.sk\/cms\/wp-json\/wp\/v2\/tags?post=2060"}],"curies":[{"name":"wp","href":"https:\/\/api.w.org\/{rel}","templated":true}]}}