{"id":2149,"date":"2013-10-09T18:44:15","date_gmt":"2013-10-09T16:44:15","guid":{"rendered":"http:\/\/slovaklinesmagazin.sk\/cms\/?p=2149"},"modified":"2013-10-14T14:03:27","modified_gmt":"2013-10-14T12:03:27","slug":"2149","status":"publish","type":"post","link":"https:\/\/www.slovaklinesmagazin.sk\/cms\/2013\/10\/2149\/","title":{"rendered":"Zuzana Maur\u00e9ry"},"content":{"rendered":"<p>Chcela by som by\u0165 cestovate\u013esk\u00fd typ! Tvrd\u00ed jedna z na\u0161ich najob\u013e\u00fabenej\u0161\u00edch here\u010diek, Zuzana Maur\u00e9ry, ktor\u00fa pozn\u00e1te zo seri\u00e1lu Ods\u00faden\u00e9, Zlomok sekundy \u010di Panel\u00e1k.<\/p>\n<p>&nbsp;<\/p>\n<p><strong>V lete m\u00e1vaj\u00fa herci pr\u00e1zdniny. Str\u00e1vili ste ich \u0161tandardne ako v\u00e4\u010d\u0161ina Slov\u00e1kov? Slnko, more, pl\u00e1\u017e?<\/strong><\/p>\n<p><em>Pravdupovediac m\u00e1m probl\u00e9m so \u0161ialen\u00fdmi letn\u00fdmi teplotami. Preto som si navykla chodi\u0165 k moru za\u010diatkom j\u00fana, kedy sa e\u0161te d\u00e1 opa\u013eova\u0165 bez toho, aby t\u00fdm \u010dlovek ve\u013emi trpel. Zvy\u0161ok leta mi potom aspo\u0148 netr\u010dia z oble\u010denia biele ruky a nohy, lebo veru nie som ani jazerov\u00fd ani k\u00fapaliskov\u00fd typ. Po dvadsiatich piatich rokoch som bola zasa s rodi\u010dmi na dovolenke a bolo to ve\u013emi fajn.<\/em><\/p>\n<p>&nbsp;<\/p>\n<p><strong>Patr\u00edte medzi akt\u00edvnych dovolenk\u00e1rov alebo ste sk\u00f4r typ, ktor\u00fd len nehybne le\u017e\u00ed na slnku, pr\u00edpadne pod slne\u010dn\u00edkom?<\/strong><\/p>\n<p><em>\u010co sa t\u00fdka \u201eak\u010dnosti na pl\u00e1\u017ei&#8220;, pokojne d\u00e1m leh\u00e1ro s nejak\u00fdm ob\u010dasn\u00fdm windsurfingom, ale nebr\u00e1nim sa ani spozn\u00e1vaniu ter\u00e9nu, pamiatok a podobne. Hlavne \u017eiaden stres! \ud83d\ude42<\/em><\/p>\n<p>&nbsp;<\/p>\n<p><strong>Vraj v\u00e1s v lete zamestn\u00e1vala aj chalupa&#8230;<\/strong><\/p>\n<p><em>Ani neviem ako, stala sa zo m\u0148a chalup\u00e1rka. Trocha som rekon\u0161truovala chalupu a zoznamovala sa s chodom tak\u00fdch zariaden\u00ed ako je \u017eumpa, pec, f\u00farik, rozli\u010dn\u00e9 natierania, podrez\u00e1vania krov\u00edn a tak. Skr\u00e1tka \u201eromantika&#8220;. Mala som v\u0161ak \u0161\u0165astie na ve\u013emi \u0161ikovn\u00fdch majstrov a m\u00e1m ve\u013emi mil\u00fdch susedov, ktor\u00fdch som do pr\u00e1c zapojila. Je to pre m\u0148a trochu nov\u00fd svet, z ktor\u00e9ho sa te\u0161\u00edm.<\/em><\/p>\n<p>&nbsp;<\/p>\n<p><strong>E\u0161te by som sa vr\u00e1tila k cestovaniu. Ste cestovate\u013esk\u00fd typ?<\/strong><\/p>\n<p><em>Stra\u0161ne rada by som n\u00edm bola! Len t\u00e1 moja \u010dasov\u00e1 logistika nejako nevych\u00e1dza. Ke\u010f sa nie\u010do nedajbo\u017ee nat\u00e1\u010da, neberie sa oh\u013ead na nejak\u00e9 pr\u00e1zdniny. A druh\u00e1 zapeklit\u00e1 vec je t\u00e1, \u017ee v\u00e4\u010d\u0161ina kamar\u00e1tov v mojom okol\u00ed je u\u017e \u201eporodinkovan\u00e1&#8220;. A tak \u013eahko sa z man\u017eelsk\u00fdch \u010di rodi\u010dovsk\u00fdch povinnost\u00ed neuvo\u013enia. Zast\u00e1vam toti\u017e n\u00e1zor, \u017ee d\u00f4le\u017eitej\u0161ie ne\u017e to, kam \u010dlovek ide, je to, s k\u00fdm ide.<\/em><\/p>\n<p>&nbsp;<\/p>\n<p><strong>Ak\u00e1 destin\u00e1cia je va\u0161ou srdcovkou?<\/strong><\/p>\n<p><em>Zatia\u013e sa mi najviac p\u00e1\u010dilo na Bali. \u013dudia, pr\u00edroda, atmosf\u00e9ra, jedlo\u2026V\u0161etko bolo super! S nostalgiou spom\u00ednam na mesa\u010dn\u00e9 \u201esoc\u00edkov\u00e9&#8220; dovolenky v Bulharsku pod stanom, desa\u0165 metrov od mora.<\/em><\/p>\n<p>&nbsp;<\/p>\n<p><strong>M\u00e1te cestovate\u013esk\u00fd sen?<\/strong><\/p>\n<p><em>Raz by som rada dala treb\u00e1rs ten \u201eBub\u00e1cky&#8220; okruh ju\u017enou Amerikou. To by bylo n\u011bco!<\/em><\/p>\n<p>&nbsp;<\/p>\n<p><strong>S cestovan\u00edm autobusmi m\u00e1te bohat\u00e9 sk\u00fasenosti, najm\u00e4 po\u010das obdobia, kedy ste p\u00f4sobili v Rado\u0161\u00ednskom naivnom divadle. Spomeniete si v tejto s\u00favislosti na nejak\u00e9 nezabudnute\u013en\u00e9 pr\u00edhody?<\/strong><\/p>\n<p><em>S Rado\u0161\u00ednskym naivn\u00fdm divadlom som str\u00e1vila kr\u00e1snych takmer desa\u0165 rokov. Ale \u201evesel\u00e9 pr\u00edhody z nat\u00e1\u010dania&#8220; po mne nechcite. Ja ani vtip neviem porozpr\u00e1va\u0165 bez toho, aby som nepoplietla pointu. Boli to ka\u017edop\u00e1dne fajn roky, kde som sa ve\u013ea nau\u010dila. Rado\u0161inci boli mojim druh\u00fdm domovom. Ale aj n\u00e1ro\u010dn\u00e1 pr\u00e1ca, preto\u017ee Rado\u0161insk\u00e9 naivn\u00e9 divadlo je aj z\u00e1jazdov\u00e9 divadlo a dvadsa\u0165 p\u00e4\u0165 predstaven\u00ed mesa\u010dne po celom Slovensku, \u010cesku, pr\u00edpadne zahrani\u010d\u00ed chce aj v\u00fddr\u017e. Obdivujem Stana \u0160tepku, \u017ee to takto brav\u00farne zvl\u00e1da u\u017e 50! rokov a pritom hr\u00e1 v ka\u017edom predstaven\u00ed.<\/em><\/p>\n<p>&nbsp;<\/p>\n<p><strong>Va\u0161a profesia je n\u00e1ro\u010dn\u00e1 na psychiku. Ako si \u010dist\u00edte hlavu?<\/strong><\/p>\n<p><em>Hlava sa dobre \u010dist\u00ed aj tak\u00fdm upratovan\u00edm! Mimoriadne spo\u013eahlivo vyp\u00ednam pri sledovan\u00ed r\u00f4znych bytov\u00fdch rekon\u0161trukci\u00ed a kupovan\u00ed real\u00edt na FLN v telev\u00edzii. Ale chvalabohu som u\u017e roky namotan\u00e1 na tenis, tak\u017ee dvakr\u00e1t do t\u00fd\u017ed\u0148a som na kurte. A za\u010dala som chodi\u0165 do geni\u00e1lneho d\u00e1mskeho fitka Hany Bany. Odpor\u00fa\u010dam v\u0161etk\u00fdm \u017een\u00e1m, ktor\u00e9 je \u201eza \u010do chyti\u0165&#8220;. \ud83d\ude42<\/em><\/p>\n<p><em>\u00a0<\/em><\/p>\n<p><strong>Ke\u010f sa u\u017e rozpr\u00e1vame o \u0161porte, vraj ste ned\u00e1vno pri\u010duchli ku golfu!<\/strong><\/p>\n<p><em>Naozaj som k nemu len pri\u010duchla. Konkr\u00e9tne na charitat\u00edvnom podujati Charity Golf Cup pre Hodinu de\u0165om a nad\u00e1ciu Mira \u0160atana. Pravdou je, \u017ee iskra v o\u010diach m\u00f4jho hereck\u00e9ho kolegu Adyho Hajdu, ktor\u00fd mi golf pribl\u00ed\u017eil, bola naozaj jednozna\u010dn\u00e1 a absol\u00fatne oddan\u00e1. No my, zaryt\u00ed tenisti, sa tomu br\u00e1nime, ako sa len d\u00e1. Nie\u010do na golfe ur\u010dite je, ale po\u010dk\u00e1m si, ke\u010f u\u017e nebudem vl\u00e1da\u0165 beha\u0165.. \ud83d\ude42 Nech ma aj na starobu nie\u010do pekn\u00e9 \u010dak\u00e1!<\/em><\/p>\n<p><em>\u00a0<\/em><\/p>\n<p><strong>Je o v\u00e1s zn\u00e1me, \u017ee ku charite m\u00e1te bl\u00edzko. Kedy ste v sebe objavili t\u00fa\u017ebu pom\u00e1ha\u0165?<\/strong><\/p>\n<p><em>To sa asi ned\u00e1 \u201cobjavi\u0165\u201d. Bu\u010f je v\u00e1m to prirodzen\u00e9, alebo ka\u0161lete na to. Ka\u017ed\u00fd m\u00e1me nejak\u00e9 mo\u017enosti a \u017eiadost\u00ed o pomoc a podporu je ve\u013ea. Ja veru selektujem. Nie som toti\u017e fan\u00fa\u0161ik citov\u00e9ho vydierania, ktor\u00e9 niektor\u00e9 organiz\u00e1cie a programy pou\u017e\u00edvaj\u00fa pri zbieran\u00ed finan\u010dn\u00fdch prostriedkov. M\u00e1m rada konkr\u00e9tnu, d\u00f4veryhodn\u00fa a syst\u00e9mov\u00fa pomoc. Preto podporujem Hodinu de\u0165om alebo Lienku, na pomoc a podporu d\u00f4stojnej staroby. Alebo Centrum Narovinu, ktor\u00e9 m\u00e1 skvel\u00fd dlhoro\u010dn\u00fd program adopcie africk\u00fdch det\u00ed.<\/em><\/p>\n<p><em>\u00a0<\/em><\/p>\n<p><strong>Na podujat\u00ed Charity Golf Cup ste si nielen vysk\u00fa\u0161ali golf, ale aj spievali. \u010co pre v\u00e1s spev znamen\u00e1?<\/strong><\/p>\n<p><em>Spev a hudba ako tak\u00e1 je jednou z nadpozemsk\u00fdch divov. Aspo\u0148 pre m\u0148a. Ned\u00e1vno som v telke sledovala nejak\u00fd \u201ekozmick\u00fd program&#8220; a doty\u010dn\u00fd vedec povedal, \u017ee keby mal mo\u017enos\u0165 sp\u00fdta\u0165 sa nie\u010do nejak\u00e9ho \u201einoplanet\u00e1rca&#8220;, asi by sa sp\u00fdtal, \u010di maj\u00fa vieru a hudbu. Mysl\u00edm si, \u017ee je to presn\u00e9. Aj hudba m\u00f4\u017ee by\u0165 liek. Pre m\u0148a je a v\u017edy bude.<\/em><\/p>\n<p>&nbsp;<\/p>\n<p><strong>Ste spev\u00e1\u010dka aj here\u010dka. Kde v\u00e1s najbli\u017e\u0161ie uvid\u00edme hra\u0165?<\/strong><\/p>\n<p><em>M\u00e1m za sebou asi dvojro\u010dn\u00e9 pr\u00edjemn\u00e9 leh\u00e1ro. Teraz sa v\u0161ak zase dost\u00e1vam do behu. Ako hovoril p\u00e1n Men\u0161\u00edk, v na\u0161om povolan\u00ed sa bu\u010f be\u017e\u00ed alebo le\u017e\u00ed. V auguste som to\u010dila koproduk\u010dn\u00fd nemecko-franc\u00fazsko-\u010desko-slovensk\u00fd film Colette. A prevzala som pekn\u00fa rolu v pra\u017eskej produkcii Studia dva v predstaven\u00ed \u017deny pre\u017eij\u00fa s Janou Krausovou a Jitkou Schneiderovou. V septembri sa te\u0161\u00edm na moje ko\u010deny v Panel\u00e1\u010diku a na predstavenia v divadle GUNAGU. A d\u00fafam, \u017ee \u010doskoro uvid\u00edm aj nov\u00fd film Maty\u00e1\u0161a Pr\u00edklera \u010eakujem dobre, ktor\u00fd sme to\u010dili e\u0161te minul\u00fd rok a vraj u\u017e je hotov\u00fd. \ud83d\ude42<\/em><\/p>\n","protected":false},"excerpt":{"rendered":"<p>Chcela by som by\u0165 cestovate\u013esk\u00fd typ! Tvrd\u00ed jedna z na\u0161ich najob\u013e\u00fabenej\u0161\u00edch here\u010diek, Zuzana Maur\u00e9ry, ktor\u00fa pozn\u00e1te zo seri\u00e1lu Ods\u00faden\u00e9, Zlomok sekundy \u010di Panel\u00e1k. &nbsp; V lete m\u00e1vaj\u00fa herci pr\u00e1zdniny. Str\u00e1vili ste ich \u0161tandardne ako v\u00e4\u010d\u0161ina Slov\u00e1kov? Slnko, more, pl\u00e1\u017e? Pravdupovediac m\u00e1m probl\u00e9m so \u0161ialen\u00fdmi letn\u00fdmi teplotami. Preto som si navykla chodi\u0165 k moru za\u010diatkom j\u00fana, [&hellip;]<\/p>\n","protected":false},"author":7,"featured_media":2150,"comment_status":"open","ping_status":"open","sticky":false,"template":"","format":"standard","meta":{"footnotes":""},"categories":[48],"tags":[],"class_list":["post-2149","post","type-post","status-publish","format-standard","has-post-thumbnail","hentry","category-umenie-a-kultura","eq-blocks"],"_links":{"self":[{"href":"https:\/\/www.slovaklinesmagazin.sk\/cms\/wp-json\/wp\/v2\/posts\/2149","targetHints":{"allow":["GET"]}}],"collection":[{"href":"https:\/\/www.slovaklinesmagazin.sk\/cms\/wp-json\/wp\/v2\/posts"}],"about":[{"href":"https:\/\/www.slovaklinesmagazin.sk\/cms\/wp-json\/wp\/v2\/types\/post"}],"author":[{"embeddable":true,"href":"https:\/\/www.slovaklinesmagazin.sk\/cms\/wp-json\/wp\/v2\/users\/7"}],"replies":[{"embeddable":true,"href":"https:\/\/www.slovaklinesmagazin.sk\/cms\/wp-json\/wp\/v2\/comments?post=2149"}],"version-history":[{"count":7,"href":"https:\/\/www.slovaklinesmagazin.sk\/cms\/wp-json\/wp\/v2\/posts\/2149\/revisions"}],"predecessor-version":[{"id":2215,"href":"https:\/\/www.slovaklinesmagazin.sk\/cms\/wp-json\/wp\/v2\/posts\/2149\/revisions\/2215"}],"wp:featuredmedia":[{"embeddable":true,"href":"https:\/\/www.slovaklinesmagazin.sk\/cms\/wp-json\/wp\/v2\/media\/2150"}],"wp:attachment":[{"href":"https:\/\/www.slovaklinesmagazin.sk\/cms\/wp-json\/wp\/v2\/media?parent=2149"}],"wp:term":[{"taxonomy":"category","embeddable":true,"href":"https:\/\/www.slovaklinesmagazin.sk\/cms\/wp-json\/wp\/v2\/categories?post=2149"},{"taxonomy":"post_tag","embeddable":true,"href":"https:\/\/www.slovaklinesmagazin.sk\/cms\/wp-json\/wp\/v2\/tags?post=2149"}],"curies":[{"name":"wp","href":"https:\/\/api.w.org\/{rel}","templated":true}]}}