{"id":30229,"date":"2014-01-02T11:40:50","date_gmt":"2014-01-02T09:40:50","guid":{"rendered":"http:\/\/slovaklinesmagazin.sk\/cms\/?p=30229"},"modified":"2014-01-02T11:50:27","modified_gmt":"2014-01-02T09:50:27","slug":"audi-rs6-v-zimnom-sate","status":"publish","type":"post","link":"https:\/\/www.slovaklinesmagazin.sk\/cms\/2014\/01\/audi-rs6-v-zimnom-sate\/","title":{"rendered":"Audi RS6 v zimnom \u0161ate"},"content":{"rendered":"<p>Audi a \u0161port k sebe patria u\u017e od \u010dias, kedy t\u00e1to ingolstadtsk\u00e1 automobilka zapo\u010dala v\u00fdrobu svojich vozidiel. Preto nie je prekvapen\u00edm ani zimn\u00e1 \u00faprava Audi RS6, hoci zv\u00fd\u0161en\u00fa pozornos\u0165 si nepochybne zasl\u00fa\u017ei.<\/p>\n<p>Profesion\u00e1lny \u0161vaj\u010diarsky ly\u017eiar Jon Olsson je zn\u00e1my nielen v\u010faka \u0161portu v ktorom dosahuje \u0161pi\u010dkovej \u00farovne, ale aj v\u010faka svojmu nad\u0161eniu pre automobily. Av\u0161ak nie pre hocijak\u00e9. Olsson si potrp\u00ed na \u0161peci\u00e1lne ed\u00edcie a \u00fapravy, ktor\u00e9 tieto vozidl\u00e1 dost\u00e1vaj\u00fa do prostredia snehu, \u013eadu, zimy a zjazdoviek.<\/p>\n<p>Audi RS6 Wagon sa do\u010dkal pr\u00e1ve takejto \u00fapravy a je ofici\u00e1lnym Olssonov\u00fdm &#8222;zimn\u00fdm projektom roku 2014&#8220;. V minulosti si u\u017e podrobil aj Audi R8 a dokonca aj \u0161ialen\u00e9 Lamborghini Avendator v \u0161t\u00fdlovej maskovanej &#8222;blue camo&#8220; \u00faprave, tentokr\u00e1t pri\u0161lo na rad takmer rodinn\u00e9 kombi RS6. S\u00e1m Olsson pritom tvrd\u00ed, \u017ee pr\u00e1ve RS6 Wagon je jedno z najp\u00f4sobivej\u0161\u00edch, ak\u00e9 kedy jazdil.<\/p>\n<div id='gallery-1' class='gallery galleryid-30229 gallery-columns-2 gallery-size-thumbnail'><figure class='gallery-item'>\n\t\t\t<div class='gallery-icon landscape'>\n\t\t\t\t<a href='https:\/\/www.slovaklinesmagazin.sk\/cms\/2014\/01\/audi-rs6-v-zimnom-sate\/slines-audi-rs6-w-1\/'><img loading=\"lazy\" decoding=\"async\" width=\"150\" height=\"150\" src=\"https:\/\/www.slovaklinesmagazin.sk\/cms\/wp-content\/uploads\/2014\/01\/SLines-Audi-RS6-W-1-150x150.jpg\" class=\"attachment-thumbnail size-thumbnail\" alt=\"\" \/><\/a>\n\t\t\t<\/div><\/figure><figure class='gallery-item'>\n\t\t\t<div class='gallery-icon landscape'>\n\t\t\t\t<a href='https:\/\/www.slovaklinesmagazin.sk\/cms\/2014\/01\/audi-rs6-v-zimnom-sate\/slines-audi-rs6-w-2\/'><img loading=\"lazy\" decoding=\"async\" width=\"150\" height=\"150\" src=\"https:\/\/www.slovaklinesmagazin.sk\/cms\/wp-content\/uploads\/2014\/01\/SLines-Audi-RS6-W-2-150x150.jpg\" class=\"attachment-thumbnail size-thumbnail\" alt=\"\" \/><\/a>\n\t\t\t<\/div><\/figure><figure class='gallery-item'>\n\t\t\t<div class='gallery-icon landscape'>\n\t\t\t\t<a href='https:\/\/www.slovaklinesmagazin.sk\/cms\/2014\/01\/audi-rs6-v-zimnom-sate\/slines-audi-rs6-w-3\/'><img loading=\"lazy\" decoding=\"async\" width=\"150\" height=\"150\" src=\"https:\/\/www.slovaklinesmagazin.sk\/cms\/wp-content\/uploads\/2014\/01\/SLines-Audi-RS6-W-3-150x150.jpg\" class=\"attachment-thumbnail size-thumbnail\" alt=\"\" \/><\/a>\n\t\t\t<\/div><\/figure><figure class='gallery-item'>\n\t\t\t<div class='gallery-icon landscape'>\n\t\t\t\t<a href='https:\/\/www.slovaklinesmagazin.sk\/cms\/2014\/01\/audi-rs6-v-zimnom-sate\/slines-audi-rs6-w-4\/'><img loading=\"lazy\" decoding=\"async\" width=\"150\" height=\"150\" src=\"https:\/\/www.slovaklinesmagazin.sk\/cms\/wp-content\/uploads\/2014\/01\/SLines-Audi-RS6-W-4-150x150.jpg\" class=\"attachment-thumbnail size-thumbnail\" alt=\"\" \/><\/a>\n\t\t\t<\/div><\/figure>\n\t\t<\/div>\n\n<p>Audi RS6 Wagon dostalo nov\u00fd n\u00e1strek karos\u00e9rie v \u010dierno-\u0161edo-bielej farbe, n\u00e1hon v\u0161etk\u00fdch kolies, odpru\u017eenie od H&amp;R, v\u00fdfuk Milltek, \u0161peci\u00e1lne upraven\u00e9 koles\u00e1 a \u010fal\u0161ie, zatia\u013e nezn\u00e1me vylep\u0161enia. O \u00fapravu vozidla sa postarala spolo\u010dnos\u0165 Stertman Motorsport a st\u00e1le na \u0148om pracuje. V\u00fdsledok bude ve\u013emi p\u00f4sobiv\u00fd a samotn\u00fd Olsson po prv\u00fdch jazd\u00e1ch na svojom blogu tvrd\u00ed, \u017ee je z Audi nad\u0161en\u00fd prakticky ako z jazdy na super\u0161porte Agera R.<\/p>\n<p>&nbsp;<\/p>\n<p>Text: Erik Str\u00ed\u017e<\/p>\n<p>Foto: <a href=\"http:\/\/jon-olsson.com\">jon-olsson.com<\/a><\/p>\n","protected":false},"excerpt":{"rendered":"<p>Audi a \u0161port k sebe patria u\u017e od \u010dias, kedy t\u00e1to ingolstadtsk\u00e1 automobilka zapo\u010dala v\u00fdrobu svojich vozidiel. Preto nie je prekvapen\u00edm ani zimn\u00e1 \u00faprava Audi RS6, hoci zv\u00fd\u0161en\u00fa pozornos\u0165 si nepochybne zasl\u00fa\u017ei. Profesion\u00e1lny \u0161vaj\u010diarsky ly\u017eiar Jon Olsson je zn\u00e1my nielen v\u010faka \u0161portu v ktorom dosahuje \u0161pi\u010dkovej \u00farovne, ale aj v\u010faka svojmu nad\u0161eniu pre automobily. Av\u0161ak [&hellip;]<\/p>\n","protected":false},"author":7,"featured_media":0,"comment_status":"open","ping_status":"open","sticky":false,"template":"","format":"gallery","meta":{"footnotes":""},"categories":[4],"tags":[],"class_list":["post-30229","post","type-post","status-publish","format-gallery","hentry","category-automobily","post_format-post-format-gallery","eq-blocks"],"_links":{"self":[{"href":"https:\/\/www.slovaklinesmagazin.sk\/cms\/wp-json\/wp\/v2\/posts\/30229","targetHints":{"allow":["GET"]}}],"collection":[{"href":"https:\/\/www.slovaklinesmagazin.sk\/cms\/wp-json\/wp\/v2\/posts"}],"about":[{"href":"https:\/\/www.slovaklinesmagazin.sk\/cms\/wp-json\/wp\/v2\/types\/post"}],"author":[{"embeddable":true,"href":"https:\/\/www.slovaklinesmagazin.sk\/cms\/wp-json\/wp\/v2\/users\/7"}],"replies":[{"embeddable":true,"href":"https:\/\/www.slovaklinesmagazin.sk\/cms\/wp-json\/wp\/v2\/comments?post=30229"}],"version-history":[{"count":4,"href":"https:\/\/www.slovaklinesmagazin.sk\/cms\/wp-json\/wp\/v2\/posts\/30229\/revisions"}],"predecessor-version":[{"id":30273,"href":"https:\/\/www.slovaklinesmagazin.sk\/cms\/wp-json\/wp\/v2\/posts\/30229\/revisions\/30273"}],"wp:attachment":[{"href":"https:\/\/www.slovaklinesmagazin.sk\/cms\/wp-json\/wp\/v2\/media?parent=30229"}],"wp:term":[{"taxonomy":"category","embeddable":true,"href":"https:\/\/www.slovaklinesmagazin.sk\/cms\/wp-json\/wp\/v2\/categories?post=30229"},{"taxonomy":"post_tag","embeddable":true,"href":"https:\/\/www.slovaklinesmagazin.sk\/cms\/wp-json\/wp\/v2\/tags?post=30229"}],"curies":[{"name":"wp","href":"https:\/\/api.w.org\/{rel}","templated":true}]}}