{"id":36512,"date":"2014-01-08T16:22:51","date_gmt":"2014-01-08T14:22:51","guid":{"rendered":"http:\/\/slovaklinesmagazin.sk\/cms\/?p=36512"},"modified":"2014-01-08T16:23:15","modified_gmt":"2014-01-08T14:23:15","slug":"prechod-pala-pochyleho-masivom-tatier-197","status":"publish","type":"post","link":"https:\/\/www.slovaklinesmagazin.sk\/cms\/2014\/01\/prechod-pala-pochyleho-masivom-tatier-197\/","title":{"rendered":"Prechod Pa\u013ea Pochyl\u00e9ho mas\u00edvom Tatier 1979"},"content":{"rendered":"<p>Neuverite\u013ene dlho trvalo zopakovanie n\u00e1ro\u010dn\u00e9ho\u00a0zimn\u00e9ho prechodu\u00a0cel\u00e9ho\u00a0hrebe\u0148a Tatier.<\/p>\n<p><a href=\"http:\/\/slovaklinesmagazin.sk\/cms\/wp-content\/uploads\/2014\/01\/pochylny.jpg\"><img decoding=\"async\" class=\"aligncenter\" alt=\"pochylny\" src=\"http:\/\/slovaklinesmagazin.sk\/cms\/wp-content\/uploads\/2014\/01\/pochylny.jpg\" \/><\/a><\/p>\n<p><strong>Mi\u0161o Sabov\u010d\u00edk<\/strong>\u00a0a<strong>Adam Kadle\u010d\u00edk<\/strong>\u00a0to dok\u00e1zali a v roku 2013 zopakovali \u00faspe\u0161n\u00fd pokus &#8222;pav\u00faka&#8220;\u00a0<strong>Pavla Pochyl\u00e9ho<\/strong>,\u00a0<strong>priekopn\u00edka extr\u00e9mneho horolezectva a horolezca storo\u010dia.<\/strong><b>\u00a0<\/b>Na svojom konte m\u00e1 vy\u0161e tri stovky v\u00fdstupov v Tatr\u00e1ch. Takmer vo v\u0161etk\u00fdch v\u00e4\u010d\u0161\u00edch sten\u00e1ch spravil prvov\u00fdstup (v Gal\u00e9rii G\u00e1nku p\u00e4\u0165), aj v niektor\u00fdch po\u013esk\u00fdch &#8211; Kazalnica Mengusovsk\u00e1. Tie\u017e mnoho zimn\u00fdch prelezov. Bol l\u00eddrom skupiny, ktor\u00fa Poliaci nazvali Pav\u00faci. 1. \u00fapln\u00fd zimn\u00fd prechod tatransk\u00e9ho mas\u00edvu 1970, prv\u00e9 zimn\u00e9 s\u00f3lo tohto hrebe\u0148a bez podpory 1979.<\/p>\n<p>Pre\u010d\u00edtajte si teraz<strong>\u00a0<\/strong>doslovn\u00fd prepis spr\u00e1vy\u00a0<em>Pavla Pochyl\u00e9ho<\/em>\u00a0o jeho \u00faspe\u0161nej akcii v roku 1979.<\/p>\n<p><a href=\"http:\/\/slovaklinesmagazin.sk\/cms\/wp-content\/uploads\/2014\/01\/Pochylny-1.jpg\"><img decoding=\"async\" class=\"aligncenter\" alt=\"Pochylny 1\" src=\"http:\/\/slovaklinesmagazin.sk\/cms\/wp-content\/uploads\/2014\/01\/Pochylny-1.jpg\" \/><\/a><\/p>\n<p>V d\u0148och 23. febru\u00e1ra a\u017e 9. marca som absolvoval prechod\u00a0cel\u00e9ho tatransk\u00e9ho mas\u00edvu od Hutnianskeho sedla po Ste\u0161ky na konci Belianskych Tatier.\u00a0Cel\u00fd prechod som si vopred teoreticky pripravil a po d\u00f4kladnom zhodnoten\u00ed v\u0161etk\u00fdch skuto\u010dnost\u00ed rozdelil na sedem et\u00e1p:<\/p>\n<p><strong>1. \u00a0\u00a0\u00a0\u00a0\u00a0\u00a0\u00a0 etapa:<\/strong>\u00a0<em>Hutnianske sedlo\u00a0\u2014Kasprov vrch<\/em><br \/>\n<strong>2.\u00a0\u00a0\u00a0\u00a0\u00a0\u00a0\u00a0\u00a0 etapa:<\/strong>\u00a0<em>Kasprov vrch\u2014sedloV\u00e1hy<\/em><br \/>\n<strong>3. \u00a0\u00a0\u00a0\u00a0\u00a0\u00a0\u00a0 etapa:<\/strong>\u00a0<em>sedlo V\u00e1hy\u2014\u017delezn\u00e1 br\u00e1na<\/em><br \/>\n<strong>4. \u00a0\u00a0\u00a0\u00a0\u00a0\u00a0\u00a0 etapa:<\/strong>\u00a0<em>\u017delezn\u00e1 br\u00e1na\u2014Po\u013esk\u00fd hrebe\u0148<\/em><br \/>\n<strong>5. \u00a0\u00a0\u00a0\u00a0\u00a0\u00a0\u00a0 etapa:<\/strong>\u00a0<em>Po\u013esk\u00fd hrebe\u0148\u2014Sedielko<\/em><br \/>\n<strong>6. \u00a0\u00a0\u00a0\u00a0\u00a0\u00a0\u00a0 etapa:<\/strong>\u00a0<em>Sedielko\u2014Kopsk\u00e9 sedlo<\/em><br \/>\n<strong>7. \u00a0\u00a0\u00a0\u00a0\u00a0\u00a0\u00a0 etapa:<\/strong>\u00a0<em>Kopsk\u00e9 sedlo \u2014 cel\u00e9 Belianske Tatry<\/em><\/p>\n<p><a href=\"http:\/\/slovaklinesmagazin.sk\/cms\/wp-content\/uploads\/2014\/01\/pochylny-2.jpg\"><img decoding=\"async\" class=\"aligncenter\" alt=\"pochylny 2\" src=\"http:\/\/slovaklinesmagazin.sk\/cms\/wp-content\/uploads\/2014\/01\/pochylny-2-187x300.jpg\" \/><\/a><\/p>\n<p><strong>Priebeh v\u00fdstupu<\/strong><b><\/b><\/p>\n<p>Nast\u00fapil som v piatok\u00a023. febru\u00e1ra 1979 o\u00a019:30 z Hutnianskeho sedla.\u00a0Po dvoch hodin\u00e1ch cesty som bivakoval na rozhran\u00ed veget\u00e1cie. Na druh\u00fd de\u0148\u00a0za dobr\u00e9ho po\u010dasia a v\u00fdborn\u00fdch snehov\u00fdch podmienok\u00a0som sa dostal do sedla pod Ban\u00edkovom, kde som mal druh\u00fd bivak, ktor\u00fd som nazval &#8222;ohniv\u00fd&#8220;. Tak ako pred deviatimi rokmi pri kolekt\u00edvnom prechode tatransk\u00e9ho mas\u00edvu, aj teraz sa mi\u00a0zap\u00e1lil benz\u00ednov\u00fd vari\u010d a od neho moje vrchn\u00e9 oble\u010denie a \u017e\u010f\u00e1r\u00e1k.<\/p>\n<p>\u017de sa hist\u00f3ria opakuje som sa presved\u010dil i o de\u0148 nesk\u00f4r, 25. febru\u00e1ra. Nastal\u00a0zvrat po\u010dasia, siln\u00e1 v\u00edchrica, sne\u017eenie.\u00a0Dvakr\u00e1t som zabl\u00fadil pod Ostr\u00fdm Roh\u00e1\u010dom a na vrchole Volovca sa opakoval\u00a0&#8222;katastrof\u00e1lny&#8220; bivak,podobne ako v roku 1970. Siln\u00e1 v\u00edchrica pokra\u010dovala aj \u010fal\u0161\u00ed de\u0148, 26. febru\u00e1ra, ale bol som nad p\u00e1smom mrakov, tak\u017ee za dobrej vidite\u013enosti som do\u0161iel a\u017e pod Po\u013esk\u00fa Tomanov\u00fa, kde som bivakoval.<\/p>\n<p>27. febru\u00e1ra bolo pekn\u00e9 po\u010dasie,\u00a0f\u00fakal v\u0161ak vietor a bol siln\u00fd mr\u00e1z.\u00a0Za\u010dali mi\u00a0om\u0155za\u0165 nohy\u00a0a po prv\u00fd raz som u\u017eil lieky proti omrzlin\u00e1m (Xanidil-retard). M\u00f4j organizmus na\u0148 v\u0161ak reagoval ve\u013emi zle, a tak som ho u\u017e viac neu\u017e\u00edval. Nesk\u00f4r sa mi ho podarilo vymeni\u0165 za Peviton.\u00a0V tento de\u0148 za\u010dali i\u00a0prv\u00e9 \u0165a\u017ekosti s top\u00e1nkami, a t\u00fdm i\u00a0z\u00fafal\u00fd boj proti omrzlin\u00e1m.Po\u010das cel\u00e9ho \u010fal\u0161ieho v\u00fdstupu som si pravidelne, ka\u017ed\u00fd druh\u00fd de\u0148, mas\u00edroval nohy snehom a natieral chodidl\u00e1 neopevitonovou mas\u0165ou.<\/p>\n<p>27. febru\u00e1ra som ukon\u010dil prv\u00fa etapu, Z\u00e1padn\u00e9 Tatry\u00a0a min\u00fac v poobed\u0148aj\u0161\u00edch hodin\u00e1ch Kasprov vrch nast\u00fapil som vlastne do \u010fal\u0161ej etapy \u2014 Vysok\u00fdch Tatier. Bivakoval som priamo na vrchole Svinice.<\/p>\n<p>28. febru\u00e1ra, za ve\u013emi zl\u00e9ho po\u010dasia, som pod \u010cubrinou stretol troj\u010dlenn\u00fa skupinku horolezcov, ktor\u00ed tie\u017e robili\u00a0prechod mas\u00edvom poloexpedi\u010dn\u00fdm sp\u00f4sobom.\u00a0Prijal som ich pozvanie a bivakoval s nimi v ich stane. Bol to v\u0161ak\u00a0najhor\u0161\u00ed bivak, ak\u00fd som kedy za\u017eil.\u00a0Trikr\u00e1t n\u00e1s v noci zasypalo a iba \u0161\u0165astiu m\u00f4\u017eeme \u010fakova\u0165, \u017ee to\u00a0neskon\u010dilo katastrofou.(Chlapci sta\u010dili m\u00f4jmu tempu a\u017e po sedlo V\u00e1hy, tak\u017ee som s nimi udr\u017eiaval ur\u010dit\u00fd kontakt. Definit\u00edvne som ich stratil z doh\u013eadu a\u017e na \u017deleznej br\u00e1ne.)<\/p>\n<p>1. marca \u2014 st\u00e1le za ve\u013emi zl\u00e9ho po\u010dasia som sa dostal len do Mengusovsk\u00e9ho sedla, kde som bivakoval. R\u00e1no 2. marca bolo pekne, poobede sa v\u0161ak\u00a0po\u010dasie op\u00e4\u0165 prudko zhor\u0161ilo.\u00a0V tento de\u0148 som na jeden z\u00e1\u0165ah pre\u0161iel a\u017e do sedla V\u00e1hy, kde som bol o piatej hodine r\u00e1no (3. marca). O \u0161tyri hodiny po mne pri\u0161li do sedla i moji hostitelia z \u010cubriny. Zvy\u0161ok d\u0148a som vyu\u017eil na su\u0161enie \u0161atstva, opravu v\u00fdstroja a odpo\u010dinok. T\u00fdmto som vlastne\u00a0skon\u010dil 2. etapu v\u00fdstupu.<\/p>\n<p>4. marca som zo sedla V\u00e1hy za ve\u013emi pekn\u00e9ho po\u010dasia\u00a0za jedin\u00fd de\u0148 absolvoval cel\u00fa tretiu etapu v\u00fdstupu,ktor\u00e1 kon\u010dila v \u017deleznej br\u00e1ne, kde som bivakoval.<\/p>\n<p>5. marca som nast\u00fapil\u00a0do technicky najn\u00e1ro\u010dnej\u0161ieho \u00faseku\u00a0(V\u00fdchodn\u00fd \u0161t\u00edt nad \u017deleznou br\u00e1nou).\u00a0Za ve\u013emi zl\u00fdch podmienok, hmla, f\u00f6hn, n\u00e1mraza,\u00a0som vyliezol len necel\u00e9 dve d\u013a\u017eky a preto\u017ee to vyzeralo na bivak v stene, zlanil som sp\u00e4\u0165 do sedla, kde som op\u00e4\u0165 bivakoval.<\/p>\n<p>6. marca sa po\u010dasie zlep\u0161ilo a tak som v priebehu doobedia ukon\u010dil v\u00fdstup na V\u00fdchodn\u00fd \u0161t\u00edt. (Nast\u00fapil som Korosadowiczom V\u2014VI, dokon\u010dil som v\u0161ak v\u00fdstup Tilleho hranou VA2).<\/p>\n<p>V ten ist\u00fd de\u0148 za n\u00e1dhern\u00e9ho po\u010dasia som pre\u0161iel a\u017e na Zadn\u00fd Gerlach. Na jeho vrchole som bivakoval. V noci nastal op\u00e4\u0165 zvrat po\u010dasia, bola\u00a0siln\u00e1 v\u00edchrica a hmla.<\/p>\n<p>V priebehu d\u0148a \u2013 7. marca \u2013 sa v\u0161ak po\u010dasie zlep\u0161ilo, a tak som sa dostal a\u017e pod Mal\u00fd Javorov\u00fd \u0161t\u00edt (tu som vlastneukon\u010dil 4. etapu,\u00a0ktor\u00e1 mala p\u00f4vodne kon\u010di\u0165 na Po\u013eskom hrebeni).<\/p>\n<p>8. marca \u2014\u00a0najhor\u0161ie po\u010dasie za cel\u00fd v\u00fdstup.\u00a0N\u00e1razov\u00fd vietor 80 km\/hod, hmla, sneh.\u00a0V katastrofick\u00fdch podmienkach sa mi podarilo do jeden\u00e1stej hodiny v noci dobojova\u0165 na vrchol Kolov\u00e9ho \u0161t\u00edtu,\u00a0kde som pre\u017eil z\u00fafal\u00fd bivak. (24 hod\u00edn som nejedol ni\u010d tepl\u00e9ho).<\/p>\n<p>R\u00e1no \u2014 9. marca \u2014\u00a0v\u00edchrica pokra\u010dovala,\u00a0ale ja som sa u\u017e nach\u00e1dzal nad p\u00e1smom mrakov, a tak som, za dobrej vidite\u013enosti,\u00a0u\u017e o deviatej r\u00e1no st\u00e1l na vrchole Jah\u0148acieho \u0161t\u00edtu. Pri zostupe z Jah\u0148acieho \u0161t\u00edtu do Kopsk\u00e9ho sedla somochrnul na horn\u00fa polovicu tela.\u00a0Siln\u00e9 bolesti, ktor\u00e9 sprev\u00e1dzali ochrnutie, som sa sna\u017eil odstr\u00e1ni\u0165 sedat\u00edvami (Valoron). U\u017eitie Valoronu malo v\u0161ak\u00a0katastrof\u00e1lne n\u00e1sledky\u00a0(bezbolestn\u00fd euforick\u00fd stav bez mo\u017enosti koordin\u00e1cie pohybov a strata rovnov\u00e1hy). Musel som po\u010dka\u0165, a\u017e vyprchaj\u00fa \u00fa\u010dinky sedat\u00edv a vo ve\u013emi siln\u00fdch bolestiach som pokra\u010doval v zostupe do Kopsk\u00e9ho sedla. Tento zostup mi trval \u0161tyri a pol hodiny.<\/p>\n<p>V sedle som sa\u00a0odplazil do z\u00e1vetria\u00a0a u\u017eil som naraz 5 tabletiek B-komplexu. V z\u00e1vetr\u00ed na slnku sa potom bolesti aj ochrnutie behom polhodiny stratilo. Z Kopsk\u00e9ho sedla v poobed\u0148aj\u0161\u00edch hodin\u00e1ch som zost\u00fapil cez Zadn\u00e9 Me\u010fodoly pod severn\u00fa vetvu Belianskych Tatier (v doprovode svojho brata, ktor\u00fd sa z\u00e1hadn\u00fdm sp\u00f4sobom medzi\u010dasu objavil).<\/p>\n<p>Zo Zadn\u00fdch Me\u010fodolov som vyst\u00fapil na Nov\u00fd (na Mur\u00e1\u0148 som pre hmlu netrafil), z ktor\u00e9ho som v smere zo severu na juh pre\u0161iel\u00a0mas\u00edvom Belianskych Tatier.\u00a0Zost\u00fapil som cez Ste\u017eky na \u0160alvejov prame\u0148, kde som bol o tri\u0161tvrte na dvan\u00e1s\u0165 a o 1,5 hodiny \u2014\u00a010. marca \u2014 som op\u00e4\u0165 vst\u00fapil do &#8222;civiliz\u00e1cie&#8220; v Tatranskej Lomnici.<\/p>\n<p><strong>Oble\u010denie a\u00a0stravovanie<\/strong><\/p>\n<p>\u00daspe\u0161n\u00e1 realiz\u00e1cia m\u00f4jho v\u00fdstupu spo\u010d\u00edvala vlastne<b>\u00a0na vyrie\u0161en\u00ed dvoch z\u00e1kladn\u00fdch probl\u00e9mov.<\/b>\u00a0A to\u00a0<b>oble\u010denie a stravovanie.<\/b><\/p>\n<ul>\n<li><b>OBLE\u010cENIE<\/b>\u00a0&#8211;\u00a0som rie\u0161il dokon\u010den\u00edm v\u00fdvoja\u00a0<b>ko\u017eu\u0161inov\u00e9ho oble\u010denia<\/b>\u00a0z roku 1970. P\u00f4vodn\u00fd dvojdielny komplet bol pre\u0161it\u00fd na kombin\u00e9zu, presne vypasovan\u00fa na telo. Ako spodn\u00e9 oble\u010denie som pou\u017eil\u00a0<b>bavlnen\u00fa kombin\u00e9zu.<\/b>\u00a0Tieto dve vrstvy som po\u010das cel\u00e9ho v\u00fdstupu zo seba nezobliekol. Ako vrchn\u00e9 oble\u010denie som pou\u017eil<b>\u0161tandardn\u00fa sil\u00f3nov\u00fa vetrovku a nepremokav\u00e9 sil\u00f3nov\u00e9 nohavice<\/b>\u00a0(tieto \u0161tandardn\u00e9 \u010dasti oble\u010denia sa uk\u00e1zali ako nevyhovuj\u00face).<\/li>\n<\/ul>\n<ul>\n<li><b>STRAVOVANIE<\/b>\u00a0&#8211; som vyrie\u0161il tak, \u017ee som si\u00a0<b>dopredu pripravil jed\u00e1lny l\u00edstok na ka\u017ed\u00fd de\u0148<\/b>\u00a0s presne stanovenou kalorickou hodnotou.\u00a0<b>Celkov\u00e1 kalorick\u00e1 hodnota potrav\u00edn,<\/b>\u00a0ktor\u00e9 som mal zo sebou, bola\u00a0<b>82 500 kcal.<\/b>\u00a0Toto mno\u017estvo by sta\u010dilo na\u00a0<b>30 dn\u00ed pobytu v hor\u00e1ch,<\/b>\u00a0ale 2750 kcal na de\u0148 by v tomto pr\u00edpade bola len o m\u00e1lo vy\u0161\u0161ia ako minim\u00e1lna d\u00e1vka na de\u0148, ktor\u00fa by potreboval m\u00f4j organizmus (cca 2000 kal). Dobu 30 dn\u00ed som si ur\u010dil ako maximum na z\u00e1klade sk\u00fasenost\u00ed spred deviatich rokov, ke\u010f boli v obdob\u00ed n\u00e1\u0161ho prechodu\u00a0<b>najhor\u0161ie podmienky za posledn\u00fdch sto rokov.<\/b><\/li>\n<\/ul>\n<p>Teoreticky som musel po\u010d\u00edta\u0165 s mo\u017enostou, \u017ee by sa tieto podmienky opakovali. Re\u00e1lny predpoklad v\u0161ak bol, \u017ee v obdob\u00ed, v ktorom som v\u00fdstup chcel realizova\u0165, bud\u00fa podmienky priemern\u00e9, tak\u017ee v\u00fdstup by mal trva\u0165 15\u201420 dn\u00ed. V takomto pr\u00edpade som mal k dispoz\u00edcii\u00a0<b>na de\u0148 4125\u20145500 kcal,<\/b>\u00a0\u010di\u017ee\u00a0<b>maxim\u00e1lnu d\u00e1vku,<\/b>\u00a0ak\u00fa je moje telo schopn\u00e9 spotrebova\u0165\u00a0<b>pri maxim\u00e1lnom v\u00fdkone.<\/b><\/p>\n<p>Cel\u00fd syst\u00e9m stravovania spo\u010d\u00edval \u010falej v tom, \u017ee som mal\u00a0<b>stravu rozdelen\u00fa nielen na ka\u017ed\u00fd de\u0148, ale i na ka\u017ed\u00fa oblas\u0165.<\/b>\u00a0Jednotliv\u00e9 oblasti (\u00faseky) mali stanoven\u00fd minim\u00e1lny a maxim\u00e1lny po\u010det dn\u00ed, za ktor\u00fd by ich bolo mo\u017en\u00e9 absolvova\u0165. Pokia\u013e sa mi podarilo niektor\u00fd \u00fasek absolvova\u0165 za minimum \u010dasu (napr. Hutnianske sedlo \u2014 Kasprov vrch \u2014 maxim\u00e1lna doba: \u0161es\u0165 dn\u00ed, minim\u00e1lna: tri dni, skuto\u010dnos\u0165: tri a pol d\u0148a), vytvoril sa mi\u00a0<b>prebytok jedla, ktor\u00fd som u\u017e \u010falej nepotreboval, tak som ho zahadzoval,<\/b>\u00a0\u010d\u00edm som zni\u017eoval v\u00e1hu a umo\u017e\u0148oval si r\u00fdchlej\u0161\u00ed postup v \u010fal\u0161ej etape.<\/p>\n<p><b>Celkov\u00e1 v\u00e1ha potrav\u00edn bola aj s obalmi 14 kg.<\/b>\u00a0Z toho 4,5 kg m\u00e4sa upraven\u00e9ho s 1,5 kg zeleniny do 15-tich porci\u00ed po 40 dkg. Ka\u017ed\u00e1 porcia bola zmrazen\u00e1 v igelitovom vrecku. Pri pr\u00edprave m\u00e4sa sa postupovalo tak, aby pri\u0161lo k maxim\u00e1lnej dehydrat\u00e1cii. \u010eal\u0161\u00edch 1,5 kg m\u00e4sa bolo vo forme \u00faden\u00edn pripraven\u00e9 ako 10 porci\u00ed po 15 dkg. Spolu s pl\u00e1tkom syra (miesto chleba) boli tieto porcie zataven\u00e9 v igelitovom balen\u00ed. \u010eal\u0161ie potraviny: mlieko \u2014 1,5 kg, cukor \u2014 1 kg, ovsen\u00e9 vlo\u010dky, pudingy, su\u0161en\u00e1 zemiakov\u00e1 ka\u0161a 1,5 kg, \u010dokol\u00e1da \u2014 0,5 kg, polievky \u2014 1 kg, \u010daj, hrozienka \u2014 0,3 kg.<\/p>\n<p><b>Ve\u010dera:<\/b>\u00a0D\u00e1vka m\u00e4sa uvaren\u00e1 v snehu a zahusten\u00e1 zemiakovou ka\u0161ou (pln\u00fd e\u0161us \u2014 skonzumoval som polovi\u010dku, druh\u00e1 ostala na r\u00e1no), liter buj\u00f3nu, pol litra \u010daju (pol litra \u010daju ostalo na noc).<\/p>\n<p><b>Ra\u0148ajky:<\/b>\u00a0Zvy\u0161ok m\u00e4sa z ve\u010dere upraven\u00e9 ako hust\u00e1 polievka, ovsen\u00e1 ka\u0161a s pudingom.<\/p>\n<p><b>Obed:<\/b>\u00a0Liter \u010daju alebo buj\u00f3nu a d\u00e1vka naporciovan\u00fdch \u00faden\u00edn. Denne som ako s\u00fa\u010das\u0165 stravy u\u017e\u00edval d\u00e1vku remineraliza\u010dn\u00fdch pr\u00e1\u0161kov, tak\u017ee za cel\u00e9 obdobie v\u00fdstupu som nemal \u0165a\u017ekosti z n\u00e1sledkov dehydrat\u00e1cie.<\/p>\n<p><b>V\u00fdzbroj a v\u00fdstroj:<\/b>\u00a0Oble\u010denie \u2014 bavlnen\u00e1 kombin\u00e9za, ko\u017eu\u0161inov\u00e1 kombin\u00e9za (ko\u017eu\u0161ina Bonekan \u2014 vl\u010dia \u00faprava), sil\u00f3nov\u00e9 fukyr\u00e1ky, jednoduch\u00e1 sil\u00f3nov\u00e1 vetrovka, maska z vojenskej kukly, dva p\u00e1ry vlnen\u00fdch podkoleniok, dva p\u00e1ry vlnen\u00fdch rukav\u00edc (pal\u010diaky), dva p\u00e1ry ko\u017eu\u0161inov\u00fdch rukav\u00edc, gama\u0161e \u2014 pl\u00e1tenn\u00e9 vysok\u00e9 top\u00e1nky Duplex \u2014 Poprad, ly\u017eiarske okuliare (Carrera), dva p\u00e1ry \u0161peci\u00e1lnych vlnen\u00fdch z\u00e1p\u00e1stkov.<\/p>\n<p><b>Lezeck\u00e1 v\u00fdstroj:<\/b>\u00a0Jeden kus po\u013esk\u00e1 rep\u0161n\u00fara 56 metrov, popruh a slu\u010dky 10 metrov, 10 kusov duralov\u00fdch karab\u00edn (NDR), 25 kusov sk\u00f4b, kladivo\u010dakan zna\u010dky Cassin, ma\u010dky Salewa\u201a ruksak Hind\u00faku\u0161, z\u00e1vesn\u00fd kl\u00ednov\u00fd \u017ediarsky vak, \u017ediarsky vak s\u00f3lo, nemeck\u00e1 prilba.<\/p>\n<p><b>Ostatn\u00fd v\u00fdstroj:<\/b>\u00a0Po\u013esk\u00fd benz\u00ednov\u00fd vari\u010d + 5 litrov benz\u00ednu, plynov\u00fd van\u011b Bluet + 5 b\u00f4mb, dve krabi\u010dky z\u00e1paliek, pevn\u00fd lieh, benz\u00ednov\u00fd zapa\u013eova\u010d, dvojdielny e\u0161us, jeden \u010dajn\u00edk, termoska, ly\u017ei\u010dka, n\u00f4\u017e, otv\u00e1ra\u010d na konzervy.<\/p>\n<p><b>Lieky:<\/b>\u00a0Xanidil-retard (Peviton), Vaboron,Fenmetrazin, neopevitonov\u00e1 mas\u0165, Spofavit, B-komplex, Celaskon, remineraliza\u010dn\u011b pr\u00e1\u0161ky, 4 ks obv\u00e4zov.<\/p>\n<p><b>Celkov\u00e1 v\u00e1ha ruksaku bola 30,5 kg,<\/b>\u00a0\u010do bolo o 8 kg viac, ako robil m\u00f4j teoretick\u00fd v\u00fdpo\u010det. Rozdiel vo v\u00e1he sp\u00f4sobila\u00a0<b>nevhodn\u00e1 v\u00fdstroj<\/b>\u00a0(z\u00e1vesn\u00fd \u017ediarak pre tri osoby, ly\u017eiarske oteplova\u010dky namiesto spacieho vaku, nevyhovuj\u00face vari\u010de a lano). Bola to v\u0161ak v\u00fdstroj, ktor\u00fa som mal moment\u00e1lne k dispoz\u00edcii. Kvalitn\u00e1 v\u00fdstroj, ktor\u00e1 by vyhovovala po\u017eiadavk\u00e1m na podujatia podobn\u00e9ho druhu, nie je u n\u00e1s v s\u00fa\u010dasnosti k dispoz\u00edcii.<\/p>\n<p><b>Pre\u010do som sa rozhodol<\/b><\/p>\n<p>\u010casto kr\u00e1t mi bola po n\u00e1vrate polo\u017een\u00e1 ot\u00e1zka, pre\u010do som sa rozhodol pre tento v\u00fdstup. Pri svojom op\u00e4tovnom n\u00e1vrate do horolezeck\u00e9ho \u017eivota som po rozhovoroch s mlad\u00fdmi lezcami dospel k n\u00e1zoru, \u017ee zotrv\u00e1vaj\u00fa do istej miery<b>na zastaralom stupni v\u00fdvoja \u2014 hlavne v horolezeckom myslen\u00ed.<\/b>\u00a0Ke\u010f som vyslovil n\u00e1zor, \u017ee v s\u00fa\u010dasnej dobe technick\u00e9 prostriedky i sk\u00fasenosti z predch\u00e1dzaj\u00faceho v\u00fdvoja v \u010cSSR i vo svete (odklon od mamut\u00edch exped\u00edci\u00ed \u2014 expedi\u010dn\u00e9ho dob\u00fdvania \u0165a\u017ek\u00fdch stien \u2014 n\u00e1vrat k modernej forme \u201cklasick\u00e9ho\u201d horolezectva) je mo\u017en\u00e9 aplikova\u0165 i v na\u0161ich podmienkach,\u00a0<b>pova\u017eovali ma len za utopistick\u00e9ho teoretika.<\/b><\/p>\n<p>Rozhodol som sa preto urobi\u0165 pokus, ktor\u00fd by potvrdil moje n\u00e1zory. Z r\u00f4znych mo\u017enost\u00ed som si vybral t\u00fa, ktor\u00e1 sa mi javila najlogickej\u0161ia a z\u00e1rove\u0148 najzlo\u017eitej\u0161ia &#8211;\u00a0<b>prechod cel\u00e9ho tatransk\u00e9ho mas\u00edvu bez predch\u00e1dzaj\u00facich vyn\u00e1\u0161ok a podporn\u00e9ho dru\u017estva.<\/b><\/p>\n<p>\u00daspe\u0161nou realiz\u00e1ciou prechodu je jednozna\u010dne potvrden\u00e1<b>mo\u017enos\u0165 realizova\u0165 podobn\u00fdm \u0161t\u00fdlom i v\u00fdstupy v in\u00fdch hor\u00e1ch \u2014 pr\u00edpadne ve\u013ehor\u00e1ch<\/b>\u00a0a t\u00fdm sa op\u00e4\u0165<b>za\u010dleni\u0165 do svetovej \u0161pi\u010dky.<\/b>\u00a0Je samozrejm\u00e9, \u017ee je nutn\u00e9 dorie\u0161i\u0165 materi\u00e1lne zabezpe\u010denie, ktor\u00e9 si podujatia tohto druhu vy\u017eaduj\u00fa tak, aby sa stali mo\u017enos\u0165ou pre \u0161irok\u00fd k\u00e1der na\u0161ich horolezcov.<\/p>\n<p>Som presved\u010den\u00fd, \u017ee i publicita bud\u00facich v\u00fdstupov na\u0161ich horolezcov bude tieto okolnosti akceptova\u0165 a \u017ee bud\u00fa zv\u00fd\u0161en\u00e9 krit\u00e9ri\u00e1 pri posudzovan\u00ed jednotliv\u00fdch horolezeck\u00fdch v\u00fdstupov.<\/p>\n<p>E\u0161te by som sa r\u00e1d vyslovil k ot\u00e1zke:\u00a0<b>Pre\u010do s\u00f3lo?<\/b>\u00a0V pr\u00edprave i pri \u0161t\u00fadiu materi\u00e1lov som nepo\u010d\u00edtal s t\u00fdm, \u017ee p\u00f4jdem s\u00e1m. V s\u00fa\u010dasnej dobe sa v\u0161ak s\u00f3lo v\u00fdstupom pripisuje v\u00e4\u010d\u0161\u00ed v\u00fdznam, ne\u017e ak\u00fd v skuto\u010dnosti maj\u00fa. Podliehaj\u00fa laickej i nelaickej glorifik\u00e1cii a s\u00fa nadra\u010fovan\u00e9 nad v\u00fdstupy v dru\u017estve. Ja osobne som kategorick\u00fdm odporcom tak\u00e9hoto pr\u00edstupu k s\u00f3lo v\u00fdstupom, ale v s\u00fa\u010dasnej situ\u00e1cii som si dovolil s chladnou vypo\u010d\u00edtavos\u0165ou zneu\u017ei\u0165 obecn\u00e9 povedomie, a preto som sa rozhodol prechod urobi\u0165 s\u00f3lo.<\/p>\n<p>Ja s\u00e1m pova\u017eujem za\u00a0<b>vrcholn\u00e9 v\u00fdkony pod\u00e1van\u00e9 v dru\u017estve.<\/b>\u00a0Tieto v\u00fdkony s\u00fa\u00a0<b>psychicky n\u00e1ro\u010dnej\u0161ie.<\/b>\u00a0Pri s\u00f3le je\u00a0<b>lezec zodpovedn\u00fd len za seba.<\/b>\u00a0Mieru zodpovednosti si ur\u010duje op\u00e4\u0165 len s\u00e1m vzh\u013eadom k svojej osobe. Omyly, chyby a ich d\u00f4sledky maj\u00fa teda dopad len na vlastn\u00e9 ja. Pri lezen\u00ed v dru\u017estve sa miera zodpovednosti zvy\u0161uje, a t\u00fdm sa\u00a0<b>n\u00e1sob\u00ed i psychick\u00e1 z\u00e1\u0165a\u017e a to ako v negat\u00edvnom, tak i v pozit\u00edvnom zmysle.<\/b><\/p>\n<p>Toto je len jeden zo z\u00e1kladn\u00fdch bodov \u00favah o\u00a0s\u00f3lo v\u00fdstupoch. Rozsiahlej\u0161ie \u00favahy na tuto t\u00e9mu v\u0161ak nie s\u00fa predmetom tohto \u010dl\u00e1nku. Vy\u017eadovali by si samostatn\u00fd \u010dl\u00e1nok a rozsiahlu diskusiu. Som presved\u010den\u00fd, \u017ee v s\u00fa\u010dasnej dobe disponuje \u010ds. horolezectvo vysokov\u00fdkonn\u00fdm k\u00e1drom lezcov, ktor\u00ed po dorie\u0161en\u00ed a odstr\u00e1nen\u00ed nedostatkov v oblasti materi\u00e1lno-technick\u00e9ho vybavenia a po prekonan\u00ed zastaral\u00fdch tendenci\u00ed v horolezeckom myslen\u00ed s\u00fa schopn\u00ed realizova\u0165 v\u00fdstupy svetovej \u00farovne, a to i vo ve\u013ehor\u00e1ch podstatne ekonomickej\u0161ie ako sa to rob\u00ed doteraz.<\/p>\n<div>\n<hr noshade=\"noshade\" size=\"2\" width=\"100%\" \/>\n<\/div>\n<p><i>Spr\u00e1va vy\u0161la v \u010dasopise James\u00e1k \u010d. 2\/1979. Po\u010fakovanie patr\u00ed informa\u010dn\u00e9mu a dokumenta\u010dn\u00e9muu centru JAMES \u2013Slovensk\u00fd horolezeck\u00fd spolok ako i str\u00e1nke horydoly.cz<\/i><\/p>\n<p>&nbsp;<\/p>\n","protected":false},"excerpt":{"rendered":"<p>Neuverite\u013ene dlho trvalo zopakovanie n\u00e1ro\u010dn\u00e9ho\u00a0zimn\u00e9ho prechodu\u00a0cel\u00e9ho\u00a0hrebe\u0148a Tatier. Mi\u0161o Sabov\u010d\u00edk\u00a0aAdam Kadle\u010d\u00edk\u00a0to dok\u00e1zali a v roku 2013 zopakovali \u00faspe\u0161n\u00fd pokus &#8222;pav\u00faka&#8220;\u00a0Pavla Pochyl\u00e9ho,\u00a0priekopn\u00edka extr\u00e9mneho horolezectva a horolezca storo\u010dia.\u00a0Na svojom konte m\u00e1 vy\u0161e tri stovky v\u00fdstupov v Tatr\u00e1ch. Takmer vo v\u0161etk\u00fdch v\u00e4\u010d\u0161\u00edch sten\u00e1ch spravil prvov\u00fdstup (v Gal\u00e9rii G\u00e1nku p\u00e4\u0165), aj v niektor\u00fdch po\u013esk\u00fdch &#8211; Kazalnica Mengusovsk\u00e1. Tie\u017e mnoho zimn\u00fdch [&hellip;]<\/p>\n","protected":false},"author":7,"featured_media":36532,"comment_status":"open","ping_status":"open","sticky":false,"template":"","format":"standard","meta":{"footnotes":""},"categories":[52],"tags":[],"class_list":["post-36512","post","type-post","status-publish","format-standard","has-post-thumbnail","hentry","category-outdoor","eq-blocks"],"_links":{"self":[{"href":"https:\/\/www.slovaklinesmagazin.sk\/cms\/wp-json\/wp\/v2\/posts\/36512","targetHints":{"allow":["GET"]}}],"collection":[{"href":"https:\/\/www.slovaklinesmagazin.sk\/cms\/wp-json\/wp\/v2\/posts"}],"about":[{"href":"https:\/\/www.slovaklinesmagazin.sk\/cms\/wp-json\/wp\/v2\/types\/post"}],"author":[{"embeddable":true,"href":"https:\/\/www.slovaklinesmagazin.sk\/cms\/wp-json\/wp\/v2\/users\/7"}],"replies":[{"embeddable":true,"href":"https:\/\/www.slovaklinesmagazin.sk\/cms\/wp-json\/wp\/v2\/comments?post=36512"}],"version-history":[{"count":2,"href":"https:\/\/www.slovaklinesmagazin.sk\/cms\/wp-json\/wp\/v2\/posts\/36512\/revisions"}],"predecessor-version":[{"id":36541,"href":"https:\/\/www.slovaklinesmagazin.sk\/cms\/wp-json\/wp\/v2\/posts\/36512\/revisions\/36541"}],"wp:featuredmedia":[{"embeddable":true,"href":"https:\/\/www.slovaklinesmagazin.sk\/cms\/wp-json\/wp\/v2\/media\/36532"}],"wp:attachment":[{"href":"https:\/\/www.slovaklinesmagazin.sk\/cms\/wp-json\/wp\/v2\/media?parent=36512"}],"wp:term":[{"taxonomy":"category","embeddable":true,"href":"https:\/\/www.slovaklinesmagazin.sk\/cms\/wp-json\/wp\/v2\/categories?post=36512"},{"taxonomy":"post_tag","embeddable":true,"href":"https:\/\/www.slovaklinesmagazin.sk\/cms\/wp-json\/wp\/v2\/tags?post=36512"}],"curies":[{"name":"wp","href":"https:\/\/api.w.org\/{rel}","templated":true}]}}