{"id":40526,"date":"2014-01-14T10:43:55","date_gmt":"2014-01-14T08:43:55","guid":{"rendered":"http:\/\/slovaklinesmagazin.sk\/cms\/?p=40526"},"modified":"2014-01-14T10:43:55","modified_gmt":"2014-01-14T08:43:55","slug":"jedinecna-spolocenska-sala-forum-karlin-tesne-pred-dokoncenim","status":"publish","type":"post","link":"https:\/\/www.slovaklinesmagazin.sk\/cms\/2014\/01\/jedinecna-spolocenska-sala-forum-karlin-tesne-pred-dokoncenim\/","title":{"rendered":"Jedine\u010dn\u00e1 spolo\u010densk\u00e1 s\u00e1la FORUM Karl\u00edn tesne pred dokon\u010den\u00edm"},"content":{"rendered":"<p>FORUM Karl\u00edn je kult\u00farna a\u00a0spolo\u010densk\u00e1 s\u00e1la, ktor\u00e1 vyrast\u00e1 v\u00a0Prahe, ako s\u00fa\u010das\u0165 multifunk\u010dn\u00e9ho projektu Vision Park Karl\u00edn. Hrub\u00e1 stavba s\u00e1ly, ktor\u00e1 pojme a\u017e\u00a0 2\u00a0000\u00a0sediacich a 3\u00a0000 stojacich div\u00e1kov, je u\u017e dokon\u010den\u00e1 a\u00a0pr\u00e1ve prebieha realiz\u00e1cia interi\u00e9rov\u00fdch in\u0161tal\u00e1ci\u00ed, gastro prev\u00e1dzky, soci\u00e1lnych z\u00e1zem\u00ed a\u00a0in\u0161tal\u00e1cia riggingu. Na stredoeur\u00f3pskej kult\u00farnej sc\u00e9ne sa tak na jar objav\u00ed najmodernej\u0161ia multifunk\u010dn\u00e1 s\u00e1la so \u017eiadanou kapacitou, vybaven\u00edm a z\u00e1zem\u00edm.<\/p>\n<div id='gallery-1' class='gallery galleryid-40526 gallery-columns-3 gallery-size-thumbnail'><figure class='gallery-item'>\n\t\t\t<div class='gallery-icon landscape'>\n\t\t\t\t<a href='https:\/\/www.slovaklinesmagazin.sk\/cms\/2014\/01\/jedinecna-spolocenska-sala-forum-karlin-tesne-pred-dokoncenim\/forum-karlin-prague_1\/'><img loading=\"lazy\" decoding=\"async\" width=\"150\" height=\"150\" src=\"https:\/\/www.slovaklinesmagazin.sk\/cms\/wp-content\/uploads\/2014\/01\/Forum-Karlin-Prague_1-150x150.jpg\" class=\"attachment-thumbnail size-thumbnail\" alt=\"\" \/><\/a>\n\t\t\t<\/div><\/figure><figure class='gallery-item'>\n\t\t\t<div class='gallery-icon landscape'>\n\t\t\t\t<a href='https:\/\/www.slovaklinesmagazin.sk\/cms\/2014\/01\/jedinecna-spolocenska-sala-forum-karlin-tesne-pred-dokoncenim\/forum-karlin-prague_2\/'><img loading=\"lazy\" decoding=\"async\" width=\"150\" height=\"150\" src=\"https:\/\/www.slovaklinesmagazin.sk\/cms\/wp-content\/uploads\/2014\/01\/Forum-Karlin-Prague_2-150x150.jpg\" class=\"attachment-thumbnail size-thumbnail\" alt=\"\" \/><\/a>\n\t\t\t<\/div><\/figure><figure class='gallery-item'>\n\t\t\t<div class='gallery-icon landscape'>\n\t\t\t\t<a href='https:\/\/www.slovaklinesmagazin.sk\/cms\/2014\/01\/jedinecna-spolocenska-sala-forum-karlin-tesne-pred-dokoncenim\/hruba-stavba-projektu-vision-park-karlin-ii-dokoncena_foto-1\/'><img loading=\"lazy\" decoding=\"async\" width=\"150\" height=\"150\" src=\"https:\/\/www.slovaklinesmagazin.sk\/cms\/wp-content\/uploads\/2014\/01\/Hruba-stavba-projektu-VISION-PARK-KARLIN-II-dokoncena_foto-1-150x150.jpg\" class=\"attachment-thumbnail size-thumbnail\" alt=\"\" \/><\/a>\n\t\t\t<\/div><\/figure><figure class='gallery-item'>\n\t\t\t<div class='gallery-icon landscape'>\n\t\t\t\t<a href='https:\/\/www.slovaklinesmagazin.sk\/cms\/2014\/01\/jedinecna-spolocenska-sala-forum-karlin-tesne-pred-dokoncenim\/hruba-stavba-projektu-vision-park-karlin-ii-dokoncena_foto-2\/'><img loading=\"lazy\" decoding=\"async\" width=\"150\" height=\"150\" src=\"https:\/\/www.slovaklinesmagazin.sk\/cms\/wp-content\/uploads\/2014\/01\/Hruba-stavba-projektu-VISION-PARK-KARLIN-II-dokoncena_foto-2-150x150.jpg\" class=\"attachment-thumbnail size-thumbnail\" alt=\"\" \/><\/a>\n\t\t\t<\/div><\/figure><figure class='gallery-item'>\n\t\t\t<div class='gallery-icon landscape'>\n\t\t\t\t<a href='https:\/\/www.slovaklinesmagazin.sk\/cms\/2014\/01\/jedinecna-spolocenska-sala-forum-karlin-tesne-pred-dokoncenim\/hruba-stavba-projektu-vision-park-karlin-ii-dokoncena_foto-4\/'><img loading=\"lazy\" decoding=\"async\" width=\"150\" height=\"150\" src=\"https:\/\/www.slovaklinesmagazin.sk\/cms\/wp-content\/uploads\/2014\/01\/Hruba-stavba-projektu-VISION-PARK-KARLIN-II-dokoncena_foto-4-150x150.jpg\" class=\"attachment-thumbnail size-thumbnail\" alt=\"\" \/><\/a>\n\t\t\t<\/div><\/figure>\n\t\t<\/div>\n\n<p>FORUM Karl\u00edn z\u00a0dielne zn\u00e1meho \u0161panielskeho architekta Ricarda Bofilla a pra\u017esk\u00e9ho ateli\u00e9ru AED project pon\u00fakne jedine\u010dn\u00e9 modern\u00e9 priestory pre usporad\u00favanie koncertov, konferenci\u00ed, kult\u00farnych a\u00a0spolo\u010densk\u00fdch akci\u00ed na dvoch nadzemn\u00fdch a\u00a0jednom podzemnom poschod\u00ed. Stavba bola za\u010dat\u00e1 v\u00a0auguste 2011 a\u00a0jej kolaud\u00e1cia je napl\u00e1novan\u00e1 na jar tohto roku.<\/p>\n<p>FORUM Karl\u00edn bude v\u010faka flexibiln\u00e9mu deliacemu syst\u00e9mu, dvom gal\u00e9ri\u00e1m a\u00a0priestrann\u00e9mu foyer vyu\u017eite\u013en\u00e9 pre akcie r\u00f4zneho rozsahu \u2013 od komorn\u00fdch a\u017e po ve\u013ek\u00e9 kult\u00farne a\u00a0spolo\u010densk\u00e9 udalosti pre nieko\u013eko tis\u00edc host\u00ed. Priestory s\u00e1ly bud\u00fa odhlu\u010dnen\u00e9 a\u00a0bude zabr\u00e1nen\u00e9 i prenosu vibr\u00e1ci\u00ed ako do kancel\u00e1rskych priestorov, ktor\u00e9 sa nach\u00e1dzaj\u00fa nad halou, tak i do okolia. \u201ePochopite\u013ene sme sa zamerali na v\u00fdnimo\u010dn\u00fa akustick\u00fa pohodu vn\u00fatri s\u00e1ly. Vypracovali sme akustick\u00fd 3D priestorov\u00fd model, ktor\u00fd ur\u010dil pre tento priestor s\u00a0objemom 25\u00a0000\u00a0m3 optim\u00e1lnu dobu dozvuku. Takisto sme na z\u00e1klade tohto modelu stanovili druhy materi\u00e1lov pre jednotliv\u00e9 povrchy cel\u00e9ho priestoru tak, aby si n\u00e1v\u0161tevn\u00edci mohli vychutna\u0165 perfektn\u00fd zvuk nielen pri koncerte, ale aj na konferencii \u010di na m\u00f3dnej prehliadke,\u201c hovor\u00ed Tom\u00e1\u0161 Kade\u0159\u00e1bek, ved\u00faci projektu. Pr\u00e1ve sa dokon\u010duje mont\u00e1\u017e hust\u00e9ho z\u00e1vesn\u00e9ho syst\u00e9mu (tzv. riggingu), ktor\u00fd umo\u017e\u0148uje zavesenie sc\u00e9nick\u00fdch technol\u00f3gi\u00ed s\u00a0hmotnos\u0165ou nieko\u013ek\u00fdch desiatok ton.<\/p>\n<p>Usporiadatelia ur\u010dite ocenia premyslen\u00fa logistick\u00fa obslu\u017enos\u0165 multifunk\u010dnej s\u00e1ly. Projektanti navrhli parket \u013eahko pr\u00edstupn\u00fd pre z\u00e1sobovanie, a\u00a0to vr\u00e1tane n\u00e1kladn\u00fdch \u00e1ut napr\u00edklad s\u00a0hudobnou aparat\u00farou. Pre vykl\u00e1dku najr\u00f4znej\u0161ieho vybavenia \u00fa\u010dinkuj\u00facich bude sl\u00fa\u017ei\u0165 \u0161peci\u00e1lna rampa s\u00a0jednoduch\u00fdm pr\u00edstupom priamo do s\u00e1ly. K\u00a0dispoz\u00edcii bude n\u00e1kladn\u00fd v\u00fd\u0165ah. Autori projektu mysleli aj na telev\u00edzne prenosov\u00e9 vozy, pre ktor\u00e9 bude vyhraden\u00e9 parkovanie na n\u00e1mest\u00ed medzi dvoma budovami projektu.<\/p>\n<p>Aj z\u00e1zemie bude ma\u0165 najnov\u0161ie technick\u00e9 vybavenie. Okrem troch st\u00e1lych barov bude napr\u00edklad mo\u017en\u00e9 in\u0161talova\u0165 i\u00a0\u010fal\u0161ie mobiln\u00e9 bary pre ob\u010derstvenie div\u00e1kov v\u00a0s\u00e1le i\u00a0na oboch gal\u00e9ri\u00e1ch, pre ktor\u00e9 bud\u00fa pripraven\u00e9 pr\u00edpojn\u00e9 body. Pre \u00fa\u010dinkuj\u00facich a\u00a0produkciu bude k\u00a0dispoz\u00edcii 18 miestnost\u00ed pre \u0161atne a\u00a0kancel\u00e1rie. Miestnosti v\u00a0z\u00e1zem\u00ed bude mo\u017en\u00e9 sp\u00e1ja\u0165, a\u00a0tak meni\u0165 ich ve\u013ekos\u0165 pod\u013ea pou\u017eitia.<\/p>\n<p><strong>Kolaud\u00e1cia budovy je napl\u00e1novan\u00e1 na jar 2014. Vzh\u013eadom na o\u010dak\u00e1van\u00fd dopyt je mo\u017en\u00e9 u\u017e teraz robi\u0165 rezerv\u00e1cie na akcie s\u00a0term\u00ednom konania od m\u00e1ja 2014 a nesk\u00f4r.<\/strong><\/p>\n<p><strong>\u00a0<\/strong><\/p>\n<p>&nbsp;<\/p>\n<p>Adresa: FORUM Karl\u00edn, Pernerova 652\/55, Praha 8, \u010cesk\u00e1 republika<\/p>\n<p>&nbsp;<\/p>\n<p>&nbsp;<\/p>\n<p>&nbsp;<\/p>\n<p>&nbsp;<\/p>\n","protected":false},"excerpt":{"rendered":"<p>FORUM Karl\u00edn je kult\u00farna a\u00a0spolo\u010densk\u00e1 s\u00e1la, ktor\u00e1 vyrast\u00e1 v\u00a0Prahe, ako s\u00fa\u010das\u0165 multifunk\u010dn\u00e9ho projektu Vision Park Karl\u00edn. Hrub\u00e1 stavba s\u00e1ly, ktor\u00e1 pojme a\u017e\u00a0 2\u00a0000\u00a0sediacich a 3\u00a0000 stojacich div\u00e1kov, je u\u017e dokon\u010den\u00e1 a\u00a0pr\u00e1ve prebieha realiz\u00e1cia interi\u00e9rov\u00fdch in\u0161tal\u00e1ci\u00ed, gastro prev\u00e1dzky, soci\u00e1lnych z\u00e1zem\u00ed a\u00a0in\u0161tal\u00e1cia riggingu. Na stredoeur\u00f3pskej kult\u00farnej sc\u00e9ne sa tak na jar objav\u00ed najmodernej\u0161ia multifunk\u010dn\u00e1 s\u00e1la so \u017eiadanou [&hellip;]<\/p>\n","protected":false},"author":7,"featured_media":0,"comment_status":"open","ping_status":"open","sticky":false,"template":"","format":"gallery","meta":{"footnotes":""},"categories":[48],"tags":[],"class_list":["post-40526","post","type-post","status-publish","format-gallery","hentry","category-umenie-a-kultura","post_format-post-format-gallery","eq-blocks"],"_links":{"self":[{"href":"https:\/\/www.slovaklinesmagazin.sk\/cms\/wp-json\/wp\/v2\/posts\/40526","targetHints":{"allow":["GET"]}}],"collection":[{"href":"https:\/\/www.slovaklinesmagazin.sk\/cms\/wp-json\/wp\/v2\/posts"}],"about":[{"href":"https:\/\/www.slovaklinesmagazin.sk\/cms\/wp-json\/wp\/v2\/types\/post"}],"author":[{"embeddable":true,"href":"https:\/\/www.slovaklinesmagazin.sk\/cms\/wp-json\/wp\/v2\/users\/7"}],"replies":[{"embeddable":true,"href":"https:\/\/www.slovaklinesmagazin.sk\/cms\/wp-json\/wp\/v2\/comments?post=40526"}],"version-history":[{"count":1,"href":"https:\/\/www.slovaklinesmagazin.sk\/cms\/wp-json\/wp\/v2\/posts\/40526\/revisions"}],"predecessor-version":[{"id":40577,"href":"https:\/\/www.slovaklinesmagazin.sk\/cms\/wp-json\/wp\/v2\/posts\/40526\/revisions\/40577"}],"wp:attachment":[{"href":"https:\/\/www.slovaklinesmagazin.sk\/cms\/wp-json\/wp\/v2\/media?parent=40526"}],"wp:term":[{"taxonomy":"category","embeddable":true,"href":"https:\/\/www.slovaklinesmagazin.sk\/cms\/wp-json\/wp\/v2\/categories?post=40526"},{"taxonomy":"post_tag","embeddable":true,"href":"https:\/\/www.slovaklinesmagazin.sk\/cms\/wp-json\/wp\/v2\/tags?post=40526"}],"curies":[{"name":"wp","href":"https:\/\/api.w.org\/{rel}","templated":true}]}}