{"id":58391,"date":"2014-02-09T13:22:34","date_gmt":"2014-02-09T11:22:34","guid":{"rendered":"http:\/\/slovaklinesmagazin.sk\/cms\/?p=58391"},"modified":"2014-02-09T13:23:30","modified_gmt":"2014-02-09T11:23:30","slug":"malba-je-ako-dennik","status":"publish","type":"post","link":"https:\/\/www.slovaklinesmagazin.sk\/cms\/2014\/02\/malba-je-ako-dennik\/","title":{"rendered":"Ma\u013eba je ako denn\u00edk"},"content":{"rendered":"<p>Umelky\u0148a \u010di \u0161portovky\u0148a? V pr\u00edpade Katky Jane\u010dkovej\u00a0nie je jednoduch\u00e9 si vybra\u0165. Reprezentantka Slovenska vo\u00a0wakeboardingu je toti\u017e aj talentovanou maliarkou.<\/p>\n<p>Napriek tomu, \u017ee m\u00e1 len 25 rokov, jej meno nie je slovenskej verejnosti nezn\u00e1me. \u0164a\u017eko v\u0161ak poveda\u0165, \u010di najm\u00e4 pre \u0161portov\u00e9 v\u00fdsledky, alebo svoje v\u00fdtvarn\u00e9 diela. Katar\u00edna Jane\u010dkov\u00e1 je toti\u017e ojedinel\u00fd zjav. Hoci sa tvrd\u00ed, \u017ee ke\u010f je niekto atl\u00e9t, nem\u00f4\u017ee by\u0165 aj est\u00e9t, teda ak je niekto umelecky zalo\u017een\u00fd, k \u0161portom\u00a0pr\u00e1ve nepri\u010duchne a naopak, Katar\u00edna je v\u00fdnimka.\u00a0Je toti\u017e viacn\u00e1sobnou majsterkou Slovenska\u00a0vo wakeboardingu, pred \u0161tyrmi rokmi dokonca\u00a0z\u00edskala zlato na svetov\u00fdch majstrovstv\u00e1ch.\u00a0Popritom je rovnako plnohodnotnou umelky\u0148ou,\u00a0vy\u0161tudovala V\u0160VU a s\u00e9ria jej najnov\u0161\u00edch\u00a0obrazov moment\u00e1lne vis\u00ed v bratislavskej SOGA\u00a0v r\u00e1mci samostatnej v\u00fdstavy s n\u00e1zvom So many\u00a0fish, so little time. Porozpr\u00e1vali sme sa s \u0148ou\u00a0o umen\u00ed a jej m\u00fazach.<\/p>\n<p style=\"text-align: center;\">Katka Jane\u010dkov\u00e1, tvorba:<\/p>\n<p style=\"text-align: center;\"><a href=\"http:\/\/slovaklinesmagazin.sk\/cms\/wp-content\/uploads\/2014\/02\/1.jpg\"><img decoding=\"async\" class=\"aligncenter\" alt=\"\" src=\"http:\/\/slovaklinesmagazin.sk\/cms\/wp-content\/uploads\/2014\/02\/1.jpg\" \/><\/a><\/p>\n<h3>\uf0dd Ak\u00e1 je tvoja cesta maliarky?<\/h3>\n<p>Odjak\u017eiva som rada kreslila a ma\u013eovala. Nikdy\u00a0som v\u0161ak svoju z\u00e1\u013eubu nebrala ako nie\u010do, \u010d\u00edm sa\u00a0budem jedn\u00e9ho d\u0148a \u017eivi\u0165. Myslela som si, \u017ee po\u00a0z\u00e1kladnej \u0161kole nast\u00fapim na bilingv\u00e1lne gymn\u00e1zium,\u00a0ve\u010f ako inak. A potom sa ma, na\u0161\u0165astie,\u00a0mamina jedn\u00e9ho d\u0148a op\u00fdtala, \u010di by som nechcela\u00a0vysk\u00fa\u0161a\u0165 \u0161kolu umeleck\u00e9ho priemyslu. Moje\u00a0umeleck\u00e9 ja zrazu o\u017eilo a za\u010dala som sa tvrdo pripravova\u0165.\u00a0Prijali ma na odbor propaga\u010dn\u00e9ho v\u00fdtvarn\u00edctva.\u00a0Pam\u00e4t\u00e1m si, ako som po nociach bdela\u00a0nad dom\u00e1cimi \u00falohami, realistick\u00fdmi kresbami\u00a0sk\u00fa\u0161aj\u00facimi moju trpezlivos\u0165. Bola som pri tom,\u00a0ako cel\u00e1 rodina vst\u00e1vala do roboty a do \u0161koly a ja\u00a0som sa takto niekedy prekreslila cez nieko\u013eko dn\u00ed\u00a0a noc\u00ed. \u010caro \u201evo\u013enej\u2019\u2019 umeleckej tvorby som objavila,\u00a0ke\u010f sme i\u0161li zo \u0161koly na plen\u00e9r s re\u0161taur\u00e1tormi,\u00a0kde sme ma\u013eovali sliepky na dvore, polia, lesy\u00a0a podobne. Po prv\u00fdkr\u00e1t som sa tak \u201enaozajstne\u201d\u00a0chytila \u0161tetca a odu\u0161evnene ma\u013eovala, u\u017e aj na\u00a0\u00fakor \u201edom\u00e1cich \u00faloh\u201d. Postupne som zis\u0165ovala,\u00a0\u010do mi je bl\u00edzke a z\u00edskavala som odvahu prihl\u00e1si\u0165\u00a0sa na V\u0160VU. Odvtedy asi tak r\u00e1tam, \u017ee ma\u013eujem\u00a0\u201enaozajstne\u201d (smiech).<\/p>\n<p style=\"text-align: center;\"><a href=\"http:\/\/slovaklinesmagazin.sk\/cms\/wp-content\/uploads\/2014\/02\/5.jpg\"><img decoding=\"async\" class=\"aligncenter\" alt=\"\" src=\"http:\/\/slovaklinesmagazin.sk\/cms\/wp-content\/uploads\/2014\/02\/5.jpg\" \/><\/a><\/p>\n<h3>\uf0dd M\u00e1\u0161 umenie v rodine?<\/h3>\n<p>Babka z tatinovej strany pekne kresl\u00ed a st\u00e1le nie\u010do\u00a0tvoriv\u00e9 vym\u00fd\u0161\u013ea. Tatino kr\u00e1sne fotil a kreslil. Ale\u00a0ani jeden s t\u00fdm nikdy ni\u010d nerobil, pova\u017eovali to\u00a0za z\u00e1\u013eubu.<\/p>\n<p style=\"text-align: center;\"><a href=\"http:\/\/slovaklinesmagazin.sk\/cms\/wp-content\/uploads\/2014\/02\/Janeckova_1.jpg\"><img decoding=\"async\" class=\"aligncenter\" alt=\"\" src=\"http:\/\/slovaklinesmagazin.sk\/cms\/wp-content\/uploads\/2014\/02\/Janeckova_1.jpg\" \/><\/a><\/p>\n<h3>\uf0dd Ak\u00e9 t\u00e9my s\u00fa tvojmu srdcu bl\u00edzke? \u010co\u00a0najrad\u0161ej ma\u013euje\u0161?<\/h3>\n<p>Ma\u013eovanie je pre m\u0148a tak trochu ako p\u00edsanie\u00a0denn\u00edka. U\u017e v prvom ro\u010dn\u00edku na V\u0160VU bolo jasn\u00e9,\u00a0\u017ee mi je bl\u00edzka figur\u00e1lna ma\u013eba. Ako ka\u017ed\u00e9 diev\u010da\u00a0v tom veku, aj ja som rie\u0161ila najm\u00e4 l\u00e1sku a vz\u0165ahy\u00a0a moje prvotn\u00e9 ma\u013eby sa t\u00fdkali t\u00fdchto t\u00e9m. Neraz\u00a0som obraz obsypala ru\u017eami a podobne. Boli to\u00a0po\u010diny, nad ktor\u00fdmi mo\u017eno niektor\u00ed star\u0161\u00ed spolu\u017eiaci\u00a0kr\u00fatili hlavou, \u017ee aha, \u010fal\u0161ia \u201edrama queen\u201d\u00a0(smiech). Nesk\u00f4r som za\u010dala akoby mapova\u0165\u00a0mantinely, odkia\u013e a kam m\u00f4\u017eem a\u017e z\u00e1js\u0165, \u010do si m\u00f4\u017eem\u00a0dovoli\u0165 nama\u013eova\u0165, \u010di m\u00f4\u017eem ma\u013eova\u0165 aj t\u00fa\u00a0vyb\u00e1jen\u00fa nahotu a podobne. Experimentovala\u00a0som. Mnoh\u00e9 obrazy boli erotick\u00e9 alebo so sexu\u00e1lnym\u00a0podt\u00f3nom, ale stale ve\u013emi diev\u010densk\u00e9\u00a0a ne\u017en\u00e9. A potom som sa za\u010dala zauj\u00edma\u0165 o to,\u00a0\u010do robia \u013eudia vo svojom s\u00fakrom\u00ed, \u010do skr\u00fdvaj\u00fa\u00a0a podobne a vznikali aj bizarnej\u0161ie laden\u00e9 obrazy.\u00a0Va\u010d\u0161inou to u m\u0148a funguje tak, \u017ee ke\u010f sa\u00a0nas\u00fdtim nejakej t\u00e9my, prirodzene a spont\u00e1nne to\u00a0prejde do nie\u010doho in\u00e9ho. Za\u010dala som chodi\u0165 na\u00a0thajsk\u00fd box a t\u00e1to skuto\u010dnos\u0165 sa akosi prirodzene\u00a0premietla do toho, \u017ee som v ma\u013eb\u00e1ch pou\u017e\u00edvala\u00a0mot\u00edv boxersk\u00fdch rukav\u00edc. Mot\u00edv medve\u010fov\u00a0v mojich obrazoch, ktor\u00fd sa tam zjavuje celkom\u00a0\u010dasto, pri\u0161iel zasa s nov\u00fdmi pocitmi, t\u00fdkaj\u00facimi\u00a0sa najm\u00e4 vz\u0165ahov \u010di osudov\u00fdch mu\u017eov. Raz som\u00a0nama\u013eovala obraz, kde ja vyliezam z medve\u010fa\u00a0a m\u00e1m na ruk\u00e1ch boxersk\u00e9 rukavice, ako keby\u00a0som pr\u00e1ve nie\u010do dobojovala. Ten obraz reflektuje\u00a0ne\u013eahk\u00e9 \u017eivotn\u00e9 okolnosti v mojom \u017eivote spojen\u00e9\u00a0s tatinovim bojom s rakovinou. Obrazy z tohto\u00a0obdobia s\u00fa, \u010do si pamat\u00e1m, tak\u00e9 bojovn\u00edcke.<\/p>\n<p style=\"text-align: center;\"><a href=\"http:\/\/slovaklinesmagazin.sk\/cms\/wp-content\/uploads\/2014\/02\/Janeckova_2.jpg\"><img decoding=\"async\" class=\"aligncenter\" alt=\"\" src=\"http:\/\/slovaklinesmagazin.sk\/cms\/wp-content\/uploads\/2014\/02\/Janeckova_2.jpg\" \/><\/a><\/p>\n<h3>\uf0dd Ktor\u00fd umelec alebo umelky\u0148a je ti bl\u00edzky?<\/h3>\n<p>Zo \u017eensk\u00fdch umelk\u00fd\u0148 som kedysi mala najrad\u0161ej\u00a0Fridu Kahlo. Ke\u010f sme na strednej \u0161kole robili\u00a0reprodukcie umeleck\u00fdch pr\u00e1c, v\u017edy som si vyberala\u00a0jej diela. Ke\u010f som nie\u010do prer\u00e1bala, dokonca\u00a0som mala pocit, akoby som jej obraz nama\u013eovala\u00a0sama, preto\u017ee som poznala ka\u017ed\u00fd jeden \u0165ah\u00a0tej ma\u013eby (smiech). Ve\u013emi rada m\u00e1m Balthusa.\u00a0Cel\u00fd svoj \u017eivot ma\u013eoval ve\u013emi mlad\u00e9 diev\u010dat\u00e1,\u00a0nejeden jeho obraz sp\u00f4sobil v tej dobe \u0161kand\u00e1l\u00a0\u010di pob\u00farenie. Jeho diela maj\u00fa tak\u00fa zvl\u00e1\u0161tnu\u00a0atmosf\u00e9ru, ktor\u00e1 ma fascinuje. Ned\u00e1vno som\u00a0v New Yorku videla jeho ve\u013ek\u00fa v\u00fdstavu Girls and\u00a0Provocations. Pri ka\u017edom obraze som st\u00e1la dlho\u00a0a s\u00fastredene, akoby som chcela v\u0161etok jeho\u00a0kum\u0161t a in\u0161pir\u00e1ciu vstreba\u0165 do seba. A potom\u00a0m\u00e1m rada e\u0161te mili\u00f3n \u010fal\u0161\u00edch umelcov, hlavne\u00a0s\u00fa\u010dasn\u00fdch (smiech).<\/p>\n<h3>\uf0dd Ma\u013euje sa ti lep\u0161ie, ke\u010f si \u0161\u0165astn\u00e1, alebo\u00a0ke\u010f m\u00e1\u0161 \u201etemnej\u0161ie\u201d chv\u00ed\u013eky?<\/h3>\n<p>Lep\u0161ie sa mi ma\u013euje, ke\u010f som \u0161\u0165astn\u00e1. Zauj\u00edmav\u00e9\u00a0je, \u017ee pr\u00e1ve po\u010das ne\u013eahk\u00e9ho obdobia som siahala\u00a0po radostnej\u0161\u00edch mot\u00edvoch, ma\u013eovala som\u00a0palmy, pl\u00e1\u017ee, bezstarostn\u00e9 \u017eeny s medve\u010fmi.\u00a0Moment\u00e1lne sa v\u0161ak nes\u00fastred\u00edm na to, \u010di ma\u013eova\u0165\u00a0pozit\u00edvne veci alebo negat\u00edvne. M\u00e1m rada\u00a0umenie od srdca a s n\u00e1zorom, nie zalo\u017een\u00e9 len\u00a0na snahe p\u00e1\u010di\u0165 sa. Ale samozrejme, je fajn, ke\u010f\u00a0sa aj p\u00e1\u010di, haha :).<\/p>\n<h3>\uf0dd Ak\u00e9 maliarske techniky pou\u017e\u00edva\u0161?<\/h3>\n<p>Ma\u013eujem akrylom na pl\u00e1tno, ale ob\u010das pou\u017e\u00edvam\u00a0aj spreje a centrofixky. Kombinujem to.\u00a0A niekedy ma\u013eujem na papier a pou\u017e\u00edvam to, \u010do m\u00e1m moment\u00e1lne po ruke. Nem\u00e1m vyhranen\u00e9\u00a0maliarske techniky. Chcela by som \u010doskoro vysk\u00fa\u0161a\u0165\u00a0aj olejov\u00e9 farby.<\/p>\n<h3>\uf0dd Je po tvojich dielach dopyt?<\/h3>\n<p>Ale je (smiech). Ma\u013eba ma u\u017eiv\u00ed a ve\u013emi sa tomu\u00a0te\u0161\u00edm, i ke\u010f moje ciele s\u00fa e\u0161te \u010faleko za t\u00fdm.\u00a0Moment\u00e1lne je pre m\u0148a c\u0165ou, \u017ee m\u00f4\u017eem vystavova\u0165\u00a0u n\u00e1s v Bratislave (v SOGA) diela, ktor\u00e9\u00a0vznikli ned\u00e1vno po\u010das m\u00f4jho trojmesa\u010dn\u00e9ho\u00a0pobytu v Kanade.<\/p>\n<h3>\uf0dd Pre\u010do je n\u00e1zov v\u00fdstavy, ktor\u00e1 sa d\u00e1\u00a0moment\u00e1lne vidie\u0165 v SOGA, v angli\u010dtine\u00a0a pre\u010do sa vol\u00e1 v preklade Tak ve\u013ea r\u00fdb, tak\u00a0m\u00e1lo \u010dasu?<\/h3>\n<p>V\u0161etky obrazy vznikli po\u010das m\u00f4jho pobytu na\u00a0ostrove Newfoundland a tento v\u00fdrok mi d\u00e1va\u00a0v\u00e4\u010d\u0161\u00ed zmysel v angli\u010dtine ako v sloven\u010dine, aj\u00a0ke\u010f sa nechcem hra\u0165 teraz na ve\u013ek\u00fa Ameri\u010danku.\u00a0Zd\u00e1 sa mi to jednoducho v\u00fdsti\u017enej\u0161ie. Hoci je to\u00a0ryb\u00e1rsky v\u00fdrok, d\u00e1 sa aplikova\u0165 na \u017eivot ako tak\u00fd\u00a0a na r\u00f4zne jeho aspekty. Ryb\u00e1ri by najrad\u0161ej nalovili\u00a0to\u013eko r\u00fdb, ko\u013eko sa v rybn\u00edku nach\u00e1dza,\u00a0pritom \u017eivot maj\u00fa len jeden. Teda ten, o ktorom\u00a0vieme\u2026 :-). A samozrejme, slovo \u201eryby\u201d m\u00f4\u017eeme\u00a0nahradi\u0165 mu\u017emi, \u017eenami, peniazmi, \u00faspechom\u00a0a tak \u010falej. Tento v\u00fdrok poz\u00fdva do filozofickej\u00a0debaty na r\u00f4zne t\u00e9my: To\u013eko toho chceme\u00a0v \u017eivote stihn\u00fa\u0165 a \u010das je tak\u00fd kr\u00e1tky. Je spr\u00e1vne\u00a0sa niekam pon\u00e1h\u013ea\u0165? A podobne. Okrem toho,\u00a0mala som vyhraden\u00fd \u010das, za ktor\u00fd mohli obrazy\u00a0vznikn\u00fa\u0165 a pritom to\u013eko in\u0161pirat\u00edvnych n\u00e1metov,\u00a0to\u013eko r\u00fdb. Aj s t\u00fdm to s\u00favis\u00ed. V Kanade\u00a0som mala vo\u013enos\u0165, \u017eiaden dozor pedag\u00f3ga \u010di\u00a0konzult\u00e1cie. Ma\u013eovala som to, po \u010dom mi srdce\u00a0pi\u0161\u0165alo a mohla som sa \u201eutrhn\u00fa\u0165 z re\u0165aze\u201d. S t\u00fdm\u00a0boli spojen\u00e9 aj pochybnosti, \u010di je moja tvorba\u00a0st\u00e1le dobr\u00fdm umen\u00edm a \u010di mi e\u0161te \u00faplne \u201eneuletel\u00a0dekel\u201d :)). V\u0161etky obrazy na v\u00fdstave spolu\u00a0tvoria jeden celok. Zaznamenala som si tak \u010fal\u0161ie\u00a0\u017eivotn\u00e9 obdobie, t\u00fdkaj\u00face sa Kanady.<\/p>\n<h3>\uf0dd Ak\u00fd mot\u00edv sa tiahne v\u0161etk\u00fdmi t\u00fdmito\u00a0obrazmi?<\/h3>\n<p>Dominuj\u00fa ryby a zvierat\u00e1, preto je ten n\u00e1zov aj\u00a0tak\u00fd ryb\u00e1rsky. A voda. Obrazy rozpr\u00e1vaj\u00fa v\u00e4\u010d\u0161inou\u00a0ryb\u00e1rske a po\u013eovn\u00edcke pr\u00edbehy a legendy\u00a0zmie\u0161an\u00e9 s t\u00fdm, \u010do som mala po\u010das tohto\u00a0\u201ev\u00fdletu\u201d v hlave a ovplyvnen\u00e9 s\u00fa, samozrejme,\u00a0aj mojou predo\u0161lou tvorbou. Je to svet,\u00a0ktor\u00fd som dovtedy nepoznala. V\u010faka pobytu\u00a0v Kanade, v dvestoro\u010dnej ryb\u00e1rskej dedinke\u00a0Petty Harbour, som mohla do neho nahliadnu\u0165\u00a0a presk\u00fama\u0165 aj sam\u00fa seba. Vystupuj\u00fa tam rozli\u010dn\u00e9\u00a0zvierat\u00e1, ktor\u00e9 nes\u00fa ur\u010dit\u00fa symboliku a s\u00fa\u00a0v\u017edy postaven\u00e9 do nejak\u00e9ho vz\u0165ahu, napr\u00edklad\u00a0aj so \u017eenou.<\/p>\n<h3>\uf0dd Ak\u00e9 s\u00fa reakcie na tvoje obrazy?<\/h3>\n<p>Niektor\u00e9 obrazy s\u00fa probl\u00e9mov\u00e9 (smiech).\u00a0Napr\u00edklad jeden m\u00f4j obraz, ktor\u00fd som nama\u013eovala\u00a0pred \u0161tyrmi rokmi. Na tom obraze je stv\u00e1rnen\u00fd\u00a0medve\u010f, ktor\u00fd ma dr\u017e\u00ed na ruk\u00e1ch a hlava\u00a0patr\u00ed vtedaj\u0161iemu priate\u013eovi. Ka\u017ed\u00fd jeden nasleduj\u00faci,\u00a0aj ke\u010f ich zasa nebolo to\u013eko (smiech),\u00a0s n\u00edm mal nejak\u00fd probl\u00e9m a musela som ho\u00a0st\u00e1le odniekia\u013e vymaz\u00e1va\u0165 (smiech). Alebo ma\u00a0prekvapila reakcia jedn\u00e9ho p\u00e1na na obraz, kde\u00a0\u017eena nama\u013eovan\u00e1 zlatou farbou sed\u00ed na lopte.\u00a0Chcel, aby som loptu prema\u013eovala na jeho hlavu\u2026\u00a0\u013dudia maj\u00fa ve\u013ek\u00fa fant\u00e1ziu (smiech). V\u017edy\u00a0ma v\u0161ak nesmierne pote\u0161\u00ed, ke\u010f si niekto m\u00f4j\u00a0obraz k\u00fapi a ke\u010f mi potom rozpr\u00e1vaj\u00fa, ako ho\u00a0maj\u00fa zavesen\u00fd doma a ako sa im s n\u00edm \u017eije.\u00a0M\u00e1m rada aj to, ke\u010f \u013eudia vedia z ma\u013eby vy\u010d\u00edta\u0165,\u00a0\u010do som \u0148ou chcela poveda\u0165, pr\u00edpadne, ke\u010f\u00a0strie\u013eaj\u00fa tot\u00e1lne mimo a ja v\u010faka nim objav\u00edm\u00a0nov\u00e9 rozmery toho, \u010do som vytvorila.<\/p>\n<h3>\uf0dd Ak\u00e9 vlastnosti mus\u00ed ma\u0165 pod\u013ea teba\u00a0maliar, ak chce by\u0165 \u00faspe\u0161n\u00fd?<\/h3>\n<p>Talent nie je v\u0161etko. Neraz \u013eudia, ktor\u00ed na sebe\u00a0pracuj\u00fa, predbehn\u00fa aj omnoho talentovanej\u0161\u00edch,\u00a0ktor\u00ed na sebe nepracuj\u00fa. S\u00fa\u010dasn\u00fd umelec\u00a0mus\u00ed by\u0165 pod\u013ea m\u0148a aj odv\u00e1\u017eny, odovzda\u0165 sa\u00a0tomu, \u010do rob\u00ed a veri\u0165 si. Mus\u00ed do toho \u00eds\u0165 srdcom.\u00a0Je to aj o \u0161\u0165ast\u00ed, nach\u00e1dza\u0165 sa v spr\u00e1vnom \u010dase\u00a0na spr\u00e1vnom mieste. Hovor\u00ed sa, \u017ee v\u0161etko tu u\u017e\u00a0bolo. No ka\u017ed\u00fd z n\u00e1s je jedine\u010dn\u00fd. Ak tvor\u00edte zo\u00a0srdca, je to c\u00edti\u0165 a dielo je autentick\u00e9. A dobr\u00e9ho\u00a0galeristu by to chcelo :).<\/p>\n<p style=\"text-align: center;\">Katka Jene\u010dkov\u00e1 &#8211; reprezentantka Slovenska vo\u00a0wakeboardingu<\/p>\n<p style=\"text-align: center;\"><a href=\"http:\/\/slovaklinesmagazin.sk\/cms\/wp-content\/uploads\/2014\/02\/wakeboard-janeckova1_jozef-durica.jpg\"><img decoding=\"async\" class=\"aligncenter\" alt=\"Jozef Durica\" src=\"http:\/\/slovaklinesmagazin.sk\/cms\/wp-content\/uploads\/2014\/02\/wakeboard-janeckova1_jozef-durica.jpg\" \/><\/a><\/p>\n<p style=\"text-align: center;\"><a href=\"http:\/\/slovaklinesmagazin.sk\/cms\/wp-content\/uploads\/2014\/02\/Janeckova_8.jpg\"><img decoding=\"async\" class=\"aligncenter\" alt=\"\" src=\"http:\/\/slovaklinesmagazin.sk\/cms\/wp-content\/uploads\/2014\/02\/Janeckova_8.jpg\" \/><\/a><\/p>\n<p style=\"text-align: center;\"><a href=\"http:\/\/slovaklinesmagazin.sk\/cms\/wp-content\/uploads\/2014\/02\/Janeckova_4.jpg\"><img decoding=\"async\" class=\"aligncenter\" alt=\"\" src=\"http:\/\/slovaklinesmagazin.sk\/cms\/wp-content\/uploads\/2014\/02\/Janeckova_4.jpg\" \/><\/a><\/p>\n<p style=\"text-align: center;\"><a href=\"http:\/\/slovaklinesmagazin.sk\/cms\/wp-content\/uploads\/2014\/02\/Janeckova_61.jpg\"><img decoding=\"async\" class=\"aligncenter\" alt=\"\" src=\"http:\/\/slovaklinesmagazin.sk\/cms\/wp-content\/uploads\/2014\/02\/Janeckova_61-723x1024.jpg\" \/><\/a><\/p>\n<p style=\"text-align: left;\">Text: Barbra Daxner<br \/>\nFoto:\u00a0Jozef Durica,\u00a0\u00a0Kristian Tomancik<\/p>\n","protected":false},"excerpt":{"rendered":"<p>Umelky\u0148a \u010di \u0161portovky\u0148a? V pr\u00edpade Katky Jane\u010dkovej\u00a0nie je jednoduch\u00e9 si vybra\u0165. Reprezentantka Slovenska vo\u00a0wakeboardingu je toti\u017e aj talentovanou maliarkou. Napriek tomu, \u017ee m\u00e1 len 25 rokov, jej meno nie je slovenskej verejnosti nezn\u00e1me. \u0164a\u017eko v\u0161ak poveda\u0165, \u010di najm\u00e4 pre \u0161portov\u00e9 v\u00fdsledky, alebo svoje v\u00fdtvarn\u00e9 diela. Katar\u00edna Jane\u010dkov\u00e1 je toti\u017e ojedinel\u00fd zjav. Hoci sa tvrd\u00ed, \u017ee [&hellip;]<\/p>\n","protected":false},"author":7,"featured_media":58392,"comment_status":"open","ping_status":"open","sticky":false,"template":"","format":"standard","meta":{"footnotes":""},"categories":[5,52,48],"tags":[],"class_list":["post-58391","post","type-post","status-publish","format-standard","has-post-thumbnail","hentry","category-celebrity-magazine","category-outdoor","category-umenie-a-kultura","eq-blocks"],"_links":{"self":[{"href":"https:\/\/www.slovaklinesmagazin.sk\/cms\/wp-json\/wp\/v2\/posts\/58391","targetHints":{"allow":["GET"]}}],"collection":[{"href":"https:\/\/www.slovaklinesmagazin.sk\/cms\/wp-json\/wp\/v2\/posts"}],"about":[{"href":"https:\/\/www.slovaklinesmagazin.sk\/cms\/wp-json\/wp\/v2\/types\/post"}],"author":[{"embeddable":true,"href":"https:\/\/www.slovaklinesmagazin.sk\/cms\/wp-json\/wp\/v2\/users\/7"}],"replies":[{"embeddable":true,"href":"https:\/\/www.slovaklinesmagazin.sk\/cms\/wp-json\/wp\/v2\/comments?post=58391"}],"version-history":[{"count":3,"href":"https:\/\/www.slovaklinesmagazin.sk\/cms\/wp-json\/wp\/v2\/posts\/58391\/revisions"}],"predecessor-version":[{"id":58404,"href":"https:\/\/www.slovaklinesmagazin.sk\/cms\/wp-json\/wp\/v2\/posts\/58391\/revisions\/58404"}],"wp:featuredmedia":[{"embeddable":true,"href":"https:\/\/www.slovaklinesmagazin.sk\/cms\/wp-json\/wp\/v2\/media\/58392"}],"wp:attachment":[{"href":"https:\/\/www.slovaklinesmagazin.sk\/cms\/wp-json\/wp\/v2\/media?parent=58391"}],"wp:term":[{"taxonomy":"category","embeddable":true,"href":"https:\/\/www.slovaklinesmagazin.sk\/cms\/wp-json\/wp\/v2\/categories?post=58391"},{"taxonomy":"post_tag","embeddable":true,"href":"https:\/\/www.slovaklinesmagazin.sk\/cms\/wp-json\/wp\/v2\/tags?post=58391"}],"curies":[{"name":"wp","href":"https:\/\/api.w.org\/{rel}","templated":true}]}}