{"id":58418,"date":"2014-02-11T11:42:18","date_gmt":"2014-02-11T09:42:18","guid":{"rendered":"http:\/\/slovaklinesmagazin.sk\/cms\/?p=58418"},"modified":"2014-02-11T16:16:21","modified_gmt":"2014-02-11T14:16:21","slug":"fasiangove-tradicie-v-regione-mala-fatra","status":"publish","type":"post","link":"https:\/\/www.slovaklinesmagazin.sk\/cms\/2014\/02\/fasiangove-tradicie-v-regione-mala-fatra\/","title":{"rendered":"Fa\u0161iangov\u00e9 trad\u00edcie v Regi\u00f3ne Mal\u00e1 Fatra"},"content":{"rendered":"<p style=\"text-align: left;\" align=\"center\">Fa\u0161iangov\u00e9 obdobie je \u010dasom z\u00e1bav, plesov, vesel\u00edc a\u00a0tancova\u010diek. Je to obdobie od Troch kr\u00e1\u013eov a\u017e do Popolcovej stredy, po ktorom nasleduje \u0161tyridsa\u0165d\u0148ov\u00fd p\u00f4st. Aj v\u00a0Malej Fatre je tento \u010das prechodu od zimy k\u00a0jari spojen\u00fd s\u00a0tane\u010dn\u00fdmi z\u00e1bavami, fa\u0161iangov\u00fdmi sprievodmi, karnevalmi \u010di zab\u00edja\u010dkami.\u00a0 Viete o\u00a0tom, \u017ee fa\u0161iangy boli p\u00f4vodne pohanskou sl\u00e1vnos\u0165ou, ktor\u00e1 bola zasv\u00e4ten\u00e1 b\u00f4\u017eikovi v\u00edna Bakchovi? Hodovan\u00edm, z\u00e1bavou a\u00a0veselos\u0165ou mali \u013eudia zabudn\u00fa\u0165 na starosti v\u0161edn\u00fdch dn\u00ed. Poch\u00e1dzaj\u00fa z\u00a0Egypta, odkia\u013e sa preniesli do Gr\u00e9cka a\u00a0odtia\u013e ve\u013emi r\u00fdchlo do cel\u00e9ho sveta.<\/p>\n<p style=\"text-align: center;\" align=\"center\"><a href=\"http:\/\/slovaklinesmagazin.sk\/cms\/wp-content\/uploads\/2014\/02\/fasiangy_zborov.jpg\"><img decoding=\"async\" class=\"aligncenter\" alt=\"\" src=\"http:\/\/slovaklinesmagazin.sk\/cms\/wp-content\/uploads\/2014\/02\/fasiangy_zborov.jpg\" \/><\/a>Fa\u0161iangy zborov<\/p>\n<p>Regi\u00f3n Malej Fatry je miestom, kde fa\u0161iangov\u00e9 trad\u00edcie nie s\u00fa len slovom \u010di pre\u017eitkom. S\u00fa skuto\u010dnou oslavou a\u00a0prejavom radosti a\u00a0pohostinnosti. Spoznajte bli\u017e\u0161ie Mal\u00fa Fatru, zab\u00e1vajte sa, hodujte, spievajte po\u010das fa\u0161iangov u\u00a0n\u00e1s a\u00a0s nami.<\/p>\n<p><strong>\u017dilina<\/strong> ka\u017edoro\u010dne koncom febru\u00e1ra o\u017e\u00edva festivalom fa\u0161iangov\u00fdch masiek. Carneval Slovakia \u017dilina je najv\u00e4\u010d\u0161\u00edm fa\u0161iangov\u00fdm festivalom na Slovensku. V uliciach sa zab\u00e1vaj\u00fa, tancuj\u00fa a\u00a0spievaj\u00fa ma\u0161kary, zvl\u00e1\u0161tne bytosti a\u00a0 v\u0161akovak\u00e9 pr\u00ed\u0161ery. N\u00e1v\u0161tevn\u00edkov festivalom ka\u017edoro\u010dne sprev\u00e1dza fa\u0161iangov\u00fd kr\u00e1\u013e a kr\u00e1\u013eovn\u00e1. Pestr\u00fd fa\u0161iangov\u00fd program je pripraven\u00fd v\u00a0\u017diline aj tento rok. Vychutnajte a\u00a0ochutnajte ako chutia fa\u0161iangy v\u00a0meste. 10. ro\u010dn\u00edk \u017eilinsk\u00e9ho festivalu fa\u0161iangov\u00fdch masiek sa bude kona\u0165 na Mari\u00e1nskom n\u00e1mest\u00ed 28. febru\u00e1ra 2014 (piatok).<\/p>\n<p>&nbsp;<\/p>\n<p style=\"text-align: center;\"><a href=\"http:\/\/slovaklinesmagazin.sk\/cms\/wp-content\/uploads\/2014\/02\/foto1_-Carneval-Slovakia-\u017dilina_-zdroj_-arch\u00edv-TIK-mesta-\u017dilina.jpg\"><img loading=\"lazy\" decoding=\"async\" class=\"aligncenter\" alt=\"\" src=\"http:\/\/slovaklinesmagazin.sk\/cms\/wp-content\/uploads\/2014\/02\/foto1_-Carneval-Slovakia-\u017dilina_-zdroj_-arch\u00edv-TIK-mesta-\u017dilina.jpg\" width=\"800\" height=\"534\" \/><\/a><\/p>\n<p style=\"text-align: center;\">Carneval Slovakia \u017dilina, zdroj arch\u00edv TIK mesta \u017dilina<\/p>\n<p>Ke\u010f sa vyd\u00e1te zo \u017diliny smerom na Terchovsk\u00fa dolinu, prv\u00e1 obec, ktorou budete prech\u00e1dza\u0165 je<strong> Tepli\u010dka nad V\u00e1hom<\/strong>. \u00a0Sl\u00e1venie fa\u0161iangov je tu, v obci, ktorej hist\u00f3ria je spojen\u00e1 s\u00a0menom \u017dofie Bosniakovej, zau\u017e\u00edvan\u00e9 od nepam\u00e4ti. Tradi\u010dn\u00fd fa\u0161iangov\u00fd sprievod kr\u00e1\u010dal obcou u\u017e od skor\u00fdch rann\u00fdch hod\u00edn. Mu\u017ei i\u00a0\u017eeny, prezle\u010den\u00ed do kost\u00fdmov, hudbou a\u00a0spevom oznamovali, \u017ee sa bl\u00ed\u017ei nevesta so \u017een\u00edchom a\u00a0svadobn\u00fdm r\u00fachom. &#8222;Ma\u0161kary&#8220; \u017eartovali, spievali a\u00a0tancovali. Dom\u00e1ci ich u\u017e \u010dakali s\u00a0v\u00fdslu\u017ekou v podobe dom\u00e1cich vaj\u00ed\u010dok, slaniny a sladk\u00fdch \u0161i\u0161iek s lekv\u00e1rom. Po\u010das d\u0148a sa konala ve\u013ek\u00e1 obecn\u00e1 zab\u00edja\u010dka a\u00a0po zotmen\u00ed z\u00e1bava na ktorej sa pochov\u00e1vala basa.Fa\u0161iangov\u00e9 trad\u00edcie v\u00a0Tepli\u010dke nad V\u00e1hom st\u00e1le \u017eij\u00fa. Miestna folkl\u00f3rna skupina Stran\u00edk v\u00e1s o\u00a0tom presved\u010d\u00ed v\u00a0sobotu, 1. marca 2014. Pr\u00ed\u010fte sa pozrie\u0165, ur\u010dite neo\u013eutujete.<\/p>\n<p style=\"text-align: center;\"><a href=\"http:\/\/slovaklinesmagazin.sk\/cms\/wp-content\/uploads\/2014\/02\/foto4_-Tradi\u010dn\u00e1-zab\u00edja\u010dka-v-Belej_-zdroj_-arch\u00edv-O\u00da-Bel\u00e1.jpg\"><img decoding=\"async\" class=\"aligncenter\" alt=\"\" src=\"http:\/\/slovaklinesmagazin.sk\/cms\/wp-content\/uploads\/2014\/02\/foto4_-Tradi\u010dn\u00e1-zab\u00edja\u010dka-v-Belej_-zdroj_-arch\u00edv-O\u00da-Bel\u00e1.jpg\" \/><\/a><\/p>\n<p style=\"text-align: center;\">Tradi\u010dn\u00e1 zab\u00edja\u010dka v Belej, zdroj arch\u00edv O\u00da Bel\u00e1<\/p>\n<p>Obec <strong>Bel\u00e1<\/strong> je presl\u00e1ven\u00e1 nielen vynikaj\u00facou zmrzlinou ale aj najlep\u0161\u00edm slovensk\u00fdm autocampingom roku 2013. Fa\u0161iangy v\u00a0tejto obci s\u00fa charakteristick\u00e9 neopakovate\u013enou atmosf\u00e9rou, ktor\u00fa treba za\u017ei\u0165 \u2013 belsk\u00e1 muzika, v\u00f4\u0148a pravej zab\u00edja\u010dkovej kapustnice \u010di in\u00fdch tradi\u010dn\u00fdch zab\u00edja\u010dkov\u00fdch v\u00fdrobkov. Konsk\u00fd povoz s\u00a0veselou dru\u017einou miestnych mlad\u00edkov v\u00a0dobov\u00fdch mask\u00e1ch turvo\u0148ov rozvesel\u00ed skuto\u010dne ka\u017ed\u00e9ho. Fa\u0161iangov\u00e1 veselica sa chyst\u00e1 na sobotu, 1. marca 2014. U\u017e od rann\u00fdch hod\u00edn sa bude pred miestnym kult\u00farnym domom hodova\u0165, tancova\u0165, spieva\u0165. Pridajte sa a vysk\u00fa\u0161ajte aj vy ako chut\u00ed prav\u00e1 zab\u00edja\u010dkov\u00e1 kapustnica.<\/p>\n<p>V\u00a0<strong>Terchovej<\/strong> sa pri pr\u00edle\u017eitosti fa\u0161iangov ka\u017edoro\u010dne konaj\u00fa preteky gazdovsk\u00fdch kon\u00ed, ktor\u00e9 s\u00fa spojen\u00e9 s\u00a0fa\u0161iangovou zab\u00edja\u010dkou.\u00a0 15. ro\u010dn\u00edk Pretekov gazdovsk\u00fdch kon\u00ed sa aj tento rok uskuto\u010dn\u00ed v are\u00e1li pod sochou Juraja J\u00e1no\u0161\u00edka v\u00a0Terchovej u\u017e 1. marca 2014 (sobota) od 10.00 hod.<\/p>\n<p>Aj kysuck\u00e1 strana n\u00e1\u0161ho regi\u00f3nu si uchov\u00e1va fa\u0161iangov\u00e9 trad\u00edcie svojich predkov. V\u00a0podhorskej obci <strong>Zborov nad Bystricou<\/strong> sa de\u0148 pred popolcovou stredou, t.j. v\u00a0utorok, tradi\u010dne kon\u00e1 ,,obch\u00f4dzka obcou s\u00a0Turo\u0148om\u201c, ktor\u00fa pripravuje miestna folkl\u00f3rna skupina Zborovanka. Aj tu je na sobotu 1. marca 2014 napl\u00e1novan\u00e1 fa\u0161iangov\u00e1 veselica spojen\u00e1 s\u00a0pochov\u00e1van\u00edm basy a\u00a0z\u00e1bavnou sc\u00e9nkou v\u00a0podan\u00ed miestnych nad\u0161encov.<\/p>\n<p>Viac inform\u00e1ci\u00ed o\u00a0fa\u0161iangov\u00fdch sprievodoch, plesoch \u010di z\u00e1bav\u00e1ch v\u00a0celom regi\u00f3ne Malej Fatry n\u00e1jdete na <a href=\"http:\/\/www.regionmalafatra.sk\/\">www.regionmalafatra.sk<\/a><\/p>\n","protected":false},"excerpt":{"rendered":"<p>Fa\u0161iangov\u00e9 obdobie je \u010dasom z\u00e1bav, plesov, vesel\u00edc a\u00a0tancova\u010diek. Je to obdobie od Troch kr\u00e1\u013eov a\u017e do Popolcovej stredy, po ktorom nasleduje \u0161tyridsa\u0165d\u0148ov\u00fd p\u00f4st. Aj v\u00a0Malej Fatre je tento \u010das prechodu od zimy k\u00a0jari spojen\u00fd s\u00a0tane\u010dn\u00fdmi z\u00e1bavami, fa\u0161iangov\u00fdmi sprievodmi, karnevalmi \u010di zab\u00edja\u010dkami.\u00a0 Viete o\u00a0tom, \u017ee fa\u0161iangy boli p\u00f4vodne pohanskou sl\u00e1vnos\u0165ou, ktor\u00e1 bola zasv\u00e4ten\u00e1 b\u00f4\u017eikovi v\u00edna Bakchovi? [&hellip;]<\/p>\n","protected":false},"author":7,"featured_media":58419,"comment_status":"open","ping_status":"open","sticky":false,"template":"","format":"image","meta":{"footnotes":""},"categories":[13],"tags":[],"class_list":["post-58418","post","type-post","status-publish","format-image","has-post-thumbnail","hentry","category-real-estate","post_format-post-format-image","eq-blocks"],"_links":{"self":[{"href":"https:\/\/www.slovaklinesmagazin.sk\/cms\/wp-json\/wp\/v2\/posts\/58418","targetHints":{"allow":["GET"]}}],"collection":[{"href":"https:\/\/www.slovaklinesmagazin.sk\/cms\/wp-json\/wp\/v2\/posts"}],"about":[{"href":"https:\/\/www.slovaklinesmagazin.sk\/cms\/wp-json\/wp\/v2\/types\/post"}],"author":[{"embeddable":true,"href":"https:\/\/www.slovaklinesmagazin.sk\/cms\/wp-json\/wp\/v2\/users\/7"}],"replies":[{"embeddable":true,"href":"https:\/\/www.slovaklinesmagazin.sk\/cms\/wp-json\/wp\/v2\/comments?post=58418"}],"version-history":[{"count":3,"href":"https:\/\/www.slovaklinesmagazin.sk\/cms\/wp-json\/wp\/v2\/posts\/58418\/revisions"}],"predecessor-version":[{"id":58437,"href":"https:\/\/www.slovaklinesmagazin.sk\/cms\/wp-json\/wp\/v2\/posts\/58418\/revisions\/58437"}],"wp:featuredmedia":[{"embeddable":true,"href":"https:\/\/www.slovaklinesmagazin.sk\/cms\/wp-json\/wp\/v2\/media\/58419"}],"wp:attachment":[{"href":"https:\/\/www.slovaklinesmagazin.sk\/cms\/wp-json\/wp\/v2\/media?parent=58418"}],"wp:term":[{"taxonomy":"category","embeddable":true,"href":"https:\/\/www.slovaklinesmagazin.sk\/cms\/wp-json\/wp\/v2\/categories?post=58418"},{"taxonomy":"post_tag","embeddable":true,"href":"https:\/\/www.slovaklinesmagazin.sk\/cms\/wp-json\/wp\/v2\/tags?post=58418"}],"curies":[{"name":"wp","href":"https:\/\/api.w.org\/{rel}","templated":true}]}}