{"id":58422,"date":"2014-02-11T12:14:04","date_gmt":"2014-02-11T10:14:04","guid":{"rendered":"http:\/\/slovaklinesmagazin.sk\/cms\/?p=58422"},"modified":"2014-02-11T14:57:41","modified_gmt":"2014-02-11T12:57:41","slug":"splynutie-slavnych-s","status":"publish","type":"post","link":"https:\/\/www.slovaklinesmagazin.sk\/cms\/2014\/02\/splynutie-slavnych-s\/","title":{"rendered":"Splynutie sl\u00e1vnych &#8222;S&#8220;"},"content":{"rendered":"<p>Samsung a Swarovski roz\u017eiarili Mercedes-Benz Fashion Week<\/p>\n<p>Samsung v spolupr\u00e1ci so zna\u010dkou Swarovski vy\u0161perkoval svojou VIP lounge a predstavil exkluz\u00edvny obal pre GALAXY Note 3 zo \u0161peci\u00e1lnej limitovanej ed\u00edcie. Ten si z\u00e1ujemcovia bud\u00fa m\u00f4c\u0165 k\u00fapi\u0165 v USA.<\/p>\n<p>Samsung sa spojil so svetozn\u00e1mou \u0161perk\u00e1rskou zna\u010dkou Swarovski a po\u010das ostro sledovanej m\u00f3dnej udalosti Mercedes-Benz Fashion Week FW14 (MBFW) spolo\u010dne vytvorili exkluz\u00edvne prostredie Samsung GALAXY Lounge. Sl\u00e1vnostn\u00e9ho uvedenia sa do\u010dkala limitovan\u00e1 ed\u00edcia obalu pre GALAXY Note 3, ktor\u00fd je dokonal\u00fdm prepojen\u00edm dizajnu, modernej technol\u00f3gie a nad\u010dasovej kr\u00e1sy kry\u0161t\u00e1lov Swarovski.<\/p>\n<div id='gallery-1' class='gallery galleryid-58422 gallery-columns-2 gallery-size-thumbnail'><figure class='gallery-item'>\n\t\t\t<div class='gallery-icon landscape'>\n\t\t\t\t<a href='https:\/\/www.slovaklinesmagazin.sk\/cms\/2014\/02\/splynutie-slavnych-s\/swa-2-of-8\/'><img loading=\"lazy\" decoding=\"async\" width=\"150\" height=\"150\" src=\"https:\/\/www.slovaklinesmagazin.sk\/cms\/wp-content\/uploads\/2014\/02\/SWA-2-of-8-150x150.jpg\" class=\"attachment-thumbnail size-thumbnail\" alt=\"\" srcset=\"https:\/\/www.slovaklinesmagazin.sk\/cms\/wp-content\/uploads\/2014\/02\/SWA-2-of-8-150x150.jpg 150w, https:\/\/www.slovaklinesmagazin.sk\/cms\/wp-content\/uploads\/2014\/02\/SWA-2-of-8-300x300.jpg 300w, https:\/\/www.slovaklinesmagazin.sk\/cms\/wp-content\/uploads\/2014\/02\/SWA-2-of-8-1024x1024.jpg 1024w, https:\/\/www.slovaklinesmagazin.sk\/cms\/wp-content\/uploads\/2014\/02\/SWA-2-of-8-304x304.jpg 304w, https:\/\/www.slovaklinesmagazin.sk\/cms\/wp-content\/uploads\/2014\/02\/SWA-2-of-8-296x296.jpg 296w, https:\/\/www.slovaklinesmagazin.sk\/cms\/wp-content\/uploads\/2014\/02\/SWA-2-of-8.jpg 1600w\" sizes=\"auto, (max-width: 150px) 100vw, 150px\" \/><\/a>\n\t\t\t<\/div><\/figure><figure class='gallery-item'>\n\t\t\t<div class='gallery-icon landscape'>\n\t\t\t\t<a href='https:\/\/www.slovaklinesmagazin.sk\/cms\/2014\/02\/splynutie-slavnych-s\/swa-5-of-8\/'><img loading=\"lazy\" decoding=\"async\" width=\"150\" height=\"150\" src=\"https:\/\/www.slovaklinesmagazin.sk\/cms\/wp-content\/uploads\/2014\/02\/SWA-5-of-8-150x150.jpg\" class=\"attachment-thumbnail size-thumbnail\" alt=\"\" srcset=\"https:\/\/www.slovaklinesmagazin.sk\/cms\/wp-content\/uploads\/2014\/02\/SWA-5-of-8-150x150.jpg 150w, https:\/\/www.slovaklinesmagazin.sk\/cms\/wp-content\/uploads\/2014\/02\/SWA-5-of-8-300x300.jpg 300w, https:\/\/www.slovaklinesmagazin.sk\/cms\/wp-content\/uploads\/2014\/02\/SWA-5-of-8-1024x1024.jpg 1024w, https:\/\/www.slovaklinesmagazin.sk\/cms\/wp-content\/uploads\/2014\/02\/SWA-5-of-8-304x304.jpg 304w, https:\/\/www.slovaklinesmagazin.sk\/cms\/wp-content\/uploads\/2014\/02\/SWA-5-of-8-296x296.jpg 296w, https:\/\/www.slovaklinesmagazin.sk\/cms\/wp-content\/uploads\/2014\/02\/SWA-5-of-8.jpg 1600w\" sizes=\"auto, (max-width: 150px) 100vw, 150px\" \/><\/a>\n\t\t\t<\/div><\/figure><figure class='gallery-item'>\n\t\t\t<div class='gallery-icon landscape'>\n\t\t\t\t<a href='https:\/\/www.slovaklinesmagazin.sk\/cms\/2014\/02\/splynutie-slavnych-s\/swa-3-of-8\/'><img loading=\"lazy\" decoding=\"async\" width=\"150\" height=\"150\" src=\"https:\/\/www.slovaklinesmagazin.sk\/cms\/wp-content\/uploads\/2014\/02\/SWA-3-of-8-150x150.jpg\" class=\"attachment-thumbnail size-thumbnail\" alt=\"\" srcset=\"https:\/\/www.slovaklinesmagazin.sk\/cms\/wp-content\/uploads\/2014\/02\/SWA-3-of-8-150x150.jpg 150w, https:\/\/www.slovaklinesmagazin.sk\/cms\/wp-content\/uploads\/2014\/02\/SWA-3-of-8-300x300.jpg 300w, https:\/\/www.slovaklinesmagazin.sk\/cms\/wp-content\/uploads\/2014\/02\/SWA-3-of-8-1024x1024.jpg 1024w, https:\/\/www.slovaklinesmagazin.sk\/cms\/wp-content\/uploads\/2014\/02\/SWA-3-of-8-304x304.jpg 304w, https:\/\/www.slovaklinesmagazin.sk\/cms\/wp-content\/uploads\/2014\/02\/SWA-3-of-8-296x296.jpg 296w, https:\/\/www.slovaklinesmagazin.sk\/cms\/wp-content\/uploads\/2014\/02\/SWA-3-of-8.jpg 1600w\" sizes=\"auto, (max-width: 150px) 100vw, 150px\" \/><\/a>\n\t\t\t<\/div><\/figure><figure class='gallery-item'>\n\t\t\t<div class='gallery-icon landscape'>\n\t\t\t\t<a href='https:\/\/www.slovaklinesmagazin.sk\/cms\/2014\/02\/splynutie-slavnych-s\/swa-4-of-8\/'><img loading=\"lazy\" decoding=\"async\" width=\"150\" height=\"150\" src=\"https:\/\/www.slovaklinesmagazin.sk\/cms\/wp-content\/uploads\/2014\/02\/SWA-4-of-8-150x150.jpg\" class=\"attachment-thumbnail size-thumbnail\" alt=\"\" srcset=\"https:\/\/www.slovaklinesmagazin.sk\/cms\/wp-content\/uploads\/2014\/02\/SWA-4-of-8-150x150.jpg 150w, https:\/\/www.slovaklinesmagazin.sk\/cms\/wp-content\/uploads\/2014\/02\/SWA-4-of-8-300x300.jpg 300w, https:\/\/www.slovaklinesmagazin.sk\/cms\/wp-content\/uploads\/2014\/02\/SWA-4-of-8-1024x1024.jpg 1024w, https:\/\/www.slovaklinesmagazin.sk\/cms\/wp-content\/uploads\/2014\/02\/SWA-4-of-8-304x304.jpg 304w, https:\/\/www.slovaklinesmagazin.sk\/cms\/wp-content\/uploads\/2014\/02\/SWA-4-of-8-296x296.jpg 296w, https:\/\/www.slovaklinesmagazin.sk\/cms\/wp-content\/uploads\/2014\/02\/SWA-4-of-8.jpg 1600w\" sizes=\"auto, (max-width: 150px) 100vw, 150px\" \/><\/a>\n\t\t\t<\/div><\/figure><figure class='gallery-item'>\n\t\t\t<div class='gallery-icon landscape'>\n\t\t\t\t<a href='https:\/\/www.slovaklinesmagazin.sk\/cms\/2014\/02\/splynutie-slavnych-s\/swa-1-of-8\/'><img loading=\"lazy\" decoding=\"async\" width=\"150\" height=\"150\" src=\"https:\/\/www.slovaklinesmagazin.sk\/cms\/wp-content\/uploads\/2014\/02\/SWA-1-of-8-150x150.jpg\" class=\"attachment-thumbnail size-thumbnail\" alt=\"\" srcset=\"https:\/\/www.slovaklinesmagazin.sk\/cms\/wp-content\/uploads\/2014\/02\/SWA-1-of-8-150x150.jpg 150w, https:\/\/www.slovaklinesmagazin.sk\/cms\/wp-content\/uploads\/2014\/02\/SWA-1-of-8-300x300.jpg 300w, https:\/\/www.slovaklinesmagazin.sk\/cms\/wp-content\/uploads\/2014\/02\/SWA-1-of-8-1024x1024.jpg 1024w, https:\/\/www.slovaklinesmagazin.sk\/cms\/wp-content\/uploads\/2014\/02\/SWA-1-of-8-304x304.jpg 304w, https:\/\/www.slovaklinesmagazin.sk\/cms\/wp-content\/uploads\/2014\/02\/SWA-1-of-8-296x296.jpg 296w, https:\/\/www.slovaklinesmagazin.sk\/cms\/wp-content\/uploads\/2014\/02\/SWA-1-of-8.jpg 1600w\" sizes=\"auto, (max-width: 150px) 100vw, 150px\" \/><\/a>\n\t\t\t<\/div><\/figure><figure class='gallery-item'>\n\t\t\t<div class='gallery-icon landscape'>\n\t\t\t\t<a href='https:\/\/www.slovaklinesmagazin.sk\/cms\/2014\/02\/splynutie-slavnych-s\/swa-7-of-8\/'><img loading=\"lazy\" decoding=\"async\" width=\"150\" height=\"150\" src=\"https:\/\/www.slovaklinesmagazin.sk\/cms\/wp-content\/uploads\/2014\/02\/SWA-7-of-8-150x150.jpg\" class=\"attachment-thumbnail size-thumbnail\" alt=\"\" srcset=\"https:\/\/www.slovaklinesmagazin.sk\/cms\/wp-content\/uploads\/2014\/02\/SWA-7-of-8-150x150.jpg 150w, https:\/\/www.slovaklinesmagazin.sk\/cms\/wp-content\/uploads\/2014\/02\/SWA-7-of-8-300x300.jpg 300w, https:\/\/www.slovaklinesmagazin.sk\/cms\/wp-content\/uploads\/2014\/02\/SWA-7-of-8-1024x1024.jpg 1024w, https:\/\/www.slovaklinesmagazin.sk\/cms\/wp-content\/uploads\/2014\/02\/SWA-7-of-8-304x304.jpg 304w, https:\/\/www.slovaklinesmagazin.sk\/cms\/wp-content\/uploads\/2014\/02\/SWA-7-of-8-296x296.jpg 296w, https:\/\/www.slovaklinesmagazin.sk\/cms\/wp-content\/uploads\/2014\/02\/SWA-7-of-8.jpg 1600w\" sizes=\"auto, (max-width: 150px) 100vw, 150px\" \/><\/a>\n\t\t\t<\/div><\/figure><figure class='gallery-item'>\n\t\t\t<div class='gallery-icon landscape'>\n\t\t\t\t<a href='https:\/\/www.slovaklinesmagazin.sk\/cms\/2014\/02\/splynutie-slavnych-s\/swa-8-of-8\/'><img loading=\"lazy\" decoding=\"async\" width=\"150\" height=\"150\" src=\"https:\/\/www.slovaklinesmagazin.sk\/cms\/wp-content\/uploads\/2014\/02\/SWA-8-of-8-150x150.jpg\" class=\"attachment-thumbnail size-thumbnail\" alt=\"\" srcset=\"https:\/\/www.slovaklinesmagazin.sk\/cms\/wp-content\/uploads\/2014\/02\/SWA-8-of-8-150x150.jpg 150w, https:\/\/www.slovaklinesmagazin.sk\/cms\/wp-content\/uploads\/2014\/02\/SWA-8-of-8-300x300.jpg 300w, https:\/\/www.slovaklinesmagazin.sk\/cms\/wp-content\/uploads\/2014\/02\/SWA-8-of-8-1024x1024.jpg 1024w, https:\/\/www.slovaklinesmagazin.sk\/cms\/wp-content\/uploads\/2014\/02\/SWA-8-of-8-304x304.jpg 304w, https:\/\/www.slovaklinesmagazin.sk\/cms\/wp-content\/uploads\/2014\/02\/SWA-8-of-8-296x296.jpg 296w, https:\/\/www.slovaklinesmagazin.sk\/cms\/wp-content\/uploads\/2014\/02\/SWA-8-of-8.jpg 1600w\" sizes=\"auto, (max-width: 150px) 100vw, 150px\" \/><\/a>\n\t\t\t<\/div><\/figure><figure class='gallery-item'>\n\t\t\t<div class='gallery-icon landscape'>\n\t\t\t\t<a href='https:\/\/www.slovaklinesmagazin.sk\/cms\/2014\/02\/splynutie-slavnych-s\/swa-6-of-8\/'><img loading=\"lazy\" decoding=\"async\" width=\"150\" height=\"150\" src=\"https:\/\/www.slovaklinesmagazin.sk\/cms\/wp-content\/uploads\/2014\/02\/SWA-6-of-8-150x150.jpg\" class=\"attachment-thumbnail size-thumbnail\" alt=\"\" srcset=\"https:\/\/www.slovaklinesmagazin.sk\/cms\/wp-content\/uploads\/2014\/02\/SWA-6-of-8-150x150.jpg 150w, https:\/\/www.slovaklinesmagazin.sk\/cms\/wp-content\/uploads\/2014\/02\/SWA-6-of-8-300x300.jpg 300w, https:\/\/www.slovaklinesmagazin.sk\/cms\/wp-content\/uploads\/2014\/02\/SWA-6-of-8-1024x1024.jpg 1024w, https:\/\/www.slovaklinesmagazin.sk\/cms\/wp-content\/uploads\/2014\/02\/SWA-6-of-8-304x304.jpg 304w, https:\/\/www.slovaklinesmagazin.sk\/cms\/wp-content\/uploads\/2014\/02\/SWA-6-of-8-296x296.jpg 296w, https:\/\/www.slovaklinesmagazin.sk\/cms\/wp-content\/uploads\/2014\/02\/SWA-6-of-8.jpg 1600w\" sizes=\"auto, (max-width: 150px) 100vw, 150px\" \/><\/a>\n\t\t\t<\/div><\/figure>\n\t\t<\/div>\n\n<p>Samsung GALAXY Lounge (SGL) o\u010dar\u00ed kr\u00e1sou kri\u0161t\u00e1\u013eu, okrem in\u00e9ho v podobe na mieru \u201eu\u0161itej\u201c opony zo sl\u00e1vnych kry\u0161t\u00e1lov. Samsung Lounge bude hosti\u0165 rad v\u00fdznamn\u00fdch osobnost\u00ed zo sveta m\u00f3dy aj mimo neho. Modelk\u00e1m, n\u00e1vrh\u00e1rom a sl\u00e1vnym tv\u00e1ram z cel\u00e9ho sveta tak pon\u00fakne priestor, kde m\u00f4\u017eu unikn\u00fa\u0165 zhonu Mercedes-Benz Fashion Week a zozn\u00e1mi\u0165 sa s technologick\u00fdmi novinkami zna\u010dky Samsung.<\/p>\n<p>Samsung a Swarovski spolo\u010dne vytvorili limitovan\u00fa ed\u00edciu obalu pre GALAXY Note 3, ktor\u00e1 sa stane jedn\u00fdm z doplnkov jarnej sez\u00f3ny. Kryt je posiaty n\u00e1dhern\u00fdmi Swarovski kry\u0161t\u00e1lmi v troch farebn\u00fdch variantoch. Vybra\u0165 si m\u00f4\u017eete bu\u010f elegantn\u00fa \u010diernu \u201eJet\u201c s kry\u0161t\u00e1lmi Bermuda Blue, alebo kryty s metalick\u00fdmi kry\u0161t\u00e1lmi Light Gold a striebrom. U v\u0161etk\u00fdch navy\u0161e n\u00e1jdete \u00fachvatn\u00fd a z\u00e1rove\u0148 praktick\u00fd n\u00e1ramok pripojen\u00fd ku krytu. Ten d\u00e1va vynikn\u00fa\u0165 \u010fal\u0161ej dimenzii chytr\u00e9ho zariadenia &#8211; kr\u00e1se, ktor\u00e1 zdob\u00ed \u017eeny po celom svete.<\/p>\n<p>&nbsp;<\/p>\n<p>Set krytu a n\u00e1ramku si z\u00e1ujemcovia m\u00f4\u017eu po obmedzen\u00fa dobu zak\u00fapi\u0165 v obchode Swarovski na Piatej Avenue \u010d 676 na Manhattane za cenu 299 americk\u00fdch dol\u00e1rov.<\/p>\n<p align=\"center\">\n","protected":false},"excerpt":{"rendered":"<p>Samsung a Swarovski roz\u017eiarili Mercedes-Benz Fashion Week Samsung v spolupr\u00e1ci so zna\u010dkou Swarovski vy\u0161perkoval svojou VIP lounge a predstavil exkluz\u00edvny obal pre GALAXY Note 3 zo \u0161peci\u00e1lnej limitovanej ed\u00edcie. Ten si z\u00e1ujemcovia bud\u00fa m\u00f4c\u0165 k\u00fapi\u0165 v USA. Samsung sa spojil so svetozn\u00e1mou \u0161perk\u00e1rskou zna\u010dkou Swarovski a po\u010das ostro sledovanej m\u00f3dnej udalosti Mercedes-Benz Fashion Week FW14 [&hellip;]<\/p>\n","protected":false},"author":7,"featured_media":0,"comment_status":"open","ping_status":"open","sticky":false,"template":"","format":"gallery","meta":{"footnotes":""},"categories":[9],"tags":[],"class_list":["post-58422","post","type-post","status-publish","format-gallery","hentry","category-lifestyle","post_format-post-format-gallery","eq-blocks"],"_links":{"self":[{"href":"https:\/\/www.slovaklinesmagazin.sk\/cms\/wp-json\/wp\/v2\/posts\/58422","targetHints":{"allow":["GET"]}}],"collection":[{"href":"https:\/\/www.slovaklinesmagazin.sk\/cms\/wp-json\/wp\/v2\/posts"}],"about":[{"href":"https:\/\/www.slovaklinesmagazin.sk\/cms\/wp-json\/wp\/v2\/types\/post"}],"author":[{"embeddable":true,"href":"https:\/\/www.slovaklinesmagazin.sk\/cms\/wp-json\/wp\/v2\/users\/7"}],"replies":[{"embeddable":true,"href":"https:\/\/www.slovaklinesmagazin.sk\/cms\/wp-json\/wp\/v2\/comments?post=58422"}],"version-history":[{"count":3,"href":"https:\/\/www.slovaklinesmagazin.sk\/cms\/wp-json\/wp\/v2\/posts\/58422\/revisions"}],"predecessor-version":[{"id":58433,"href":"https:\/\/www.slovaklinesmagazin.sk\/cms\/wp-json\/wp\/v2\/posts\/58422\/revisions\/58433"}],"wp:attachment":[{"href":"https:\/\/www.slovaklinesmagazin.sk\/cms\/wp-json\/wp\/v2\/media?parent=58422"}],"wp:term":[{"taxonomy":"category","embeddable":true,"href":"https:\/\/www.slovaklinesmagazin.sk\/cms\/wp-json\/wp\/v2\/categories?post=58422"},{"taxonomy":"post_tag","embeddable":true,"href":"https:\/\/www.slovaklinesmagazin.sk\/cms\/wp-json\/wp\/v2\/tags?post=58422"}],"curies":[{"name":"wp","href":"https:\/\/api.w.org\/{rel}","templated":true}]}}