{"id":58624,"date":"2014-02-28T13:16:30","date_gmt":"2014-02-28T11:16:30","guid":{"rendered":"http:\/\/slovaklinesmagazin.sk\/cms\/?p=58624"},"modified":"2014-02-28T13:18:46","modified_gmt":"2014-02-28T11:18:46","slug":"58624","status":"publish","type":"post","link":"https:\/\/www.slovaklinesmagazin.sk\/cms\/2014\/02\/58624\/","title":{"rendered":"Pr\u00e1ve dnes vych\u00e1dza akustick\u00fd komplet Martina Haricha!"},"content":{"rendered":"<p style=\"text-align: left;\" align=\"center\">Martin Harichje jedn\u00fdm z\u00a0naj\u00faspe\u0161nej\u0161\u00edch \u010desko-slovensk\u00fdch interpr\u00e9tov v\u00a0posledn\u00fdch rokoch. Niet sa teda \u010do divi\u0165, \u017ee aj on prich\u00e1dza s\u00a0akustick\u00fdm kompletom na CD+DVD G2 ACOUSTIC STAGE!<\/p>\n<p style=\"text-align: left;\" align=\"center\">Harich patr\u00ed rozhodne medzi najv\u00fdraznej\u0161ie postavy v\u0161etk\u00fdch ro\u010dn\u00edkov \u010cesko Slovenskej Superstar. Jeho debutov\u00fd album \u201cPr\u00edbeh snov\u201c, ktor\u00fd vy\u0161iel v\u00a0roku 2011, zaznamenal ve\u013ek\u00fd \u00faspech. Martin je hrd\u00fdm dr\u017eite\u013eom aj nieko\u013ek\u00fdch prest\u00ed\u017enych hudobn\u00fdch cien. Svoju v\u00fdnimo\u010dn\u00fa poz\u00edciu potvrdil aj v\u00a0minulom roku kedy mu vy\u0161iel u\u017e druh\u00fd album \u201cNech\u201c.<\/p>\n<p style=\"text-align: left;\" align=\"center\">Niet teda divu, \u017ee aj Harich bol osloven\u00fd, aby sa taktie\u017e zapojil do \u00faspe\u0161n\u00e9ho projektu G2 AcousticStage a\u00a0odohral v\u00a0pra\u017eskom klube Retro Music Hall exkluz\u00edvny koncert. Charizmatick\u00e9mu spev\u00e1kovi bol akustick\u00fd koncert, ktor\u00fd sa uskuto\u010dnil na jese\u0148 minul\u00e9ho roku, na mieru u\u0161it\u00fd. Martin previedol heroick\u00fd v\u00fdkon a\u00a0zahral to najlep\u0161ie zo svojho reperto\u00e1ru. Na vyst\u00fapenie si ako exkluz\u00edvneho hos\u0165a pozval spev\u00e1ka Voxela, ktor\u00fd ho doprev\u00e1dzal v\u00a0skladbe \u201cTrip\u201c.<\/p>\n<p style=\"text-align: left;\" align=\"center\">Na fan\u00fa\u0161ikov \u010dak\u00e1 celkom dvan\u00e1s\u0165 pesni\u010diek, mimo in\u00e9ho napr\u00edklad \u201cNezvestn\u00e1\u201c, \u201cPosledn\u00e1 piese\u0148\u201c alebo \u201cAsi mi hor\u00ed tv\u00e1r\u201c, pri\u010dom niektor\u00e9 z\u00a0prezentovan\u00fdch pesni\u010diek zazneli akusticky v\u00f4bec po prv\u00fdkr\u00e1t! Tento komplet ur\u010dite prekvap\u00ed nielen v\u0161etk\u00fdch priaznivcov tohto sympatick\u00e9ho spev\u00e1ka, ale aj \u0161irok\u00fa verejnos\u0165, ktor\u00e1 sa doposia\u013e na \u00fa\u010dastn\u00edkov hudobn\u00fdch s\u00fa\u0165a\u017e\u00ed pozerala \u201ecez prsty\u201c.<\/p>\n<p style=\"text-align: left;\" align=\"center\">Martin Harich neost\u00e1va v\u00a0k\u00fate a\u00a0taktie\u017e vyd\u00e1va akustick\u00fd komplet na CD+DVD. Nenechajte si ujs\u0165 jeho G2 ACOUSTIC STAGE, ktor\u00fd vych\u00e1dza pod hlavi\u010dkou labeluUniversal Music u\u017e dnes!<\/p>\n<p style=\"text-align: center;\" align=\"center\"><strong>Martin Harich &#8211; Asi mi hor\u00ed tv\u00e1r (acoustic)\u00a0<\/strong><b><\/b><\/p>\n<p style=\"text-align: left;\" align=\"center\"><iframe loading=\"lazy\" style=\"line-height: 1.5em;\" frameborder=\"0\" height=\"390\" src=\"\/\/www.youtube.com\/embed\/bLLgMTjd87o\" width=\"640\"><\/iframe><\/p>\n<p style=\"text-align: left;\" align=\"center\"><a href=\"http:\/\/www.facebook.com\/MartinHarich\">http:\/\/www.facebook.com\/MartinHarich<\/a><\/p>\n<p style=\"text-align: left;\" align=\"center\">Track list CD + DVD:<br \/>\n<b>1.\u00a0\u00a0\u00a0\u00a0\u00a0\u00a0 <\/b><b>Intro<br \/>\n<\/b><b>2.\u00a0\u00a0\u00a0\u00a0\u00a0\u00a0 <\/b><b>\u010casovrat<br \/>\n<\/b><b>3.\u00a0\u00a0\u00a0\u00a0\u00a0\u00a0 <\/b><b>Nezvestn\u00e1<br \/>\n<\/b><b>4.\u00a0\u00a0\u00a0\u00a0\u00a0\u00a0 <\/b><b>\u010eakujem n\u00e1hod\u00e1m<br \/>\n<\/b><b>5.\u00a0\u00a0\u00a0\u00a0\u00a0\u00a0 <\/b><b>Ja \u0165a n\u00e1jdem<br \/>\n<\/b><b>6.\u00a0\u00a0\u00a0\u00a0\u00a0\u00a0 <\/b><b>Dokonal\u00e1<br \/>\n<\/b><b>7.\u00a0\u00a0\u00a0\u00a0\u00a0\u00a0 <\/b><b>Nech<br \/>\n<\/b><b>8.\u00a0\u00a0\u00a0\u00a0\u00a0\u00a0 <\/b><b>Trip (host: Voxel)<br \/>\n<\/b><b>9.\u00a0\u00a0\u00a0\u00a0\u00a0\u00a0 <\/b><b>Pr\u00edbeh snov<br \/>\n<\/b><b>10. \u00a0 \u00a0\u00a0<\/b><b>Cruisin\u2018 for a bruisin\u2018<br \/>\n<\/b><b>11. \u00a0 \u00a0\u00a0<\/b><b>Asi mi hor\u00ed tv\u00e1r<br \/>\n<\/b><b>12. \u00a0 \u00a0\u00a0<\/b><b>Posledn\u00e1 piese\u0148<\/b><\/p>\n<p style=\"text-align: left;\" align=\"center\"><a style=\"line-height: 1.5em;\" href=\"https:\/\/itun.es\/cz\/-SN3W\"><b><\/b><b style=\"line-height: 1.5em;\">https:\/\/itun.es\/cz\/-SN3W<br \/>\n<\/b><\/a><b><a href=\"http:\/\/goo.gl\/1UJb7w\">http:\/\/goo.gl\/1UJb7w<br \/>\n<\/a><\/b><b><a href=\"http:\/\/www.deezer.com\/album\/7431202\">http:\/\/www.deezer.com\/album\/7431202<br \/>\n<\/a><\/b><a href=\"http:\/\/spoti.fi\/1fVUByL\"><b>http:\/\/spoti.fi\/1fVUByL<\/b><\/a><\/p>\n<p style=\"text-align: left;\" align=\"center\"><a href=\"https:\/\/itun.es\/cz\/-SN3W\">\u00a0<\/a><\/p>\n","protected":false},"excerpt":{"rendered":"<p>Martin Harichje jedn\u00fdm z\u00a0naj\u00faspe\u0161nej\u0161\u00edch \u010desko-slovensk\u00fdch interpr\u00e9tov v\u00a0posledn\u00fdch rokoch. Niet sa teda \u010do divi\u0165, \u017ee aj on prich\u00e1dza s\u00a0akustick\u00fdm kompletom na CD+DVD G2 ACOUSTIC STAGE! Harich patr\u00ed rozhodne medzi najv\u00fdraznej\u0161ie postavy v\u0161etk\u00fdch ro\u010dn\u00edkov \u010cesko Slovenskej Superstar. Jeho debutov\u00fd album \u201cPr\u00edbeh snov\u201c, ktor\u00fd vy\u0161iel v\u00a0roku 2011, zaznamenal ve\u013ek\u00fd \u00faspech. Martin je hrd\u00fdm dr\u017eite\u013eom aj nieko\u013ek\u00fdch prest\u00ed\u017enych hudobn\u00fdch [&hellip;]<\/p>\n","protected":false},"author":7,"featured_media":58625,"comment_status":"open","ping_status":"open","sticky":false,"template":"","format":"standard","meta":{"footnotes":""},"categories":[48],"tags":[],"class_list":["post-58624","post","type-post","status-publish","format-standard","has-post-thumbnail","hentry","category-umenie-a-kultura","eq-blocks"],"_links":{"self":[{"href":"https:\/\/www.slovaklinesmagazin.sk\/cms\/wp-json\/wp\/v2\/posts\/58624","targetHints":{"allow":["GET"]}}],"collection":[{"href":"https:\/\/www.slovaklinesmagazin.sk\/cms\/wp-json\/wp\/v2\/posts"}],"about":[{"href":"https:\/\/www.slovaklinesmagazin.sk\/cms\/wp-json\/wp\/v2\/types\/post"}],"author":[{"embeddable":true,"href":"https:\/\/www.slovaklinesmagazin.sk\/cms\/wp-json\/wp\/v2\/users\/7"}],"replies":[{"embeddable":true,"href":"https:\/\/www.slovaklinesmagazin.sk\/cms\/wp-json\/wp\/v2\/comments?post=58624"}],"version-history":[{"count":4,"href":"https:\/\/www.slovaklinesmagazin.sk\/cms\/wp-json\/wp\/v2\/posts\/58624\/revisions"}],"predecessor-version":[{"id":58628,"href":"https:\/\/www.slovaklinesmagazin.sk\/cms\/wp-json\/wp\/v2\/posts\/58624\/revisions\/58628"}],"wp:featuredmedia":[{"embeddable":true,"href":"https:\/\/www.slovaklinesmagazin.sk\/cms\/wp-json\/wp\/v2\/media\/58625"}],"wp:attachment":[{"href":"https:\/\/www.slovaklinesmagazin.sk\/cms\/wp-json\/wp\/v2\/media?parent=58624"}],"wp:term":[{"taxonomy":"category","embeddable":true,"href":"https:\/\/www.slovaklinesmagazin.sk\/cms\/wp-json\/wp\/v2\/categories?post=58624"},{"taxonomy":"post_tag","embeddable":true,"href":"https:\/\/www.slovaklinesmagazin.sk\/cms\/wp-json\/wp\/v2\/tags?post=58624"}],"curies":[{"name":"wp","href":"https:\/\/api.w.org\/{rel}","templated":true}]}}