{"id":58815,"date":"2014-03-19T14:41:14","date_gmt":"2014-03-19T12:41:14","guid":{"rendered":"http:\/\/slovaklinesmagazin.sk\/cms\/?p=58815"},"modified":"2014-03-19T14:41:14","modified_gmt":"2014-03-19T12:41:14","slug":"festival-hory-a-mesto-2014-3","status":"publish","type":"post","link":"https:\/\/www.slovaklinesmagazin.sk\/cms\/2014\/03\/festival-hory-a-mesto-2014-3\/","title":{"rendered":"Festival HORY A MESTO 2014"},"content":{"rendered":"<p style=\"text-align: left;\" align=\"center\">Slovensk\u00ed hostia festivalu HORY A\u00a0MESTO s\u00fa \u010dasto svetovou \u0161pi\u010dkou<\/p>\n<p style=\"text-align: left;\" align=\"center\"><b><\/b>Medzin\u00e1rodn\u00fd festival horsk\u00e9ho filmu a\u00a0dobrodru\u017estva HORY A\u00a0MESTO pon\u00faka okrem zahrani\u010dn\u00fdch host\u00ed a\u00a0filmov ve\u013ek\u00fd priestor aj pre dom\u00e1cu kinematografiu a\u00a0host\u00ed zo Slovenska. Pr\u00e1ve k\u00a0nim maj\u00fa div\u00e1ci nesmierne bl\u00edzko, poznaj\u00fa prostredie z\u00a0ak\u00e9ho vy\u0161li, vidia sa v\u00a0nich, sleduj\u00fa ich cesty, v\u00fdkony a\u00a0to na nich p\u00f4sob\u00ed motiva\u010dne. V\u010faka festivalu maj\u00fa svojich \u201ehrdinov\u201c na dosah. Slovensk\u00ed hostia prin\u00e1\u0161aj\u00fa in\u00fa kvalitu, dom\u00e1cku atmosf\u00e9ru a\u00a0autentick\u00fa bl\u00edzkos\u0165. Vy\u0161e desa\u0165 na\u0161ich filmov bud\u00fa osobne sprev\u00e1dza\u0165 ich tvorcovia. To v\u0161etko\u00a0 od 2. do 6. apr\u00edla 2014 v\u00a0Cinema City v\u00a0bratislavskom Auparku.<\/p>\n<p>\u201e<i>P<\/i><i>opri hviezdnych men\u00e1ch zo zahrani\u010dia nesmieme zab\u00fada\u0165, \u017ee aj doma m\u00e1me hviezdy svetov\u00e9ho form\u00e1tu. Pre nich je festival dobrou pr\u00edle\u017eitos\u0165ou na konfront\u00e1ciu so \u0161ir\u0161\u00edm kontextom<\/i>,\u201c povedal programov\u00fd riadite\u013e festivalu Hory a\u00a0mesto Alan Form\u00e1nek.<\/p>\n<p>Pozvanie jubilejn\u00e9ho 15. ro\u010dn\u00edka festivalu prijal\u00a0 jeden z\u00a0najlep\u0161\u00edch slovensk\u00fdch skaln\u00fdch lezcov s\u00fa\u010dasnosti, dr\u017eite\u013e mnoh\u00fdch v\u00fdznamn\u00fdch prelezov v\u00a0celej Eur\u00f3pe <b>Jozef Kri\u0161toffy<\/b>, ktor\u00fd bude hos\u0165om Hory a\u00a0mesto po prv\u00fd raz. \u00daspe\u0161n\u00fd reprezentant Slovenska v\u00a0horolezectve zdolal svoje najv\u00fdznamnej\u0161ie prelezy v\u00a0talianskych Dolomitoch, v\u00a0\u0161panielskej oblasti Chulilla a\u00a0na svojom konte m\u00e1 aj jeden z\u00a0najn\u00e1ro\u010dnej\u0161\u00edch prelezov na Slovensku \u2013 JetStream v\u00a0Tatr\u00e1ch. Jeho predn\u00e1\u0161ka m\u00e1 n\u00e1zov <i>Vertik\u00e1lny \u017eivot \u2013 od skaliek k\u00a0hor\u00e1m<\/i> a\u00a0na programe je v\u00a0nede\u013eu 6. apr\u00edla 2014 o\u00a017.00.<\/p>\n<p><b>Michal Sabov\u010d\u00edk<\/b> a\u00a0<b>Adam Kadle\u010d\u00edk<\/b> pre\u0161li vlani zimn\u00fd prechod hrebe\u0148a Z\u00e1padn\u00fdch, Vysok\u00fdch a\u00a0Belianskych Tatier. Ide o mimoriadne n\u00e1ro\u010dn\u00fd prechod, na ktor\u00fdsi tr\u00fafli ako prv\u00ed po 34 rokoch. V\u00a0\u0165a\u017ek\u00fdch podmienkach a ne\u013e\u00fatostnej zime im to trvalo cel\u00fdch 15 dn\u00ed. V\u0161etok v\u00fdstroj si niesli so sebou. Tento\u00a0jedine\u010dn\u00fd v\u00fdkon pribl\u00ed\u017eia n\u00e1v\u0161tevn\u00edkom festivalu svoj\u00edm rozpr\u00e1van\u00edm a premietnut\u00edm\u00a0fotografi\u00ed s\u00a0n\u00e1zvom <i>Horsk\u00e9 priate\u013estv\u00e1<\/i>, v\u00a0piatok 4. apr\u00edla 2014 o\u00a017.00. Navy\u0161e zn\u00e1my slovensk\u00fd re\u017eis\u00e9r propaguj\u00faci Vysok\u00e9 Tatry z\u00a0najr\u00f4znej\u0161\u00edch perspekt\u00edv <b>Pavol Barab\u00e1\u0161 <\/b>nakr\u00fatil o\u00a0tejto ceste film <i>Stopy na hrebeni<\/i>, ktor\u00fd sa bude v\u00a0r\u00e1mci festivalu premieta\u0165 po predn\u00e1\u0161ke spom\u00ednan\u00fdch lezcov.<\/p>\n<p>\u010eal\u0161ou dvojicou, ktor\u00e1 spolo\u010dne prezentovala u\u017e aj vlani a vyst\u00fapi aj tento rok v\u00a0r\u00e1mci bloku VODA v\u00a0stredu 2. apr\u00edla 2014 o\u00a019.30, je <b>Tom\u00e1\u0161 Andr\u00e1ssy<\/b> a\u00a0<b>Evina L\u00e1sko<\/b>. Tentokr\u00e1t ich div\u00e1ci za\u017eij\u00fa pri\u00a0rozpr\u00e1van\u00ed o\u00a0splavovan\u00ed divok\u00fdch riek na\u00a0Altaji v\u00a0Rusku. Ide o\u00a0oblas\u0165 na rusko-mongolskej hranici, kde sa nach\u00e1dzaj\u00fa\u00a0jedny z\u00a0najdivokej\u0161\u00edch riek na svete, na miestach\u00a0 absol\u00fatne mimo be\u017en\u00fdch turistick\u00fdch oblast\u00ed. Obaja s\u00fa u\u017e desa\u0165 rokov \u010dlenmi slovenskej reprezent\u00e1cie vo freestyle a\u00a0extr\u00e9mnom zjazde na kajakoch.\u00a0V\u00a0rovnakej sekcii a\u00a0v\u00a0rovnak\u00fd ve\u010der vyst\u00fapi aj st\u00e1lica festivalu Hory a\u00a0mesto <b>Luci\u0161a Holl\u00e1<\/b>, ktor\u00e1 u\u017e roky patr\u00ed k slovenskej vod\u00e1ckej \u0161pi\u010dke. Po mnoh\u00fdch rokoch, kedy sa so svojou vod\u00e1ckou partiou vyd\u00e1vali na opa\u010dn\u00fd koniec sveta, objavili Balk\u00e1n, ktor\u00fd ich o\u010daril. Predn\u00e1\u0161ka s\u00a0kr\u00e1tkym filmom o\u00a0putovan\u00ed po riekach Bosny, Gr\u00e9cka \u010di \u010ciernej hory sa vol\u00e1 <i>\u010clnkovanie na Balk\u00e1ne<\/i>.\u00a0<b>Dalibor Krupka<\/b> pripravil pre tohtoro\u010dn\u00fd festival predn\u00e1\u0161ku o\u00a0lietan\u00ed nad r\u00f4znymi oblas\u0165ami \u00c1lp. Na dobrodru\u017en\u00fd let pln\u00fd nebezpe\u010denstva sa vydal spolu so svojou skupinou Paragliding Expedition Slovakia (P.E.S.). Ich cie\u013eom neb\u00fdva l\u00e1manie rekordov, ale spozn\u00e1vanie, objavovania a\u00a0pribli\u017eovanie sveta z\u00a0v\u00fd\u0161ky; na programe v sekcii VZDUCH, vo \u0161tvrtok 3. Apr\u00edla 2014 o 20.30.\u00a015. ro\u010dn\u00edk festivalu Hory a\u00a0mesto pon\u00fakne aj vy\u0161e desa\u0165 slovensk\u00fdch filmov. Okrem spom\u00ednanej sn\u00edmky <b>Pavla Barab\u00e1\u0161a <i>Stopy na hrebeni <\/i><\/b>to bude aj autentick\u00fd pr\u00edbeh re\u017eis\u00e9ra <b>Erika Bal\u00e1\u017ea<\/b> o\u00a0jednej z\u00a0posledn\u00fdch divo\u010d\u00edn v\u00a0Eur\u00f3pe s\u00a0n\u00e1zvom <b><i>Vl\u010die hory<\/i><\/b>. <b>Peter Csonka <\/b>spracoval \u017eivotn\u00fd pr\u00edbeh ugandsk\u00e9ho kajak\u00e1ra, ktor\u00fd sa nenechal odradi\u0165 a napriek svojim biednym pomerom mal vlastn\u00e9 amb\u00edcie a\u00a0tr\u00e9noval, aby dosiahol svoje sny a pribl\u00ed\u017eil sa z\u00e1padn\u00e9mu sp\u00f4sobu \u017eivota; film m\u00e1 n\u00e1zov <b><i>Chaga \u2013 TheStory<\/i><\/b>. Etablovan\u00fd horsk\u00fd re\u017eis\u00e9r <b>Rastislav Hatiar<\/b> uvedie a\u017e dva svoje filmy. <b><i>Slep\u00e1 d\u00f4vera <\/i><\/b>je o slepom horolezcovi, ktor\u00e9ho\u00a0zachyt\u00e1va pri v\u00fdstupoch na Gerlachovsk\u00fd \u0161t\u00edt a\u00a0Mont Blanc, pri\u010dom nejde len o\u00a0samotn\u00e9 v\u00fdstupy, ale o\u00a0prekon\u00e1vanie sam\u00e9ho seba a\u00a0pozit\u00edvny pr\u00edstup k\u00a0\u017eivotu. Druh\u00fd film sa vol\u00e1 <b><i>Strach zo smrti<\/i><\/b> a\u00a0je o rovnomennej lezeckej ceste vo Vysok\u00fdch Tatr\u00e1ch. Rovnako re\u017eis\u00e9r <b>Juraj Luk\u00e1\u0161<\/b> prich\u00e1dza s\u00a0dvoma kr\u00e1tkymi cyklistick\u00fdmi sn\u00edmkami: <b><i>Dve tv\u00e1re Str\u00e1\u017eova <\/i><\/b>a <b><i>Jesenn\u00e9 r\u00e1no na Min\u010dole<\/i><\/b>.<\/p>\n<p>Medzin\u00e1rodn\u00fd festival horsk\u00e9ho filmu a\u00a0dobrodru\u017estva Hory a\u00a0mesto je ur\u010den\u00fd akt\u00edvnym aj pas\u00edvnym milovn\u00edkom outdoorov\u00fdch aktiv\u00edt. Jadrom akcie je <b>filmov\u00e1 prehliadka<\/b>, ktor\u00e1 pon\u00faka filmy z\u00a0cel\u00e9ho sveta, pri\u010dom vo v\u00e4\u010d\u0161ine pr\u00edpadov ide o\u00a0jedine\u010dn\u00fa pr\u00edle\u017eitos\u0165 tieto filmy vidie\u0165. Dokumentuj\u00fa \u0161portov\u00e9 v\u00fdkony a\u00a0nev\u0161edn\u00e9 z\u00e1\u017eitky a s\u00fa tematicky rozdelen\u00e9 na lezeck\u00e9, vod\u00e1cke, cyklistick\u00e9, ly\u017eiarske, environment\u00e1lne, filmy o\u00a0lietan\u00ed a\u00a0turistike. Z\u00e1rove\u0148 pribli\u017euj\u00fa be\u017ene nepr\u00edstupn\u00e9 oblasti sveta. Festival ka\u017edoro\u010dne <b>oslovuje a\u00a0in\u0161piruje tis\u00edce mestsk\u00fdch \u013eud\u00ed v\u0161etk\u00fdch gener\u00e1ci\u00ed<\/b>, ktor\u00fdm pon\u00faka in\u0161pir\u00e1cie, ako zmysluplne tr\u00e1vi\u0165 vo\u013en\u00fd \u010das.<\/p>\n<p>Po skon\u010den\u00ed v\u00a0Bratislave sa vybran\u00fd program festivalu Hory a\u00a0mesto \u010falej uvedie v\u00a0\u010cesku, Ma\u010farsku a\u00a0Po\u013esku. Na Slovensku ho uvidia aj nad\u0161enci pre hory v\u00a0mest\u00e1ch: Pre\u0161ov, Doln\u00fd Kub\u00edn, \u017dilina a\u00a0Zvolen.<\/p>\n<p>&nbsp;<\/p>\n<p>&nbsp;<\/p>\n","protected":false},"excerpt":{"rendered":"<p>Slovensk\u00ed hostia festivalu HORY A\u00a0MESTO s\u00fa \u010dasto svetovou \u0161pi\u010dkou Medzin\u00e1rodn\u00fd festival horsk\u00e9ho filmu a\u00a0dobrodru\u017estva HORY A\u00a0MESTO pon\u00faka okrem zahrani\u010dn\u00fdch host\u00ed a\u00a0filmov ve\u013ek\u00fd priestor aj pre dom\u00e1cu kinematografiu a\u00a0host\u00ed zo Slovenska. Pr\u00e1ve k\u00a0nim maj\u00fa div\u00e1ci nesmierne bl\u00edzko, poznaj\u00fa prostredie z\u00a0ak\u00e9ho vy\u0161li, vidia sa v\u00a0nich, sleduj\u00fa ich cesty, v\u00fdkony a\u00a0to na nich p\u00f4sob\u00ed motiva\u010dne. V\u010faka festivalu maj\u00fa [&hellip;]<\/p>\n","protected":false},"author":7,"featured_media":58554,"comment_status":"closed","ping_status":"closed","sticky":false,"template":"","format":"standard","meta":{"footnotes":""},"categories":[52],"tags":[],"class_list":["post-58815","post","type-post","status-publish","format-standard","has-post-thumbnail","hentry","category-outdoor","eq-blocks"],"_links":{"self":[{"href":"https:\/\/www.slovaklinesmagazin.sk\/cms\/wp-json\/wp\/v2\/posts\/58815","targetHints":{"allow":["GET"]}}],"collection":[{"href":"https:\/\/www.slovaklinesmagazin.sk\/cms\/wp-json\/wp\/v2\/posts"}],"about":[{"href":"https:\/\/www.slovaklinesmagazin.sk\/cms\/wp-json\/wp\/v2\/types\/post"}],"author":[{"embeddable":true,"href":"https:\/\/www.slovaklinesmagazin.sk\/cms\/wp-json\/wp\/v2\/users\/7"}],"replies":[{"embeddable":true,"href":"https:\/\/www.slovaklinesmagazin.sk\/cms\/wp-json\/wp\/v2\/comments?post=58815"}],"version-history":[{"count":1,"href":"https:\/\/www.slovaklinesmagazin.sk\/cms\/wp-json\/wp\/v2\/posts\/58815\/revisions"}],"predecessor-version":[{"id":58816,"href":"https:\/\/www.slovaklinesmagazin.sk\/cms\/wp-json\/wp\/v2\/posts\/58815\/revisions\/58816"}],"wp:featuredmedia":[{"embeddable":true,"href":"https:\/\/www.slovaklinesmagazin.sk\/cms\/wp-json\/wp\/v2\/media\/58554"}],"wp:attachment":[{"href":"https:\/\/www.slovaklinesmagazin.sk\/cms\/wp-json\/wp\/v2\/media?parent=58815"}],"wp:term":[{"taxonomy":"category","embeddable":true,"href":"https:\/\/www.slovaklinesmagazin.sk\/cms\/wp-json\/wp\/v2\/categories?post=58815"},{"taxonomy":"post_tag","embeddable":true,"href":"https:\/\/www.slovaklinesmagazin.sk\/cms\/wp-json\/wp\/v2\/tags?post=58815"}],"curies":[{"name":"wp","href":"https:\/\/api.w.org\/{rel}","templated":true}]}}