{"id":58848,"date":"2014-03-26T09:35:32","date_gmt":"2014-03-26T07:35:32","guid":{"rendered":"http:\/\/slovaklinesmagazin.sk\/cms\/?p=58848"},"modified":"2014-03-26T09:47:25","modified_gmt":"2014-03-26T07:47:25","slug":"pavol-barabas-uvedie-na-hory-a-mesto-v-premiere-svoj-najnovsi-film-polarnik","status":"publish","type":"post","link":"https:\/\/www.slovaklinesmagazin.sk\/cms\/2014\/03\/pavol-barabas-uvedie-na-hory-a-mesto-v-premiere-svoj-najnovsi-film-polarnik\/","title":{"rendered":"Pavol Barab\u00e1\u0161 uvedie na HORY A MESTO v premi\u00e9re svoj najnov\u0161\u00ed film Pol\u00e1rnik"},"content":{"rendered":"<p style=\"text-align: left;\" align=\"center\">V\u00a0\u0161t\u00e1diu takmer uzavret\u00e9ho programu HORY A\u00a0MESTO pri\u0161iel jeden z na\u0161ich naj\u00faspe\u0161nej\u0161\u00edch\u00a0 re\u017eis\u00e9rov Pavol Barab\u00e1\u0161 s\u00a0ponukou odpremi\u00e9rova\u0165 na 15. ro\u010dn\u00edku medzin\u00e1rodn\u00e9ho\u00a0 festivalu svoj najnov\u0161\u00ed film s\u00a0n\u00e1zvom Pol\u00e1rnik. Sn\u00edmka o\u00a0v\u00fdznamnom pol\u00e1rnikovi Petrovi Valu\u0161iakovi\u00a0 je v\u00a0t\u00fdchto d\u0148och e\u0161te len v z\u00e1vere\u010dnej f\u00e1ze postprodukcie. Svetov\u00e1 premi\u00e9ra za osobnej \u00fa\u010dasti oboch p\u00e1nov je napl\u00e1novan\u00e1 na nede\u013eu 6. apr\u00edla 2014, o 16.00 v\u00a0najv\u00e4\u010d\u0161ej s\u00e1le Cinema City v\u00a0bratislavskom Auparku. Festival, ktor\u00fd uvedie 45 filmov z\u00a013 kraj\u00edn, 17 host\u00ed, 21 predn\u00e1\u0161ok cestovate\u013eov a\u00a0sedem v\u00fdstav, sa za\u010dne bud\u00facu stredu 2. apr\u00edla.<\/p>\n<p style=\"text-align: left;\" align=\"center\"><img decoding=\"async\" class=\"aligncenter\" alt=\"Polarnik__2_\" src=\"http:\/\/slovaklinesmagazin.sk\/cms\/wp-content\/uploads\/2014\/03\/Polarnik__2_.jpg\" \/><\/p>\n<p>\u201ePa\u013eo n\u00e1s oslovil u\u017e v\u00a0\u0161t\u00e1diu, kedy bol program prakticky uzavret\u00fd. Nemohli sme odola\u0165, preto\u017ee film sa n\u00e1m ve\u013emi p\u00e1\u010dil a\u00a0navy\u0161e jednozna\u010dne patr\u00ed do kontextu festivalu a\u00a0tak sme sa rozhodli vytvori\u0165 mu miesto v\u00a0programe a\u00a0uvies\u0165 ho v\u00a0svetovej premi\u00e9re,\u201c povedala dramaturgi\u010dka festivalu Nat\u00e1lia Bokn\u00edkov\u00e1.<\/p>\n<p style=\"text-align: center;\"><img decoding=\"async\" class=\"aligncenter\" alt=\"\" src=\"http:\/\/slovaklinesmagazin.sk\/cms\/wp-content\/uploads\/2014\/03\/Polarnik__3_.jpg\" \/><\/p>\n<p>Slovensk\u00fd pol\u00e1rnik svetov\u00e9ho form\u00e1tu Peter Valu\u0161iak m\u00e1 za sebou zhruba dve desiatky v\u00fdprav do pol\u00e1rnych oblast\u00ed sveta. V roku 1998 sa mu s troma Rusmi podaril, ako prv\u00fdm v\u00a0hist\u00f3rii, v\u00fdkon z kateg\u00f3rie snov: prejs\u0165 bez cudzej pomoci od brehov Ruska naprie\u010d zamrznut\u00fdm morom Arkt\u00eddy cez Severn\u00fd p\u00f3l a\u017e k brehom Kanady. Pr\u00e1ve t\u00fato v\u00fdznamn\u00fa udalos\u0165 zaznamenal\u00a0 Pavol Barab\u00e1\u0161 v\u00a0dokumente <i>118 dn\u00ed v\u00a0zajat\u00ed \u013eadu<\/i>. Petra Valu\u0161iaka dlh\u00e9 roky v\u00e1bi \u010fal\u0161ia v\u00fdzva, o ktor\u00fa sa u\u017e nieko\u013ekokr\u00e1t pok\u00fa\u0161al. Chce prejs\u0165 naprie\u010d Antarkt\u00eddou cez Ju\u017en\u00fd p\u00f3l. Film <i>Pol\u00e1rnik<\/i> je portr\u00e9tom \u010dloveka, ktor\u00fd sa pok\u00fa\u0161a pre\u017ei\u0165 s\u00e1m na najchladnej\u0161om kontinente.<\/p>\n<p style=\"text-align: center;\"><img decoding=\"async\" class=\"aligncenter\" alt=\"\" src=\"http:\/\/slovaklinesmagazin.sk\/cms\/wp-content\/uploads\/2014\/03\/Polarnik__4_.jpg\" \/><\/p>\n<p style=\"text-align: left;\"><span style=\"text-align: left; font-size: 14px; line-height: 1.5em;\">Pavol Barab\u00e1\u0161, ktor\u00fd vo svojej tvorbe \u010dasto zobrazuje Vysok\u00e9 Tatry, uvedie na festivale e\u0161te jeden film &#8211; <\/span><b style=\"text-align: left; font-size: 14px; line-height: 1.5em;\"><i>Stopy na hrebeni<\/i><\/b><span style=\"text-align: left; font-size: 14px; line-height: 1.5em;\">. Sn\u00edmka zachyt\u00e1va mimoriadne n\u00e1ro\u010dn\u00fd zimn\u00fd prechod hrebe\u0148a Z\u00e1padn\u00fdch, Vysok\u00fdch a\u00a0Belianskych Tatier. Michal Sabov\u010d\u00edk a\u00a0Adam Kadle\u010d\u00edk si na\u0148 tr\u00fafli ako prv\u00ed po 34 rokoch. V\u00a0\u0165a\u017ek\u00fdch podmienkach a ne\u013e\u00fatostnej zime im to trvalo cel\u00fdch 15 dn\u00ed.V\u00a0r\u00e1mci programu festivalu vyst\u00fapia obaja horolezci s\u00a0predn\u00e1\u0161kou, ktor\u00e1 pribl\u00ed\u017ei n\u00e1v\u0161tevn\u00edkom tento jedine\u010dn\u00fd v\u00fdkon.<\/span><\/p>\n<p>Festival ka\u017edoro\u010dne <b>oslovuje a\u00a0in\u0161piruje tis\u00edce mestsk\u00fdch \u013eud\u00ed v\u0161etk\u00fdch gener\u00e1ci\u00ed<\/b>, ktor\u00fdm pon\u00faka in\u0161pir\u00e1cie, ako zmysluplne tr\u00e1vi\u0165 vo\u013en\u00fd \u010das.<\/p>\n<p>Po skon\u010den\u00ed v\u00a0Bratislave sa vybran\u00fd program festivalu Hory a\u00a0mesto \u010falej uvedie v\u00a0\u010cesku, Ma\u010farsku a\u00a0Po\u013esku. Na Slovensku ho uvidia aj nad\u0161enci pre hory v\u00a0mest\u00e1ch: Pre\u0161ov, Doln\u00fd Kub\u00edn, \u017dilina a\u00a0Zvolen.<\/p>\n","protected":false},"excerpt":{"rendered":"<p>V\u00a0\u0161t\u00e1diu takmer uzavret\u00e9ho programu HORY A\u00a0MESTO pri\u0161iel jeden z na\u0161ich naj\u00faspe\u0161nej\u0161\u00edch\u00a0 re\u017eis\u00e9rov Pavol Barab\u00e1\u0161 s\u00a0ponukou odpremi\u00e9rova\u0165 na 15. ro\u010dn\u00edku medzin\u00e1rodn\u00e9ho\u00a0 festivalu svoj najnov\u0161\u00ed film s\u00a0n\u00e1zvom Pol\u00e1rnik. Sn\u00edmka o\u00a0v\u00fdznamnom pol\u00e1rnikovi Petrovi Valu\u0161iakovi\u00a0 je v\u00a0t\u00fdchto d\u0148och e\u0161te len v z\u00e1vere\u010dnej f\u00e1ze postprodukcie. Svetov\u00e1 premi\u00e9ra za osobnej \u00fa\u010dasti oboch p\u00e1nov je napl\u00e1novan\u00e1 na nede\u013eu 6. apr\u00edla 2014, o [&hellip;]<\/p>\n","protected":false},"author":7,"featured_media":0,"comment_status":"closed","ping_status":"closed","sticky":false,"template":"","format":"standard","meta":{"footnotes":""},"categories":[13,47,52],"tags":[],"class_list":["post-58848","post","type-post","status-publish","format-standard","hentry","category-real-estate","category-film","category-outdoor","eq-blocks"],"_links":{"self":[{"href":"https:\/\/www.slovaklinesmagazin.sk\/cms\/wp-json\/wp\/v2\/posts\/58848","targetHints":{"allow":["GET"]}}],"collection":[{"href":"https:\/\/www.slovaklinesmagazin.sk\/cms\/wp-json\/wp\/v2\/posts"}],"about":[{"href":"https:\/\/www.slovaklinesmagazin.sk\/cms\/wp-json\/wp\/v2\/types\/post"}],"author":[{"embeddable":true,"href":"https:\/\/www.slovaklinesmagazin.sk\/cms\/wp-json\/wp\/v2\/users\/7"}],"replies":[{"embeddable":true,"href":"https:\/\/www.slovaklinesmagazin.sk\/cms\/wp-json\/wp\/v2\/comments?post=58848"}],"version-history":[{"count":4,"href":"https:\/\/www.slovaklinesmagazin.sk\/cms\/wp-json\/wp\/v2\/posts\/58848\/revisions"}],"predecessor-version":[{"id":58857,"href":"https:\/\/www.slovaklinesmagazin.sk\/cms\/wp-json\/wp\/v2\/posts\/58848\/revisions\/58857"}],"wp:attachment":[{"href":"https:\/\/www.slovaklinesmagazin.sk\/cms\/wp-json\/wp\/v2\/media?parent=58848"}],"wp:term":[{"taxonomy":"category","embeddable":true,"href":"https:\/\/www.slovaklinesmagazin.sk\/cms\/wp-json\/wp\/v2\/categories?post=58848"},{"taxonomy":"post_tag","embeddable":true,"href":"https:\/\/www.slovaklinesmagazin.sk\/cms\/wp-json\/wp\/v2\/tags?post=58848"}],"curies":[{"name":"wp","href":"https:\/\/api.w.org\/{rel}","templated":true}]}}