{"id":58932,"date":"2014-04-01T09:51:03","date_gmt":"2014-04-01T07:51:03","guid":{"rendered":"http:\/\/slovaklinesmagazin.sk\/cms\/?p=58932"},"modified":"2014-04-01T10:00:43","modified_gmt":"2014-04-01T08:00:43","slug":"zajtra-sa-zacina-15-rocnik-festivalu-hory-a-mesto-otvori-ho-polsky-lezec-velkych-stien-adam-pustelnik","status":"publish","type":"post","link":"https:\/\/www.slovaklinesmagazin.sk\/cms\/2014\/04\/zajtra-sa-zacina-15-rocnik-festivalu-hory-a-mesto-otvori-ho-polsky-lezec-velkych-stien-adam-pustelnik\/","title":{"rendered":"Zajtra sa za\u010d\u00edna 15. ro\u010dn\u00edk festivalu HORY A MESTO &#8211;  otvor\u00ed ho po\u013esk\u00fd lezec ve\u013ek\u00fdch stien Adam Pustelnik"},"content":{"rendered":"<p>V\u00a0stredu o\u00a019.00 sa za\u010dne 15. ro\u010dn\u00edk Medzin\u00e1rodn\u00e9ho festivalu horsk\u00e9ho filmu a\u00a0dobrodru\u017estva HORY A\u00a0MESTO. Otvor\u00ed ho mlad\u00fd po\u013esk\u00fd lezec ve\u013ek\u00fdch stien Adam Pustelnik. \u010eal\u0161ia\u00a0\u00favodn\u00e1 sekcia Voda uvedie nielen nov\u00e9\u00a0 filmy, ale aj rozpr\u00e1vanie zauj\u00edmav\u00fdch host\u00ed, ktor\u00fdch si vodn\u00fd \u017eivel celkom podmanil. Festival poz\u00fdva na stretnutie s\u00a0Luci\u0161ou Hollou, Tomom Andr\u00e1ssym a\u00a0Evinou L\u00e1sko. Do nedele 6. apr\u00edla 2014 je na programe 45 filmov z\u00a013 kraj\u00edn, 17 host\u00ed, 21 predn\u00e1\u0161ok cestovate\u013eov a\u00a0sedem fotov\u00fdstav. Hory a\u00a0mesto s\u00a0jedine\u010dnou atmosf\u00e9rou sa kon\u00e1 v\u00a0priestoroch Cinema City v\u00a0bratislavskom Auparku.<\/p>\n<p>\u201e\u00davodn\u00fd ceremoni\u00e1l sa tradi\u010dne sna\u017e\u00edme po\u0148a\u0165 neform\u00e1lne. Tento rok sa te\u0161\u00edme na div\u00e1cky ve\u013emi atrakt\u00edvne \u017eiv\u00e9 vyst\u00fapenie parkouristick\u00e9ho t\u00edmu Free Run Slovakia priamo v\u00a0s\u00e1le. Ver\u00edm, \u017ee n\u00e1s to dobre nalad\u00ed na ve\u010dern\u00fa predn\u00e1\u0161ku aj filmy,\u201c povedala o\u00a0\u00favode jubilejn\u00e9ho ro\u010dn\u00edka festivalu jeho dramaturgi\u010dka Nat\u00e1lia Bokn\u00edkov\u00e1.<\/p>\n<p>Adam Pustelnik, \u0161portovec adidasu, poch\u00e1dza zo sl\u00e1vnej po\u013eskej lezeckej rodiny \u2013 jeho otec Piotr je jedn\u00fdm z najzn\u00e1mej\u0161\u00edch himal\u00e1jskych lezcov, ktor\u00fd okrem in\u00e9ho vyliezol na v\u0161etky osemtis\u00edcovky. Mlad\u00fd Adam za\u010dal ako skalk\u00e1r, vyliezol niektor\u00e9 z naj\u0165a\u017e\u0161\u00edch \u0161portov\u00fdch ciest \u00a0a nesk\u00f4r sa mu podarilo prenies\u0165 skalk\u00e1rske schopnosti do ve\u013ek\u00fdch stien. Adam Pustelnik, ktor\u00fd m\u00e1 na Slovensku ve\u013ea priaznivcov, si pripravil na prv\u00fd ve\u010der predn\u00e1\u0161ku o\u00a0radostnom a\u00a0\u0161\u0165astnom lezeckom \u017eivote s\u00a0n\u00e1zvom Amb\u00edcie a\u00a0ne\u0161\u0165astn\u00e9 n\u00e1hody jedn\u00e9ho lezca.<\/p>\n<p style=\"text-align: center;\"><img decoding=\"async\" class=\"aligncenter\" alt=\"\" src=\"http:\/\/slovaklinesmagazin.sk\/cms\/wp-content\/uploads\/2014\/04\/Adam_Pustelnik_2.jpg\" \/><\/p>\n<p style=\"text-align: center;\">\u00a0Adam Pustelnik<\/p>\n<p>\u00davodn\u00fd ve\u010der bude vo ved\u013eaj\u0161ej kinos\u00e1le patri\u0165 sekcii VODA\u00a0 s\u00a0piatimi filmami a\u00a0viacer\u00fdmi hos\u0165ami, so za\u010diatkom o\u00a019.30. Na\u0161a najzn\u00e1mej\u0161ia vod\u00e1\u010dka Luci\u0161a Holl\u00e1 porozpr\u00e1va o \u010dlnkovan\u00ed na Balk\u00e1ne, Tomo Andr\u00e1ssy s Evinou L\u00e1sko o divokej vode na Altaji v Rusku, a\u00a0vyst\u00fapia aj Peter a Nina Csonkovci so svoj\u00edm najnov\u0161\u00edm filmom z\u00a0Ugandy, Chaga \u2013 the story.<\/p>\n<p>Kompletn\u00fd program festivalu je zverejnen\u00fd na webstr\u00e1nke festivalu <a href=\"http:\/\/www.horyamestosk\/\">www.horyamestosk<\/a>.<br \/>\nHORY A\u00a0MESTO in\u0161piruj\u00fa a\u00a0vychov\u00e1vaj\u00fa nov\u00fa gener\u00e1ciu zanietencov, ktor\u00fdch zl\u00e1kala kr\u00e1sa h\u00f4r, \u010di u\u017e ako akt\u00edvnych \u0161portovcov, cestovate\u013eov alebo film\u00e1rov a\u00a0fotografov u\u017e cel\u00fdch 15 rokov. Festival s\u00a0kvalitn\u00fdm programom aj tohto roku pon\u00fakne filmov\u00fa prehliadku, atrakt\u00edvnych host\u00ed s\u00a0multimedi\u00e1lnymi prezent\u00e1ciami, cestokluby KINO SVET a\u00a0mnoho sprievodn\u00fdch akci\u00ed. Hlavn\u00fdmi hos\u0165ami bud\u00fa svetov\u00ed lezci \u2013 Tommy Caldwell, S\u00edlvia Vidal, M\u00e1ra Hole\u010dek a\u00a0spom\u00ednan\u00fd Adam Pustelnik, z ktor\u00fdch v\u0161etci zdolali ve\u013ek\u00e9 steny.\u00a0 Filmov\u00e1 prehliadka je u\u017e tradi\u010dne programovo prepojen\u00e1 s\u00a0obdobn\u00fdm festivalom vo Vancouveri, v\u010faka tomu prinesie do Bratislavy aj tohto roku sn\u00edmky, ktor\u00e9 dok\u00e1zali v\u00a0Kanade zauja\u0165\u00a0 tak publikum, ako aj porotu. Ve\u013ek\u00fd priestor je samozrejme aj pre dom\u00e1cu kinematografiu a\u00a0host\u00ed zo Slovenska.<\/p>\n<p>Medzi nimi je aj jeden z na\u0161ich naj\u00faspe\u0161nej\u0161\u00edch re\u017eis\u00e9rov Pavol Barab\u00e1\u0161, ktor\u00fd uvedie na festivale v\u00a0svetovej premi\u00e9re svoj najnov\u0161\u00ed film s\u00a0n\u00e1zvom Pol\u00e1rnik. Stabilnou a u\u00a0div\u00e1kov mimoriadne ob\u013e\u00fabenou s\u00fa\u010das\u0165ou festivalu s\u00fa Cestokluby KINO SVET \u2013 jedine\u010dn\u00e9 a\u00a0 origin\u00e1lne sprostredkovania cestovate\u013esk\u00fdch z\u00e1\u017eitkov, ktor\u00e9 s\u00fa zameran\u00e9 na osobn\u00e9 sk\u00fasenosti. Tohto roku\u00a0 je na programe 21 cestovate\u013esk\u00fdch predn\u00e1\u0161ok z\u00a0r\u00f4znych k\u00fatov \u00c1zie, Severnej aj Ju\u017enej Ameriky, z\u00a0v\u00fdchodnej Afriky, Madagaskaru, Filip\u00edn, Baffinovho ostrova aj Slovenska.<\/p>\n<p>&nbsp;<\/p>\n","protected":false},"excerpt":{"rendered":"<p>V\u00a0stredu o\u00a019.00 sa za\u010dne 15. ro\u010dn\u00edk Medzin\u00e1rodn\u00e9ho festivalu horsk\u00e9ho filmu a\u00a0dobrodru\u017estva HORY A\u00a0MESTO. Otvor\u00ed ho mlad\u00fd po\u013esk\u00fd lezec ve\u013ek\u00fdch stien Adam Pustelnik. \u010eal\u0161ia\u00a0\u00favodn\u00e1 sekcia Voda uvedie nielen nov\u00e9\u00a0 filmy, ale aj rozpr\u00e1vanie zauj\u00edmav\u00fdch host\u00ed, ktor\u00fdch si vodn\u00fd \u017eivel celkom podmanil. Festival poz\u00fdva na stretnutie s\u00a0Luci\u0161ou Hollou, Tomom Andr\u00e1ssym a\u00a0Evinou L\u00e1sko. Do nedele 6. apr\u00edla 2014 [&hellip;]<\/p>\n","protected":false},"author":7,"featured_media":58933,"comment_status":"closed","ping_status":"closed","sticky":false,"template":"","format":"video","meta":{"footnotes":""},"categories":[52],"tags":[],"class_list":["post-58932","post","type-post","status-publish","format-video","has-post-thumbnail","hentry","category-outdoor","post_format-post-format-video","eq-blocks"],"_links":{"self":[{"href":"https:\/\/www.slovaklinesmagazin.sk\/cms\/wp-json\/wp\/v2\/posts\/58932","targetHints":{"allow":["GET"]}}],"collection":[{"href":"https:\/\/www.slovaklinesmagazin.sk\/cms\/wp-json\/wp\/v2\/posts"}],"about":[{"href":"https:\/\/www.slovaklinesmagazin.sk\/cms\/wp-json\/wp\/v2\/types\/post"}],"author":[{"embeddable":true,"href":"https:\/\/www.slovaklinesmagazin.sk\/cms\/wp-json\/wp\/v2\/users\/7"}],"replies":[{"embeddable":true,"href":"https:\/\/www.slovaklinesmagazin.sk\/cms\/wp-json\/wp\/v2\/comments?post=58932"}],"version-history":[{"count":2,"href":"https:\/\/www.slovaklinesmagazin.sk\/cms\/wp-json\/wp\/v2\/posts\/58932\/revisions"}],"predecessor-version":[{"id":58936,"href":"https:\/\/www.slovaklinesmagazin.sk\/cms\/wp-json\/wp\/v2\/posts\/58932\/revisions\/58936"}],"wp:featuredmedia":[{"embeddable":true,"href":"https:\/\/www.slovaklinesmagazin.sk\/cms\/wp-json\/wp\/v2\/media\/58933"}],"wp:attachment":[{"href":"https:\/\/www.slovaklinesmagazin.sk\/cms\/wp-json\/wp\/v2\/media?parent=58932"}],"wp:term":[{"taxonomy":"category","embeddable":true,"href":"https:\/\/www.slovaklinesmagazin.sk\/cms\/wp-json\/wp\/v2\/categories?post=58932"},{"taxonomy":"post_tag","embeddable":true,"href":"https:\/\/www.slovaklinesmagazin.sk\/cms\/wp-json\/wp\/v2\/tags?post=58932"}],"curies":[{"name":"wp","href":"https:\/\/api.w.org\/{rel}","templated":true}]}}