{"id":59049,"date":"2014-04-12T10:43:24","date_gmt":"2014-04-12T08:43:24","guid":{"rendered":"http:\/\/slovaklinesmagazin.sk\/cms\/?p=59049"},"modified":"2014-04-12T10:43:24","modified_gmt":"2014-04-12T08:43:24","slug":"cyklozraz-mala-fatra-2014","status":"publish","type":"post","link":"https:\/\/www.slovaklinesmagazin.sk\/cms\/2014\/04\/cyklozraz-mala-fatra-2014\/","title":{"rendered":"Cyklozraz Mal\u00e1 Fatra 2014"},"content":{"rendered":"<p>V\u00a0Malej Fatre, v\u00a0regi\u00f3ne, ktor\u00fd je v\u010faka rozsiahlej sieti zna\u010den\u00fdch cyklotr\u00e1s r\u00f4znej n\u00e1ro\u010dnosti pr\u00e1vom ozna\u010dovan\u00fd ako \u201ecykloraj\u201c sa chyst\u00e1 \u010dosi ve\u013ek\u00e9 a\u00a0jedine\u010dn\u00e9.<\/p>\n<p>Oblastn\u00e1 organiz\u00e1cia cestovn\u00e9ho ruchu Mal\u00e1 Fatra (OOCR) pripravuje po\u010das troch j\u00fanov\u00fdch dn\u00ed 13. \u2013 15. j\u00fana 2014 akciu pre v\u0161etk\u00fdch milovn\u00edkov pohybu na dvoch koles\u00e1ch &#8211; Cyklozraz Mal\u00e1 Fatra 2014 spojen\u00fd so 16. N\u00e1rodn\u00fdm zrazom cykloturistov. \u201eIde o\u00a0nes\u00fa\u0165a\u017en\u00fd MTB marat\u00f3n, ktor\u00e9ho cie\u013eom je predov\u0161etk\u00fdm podpora a\u00a0propag\u00e1cia cykloturistiky v\u00a0Regi\u00f3ne Mal\u00e1 Fatra\u201c uv\u00e1dza v\u00fdkonn\u00fd riadite\u013e OOCR Mal\u00e1 Fatra Mat\u00fa\u0161 Dobe\u0161. \u201ePripraven\u00e9 s\u00fa dve varianty trat\u00ed &#8211; kr\u00e1tky okruh (42 km) a\u00a0dlh\u00fd okruh (74 km), ktor\u00e9 sme zostavili tak, aby \u00fa\u010dastn\u00edkom predstavili to najkraj\u0161ie z\u00a0n\u00e1\u0161ho regi\u00f3nu, \u010do m\u00f4\u017eu ako cyklisti obdivova\u0165.\u201c dod\u00e1va Dobe\u0161. Na trase bud\u00fa pripraven\u00e9 ob\u010derstvovacie stanice a\u00a0pod orlojom v\u00a0Starej Bystrici aj zauj\u00edmav\u00fd kult\u00farny program \u2013 vyst\u00fapenie heligonk\u00e1rov a\u00a0koncert kapely Ve\u013ek\u00fd dom.<\/p>\n<p style=\"text-align: center;\"><img decoding=\"async\" class=\"aligncenter\" alt=\"\" src=\"http:\/\/slovaklinesmagazin.sk\/cms\/wp-content\/uploads\/2014\/04\/Cyklistika-foto-1.jpg\" \/><\/p>\n<p>Hlavn\u00e9 z\u00e1zemie bude ma\u0165 Cyklozraz Mal\u00e1 Fatra 2014 v\u00a0are\u00e1li Autocampingu Bel\u00e1-Ni\u017en\u00e9 Kamence. Pr\u00e1ve tento kemp z\u00edskal v 9.\u00a0ro\u010dn\u00edku ankety 4camping KEMP ROKU\u00a02013, ktor\u00fa ka\u017edoro\u010dne vyhlasuje \u010desk\u00fd kempingov\u00fd internetov\u00fd port\u00e1l dokempu.cz,\u00a01. miesto\u00a0a stal sa tak\u00a0najlep\u0161\u00edm slovensk\u00fdm autocampingom.<br \/>\nDeti\u00a0\u010dak\u00e1 v sobotu\u00a014. j\u00fana 2014\u00a0z\u00e1bavn\u00fd sprievodn\u00fd program s\u00a0atrakciami ako ma\u013eovanie na tv\u00e1r, jazda na pon\u00edkovi alebo sk\u00e1kac\u00ed hrad a\u00a0v\u00a0nede\u013eu 15. j\u00fana 2014\u00a0sa deti s\u00a0horsk\u00fdmi bicyklami (najmlad\u0161\u00ed aj na kolobe\u017ek\u00e1ch, odr\u00e1\u017eadl\u00e1ch) od 3 do 16 rokov m\u00f4\u017eu z\u00fa\u010dastni\u0165 Detskej tour Petra Sagana. Pre ka\u017ed\u00e9ho \u00fa\u010dastn\u00edka \u010dak\u00e1 prekvapenie.<br \/>\nS\u00fa\u010das\u0165ou Cyklozrazu Mal\u00e1 Fatra 2014 bude aj sl\u00e1vnostn\u00e9 otvorenie novozna\u010den\u00fdch cyklotr\u00e1s spolu s\u00a0Terchovskou muzikou \u2013 tradi\u010dn\u00fdm \u013eudov\u00fdm hudobn\u00fdm prejavom zaraden\u00fdm do Reprezentat\u00edvneho zoznamu nehmotn\u00e9ho kult\u00farneho dedi\u010dstva UNESCO. V\u00a0roku 2013 OOCR Mal\u00e1 Fatra realizovala komplexn\u00e9 zna\u010denie viac ako 400 kilometrov cyklotr\u00e1s spolu s\u00a0osaden\u00edm 74 ks cyklosmerovn\u00edkov, 440 ks cyklosmeroviek, 157 obr\u00e1zkov\u00fdch cyklotabuliek, 113 doplnkov\u00fdch tabuliek a\u00a0173 embl\u00e9mov\u00fdch tabuliek.<\/p>\n<p style=\"text-align: center;\"><img decoding=\"async\" class=\"aligncenter\" alt=\"\" src=\"http:\/\/slovaklinesmagazin.sk\/cms\/wp-content\/uploads\/2014\/04\/Cyklistika-foto-3.jpg\" \/><\/p>\n<p>\u201eTe\u0161\u00ed n\u00e1s z\u00e1ujem o\u00a0toto podujatie. Prostredn\u00edctvom on-line syst\u00e9mu sa n\u00e1m prihlasuj\u00fa prv\u00ed \u00fa\u010dastn\u00edci, ktor\u00ed v\u010dasn\u00fdm prihl\u00e1sen\u00edm z\u00edskavaj\u00fa n\u00e1rok na zv\u00fdhodnen\u00e9 \u0161tartovn\u00e9.\u201c uv\u00e1dza Dobe\u0161.<br \/>\nSprievodn\u00fd kult\u00farny program zah\u0155\u0148a Medzin\u00e1rodn\u00e9 stretnutie zbojn\u00edkov v\u00a0Terchovej, ktor\u00e9ho s\u00fa\u010das\u0165ou bude aj vyst\u00fapenie s\u00faboru S\u013euk s\u00a0galaprogramom Kr\u00ed\u017eom-kr\u00e1\u017eom alebo predstavenie Martinsk\u00e9ho komorn\u00e9ho divadla so skvelou kom\u00e9diou N\u00e1rodn\u00fd cintor\u00edn. Pestr\u00fa ponuku dop\u013a\u0148aj\u00fa tradi\u010dn\u00e1 Nebesk\u00e1 muzika, country kapela Niagara alebo legend\u00e1rna skupina Arz\u00e9n, rockov\u00e1 hudba in\u0161pirovan\u00e1 pr\u00e1ve terchovskou muzikou.<br \/>\nV\u0161etky bli\u017e\u0161ie inform\u00e1cie o\u00a0Cyklozraze Mal\u00e1 Fatra 2014, propoz\u00edcie, popis trate, pravidl\u00e1 a aj inform\u00e1cie o\u00a0ubytovac\u00edch mo\u017enostiach n\u00e1jdete na str\u00e1nke <a href=\"http:\/\/www.regionmalafatra.sk\" target=\"_blank\">www.regionmalafatra.sk<\/a><\/p>\n","protected":false},"excerpt":{"rendered":"<p>V\u00a0Malej Fatre, v\u00a0regi\u00f3ne, ktor\u00fd je v\u010faka rozsiahlej sieti zna\u010den\u00fdch cyklotr\u00e1s r\u00f4znej n\u00e1ro\u010dnosti pr\u00e1vom ozna\u010dovan\u00fd ako \u201ecykloraj\u201c sa chyst\u00e1 \u010dosi ve\u013ek\u00e9 a\u00a0jedine\u010dn\u00e9. Oblastn\u00e1 organiz\u00e1cia cestovn\u00e9ho ruchu Mal\u00e1 Fatra (OOCR) pripravuje po\u010das troch j\u00fanov\u00fdch dn\u00ed 13. \u2013 15. j\u00fana 2014 akciu pre v\u0161etk\u00fdch milovn\u00edkov pohybu na dvoch koles\u00e1ch &#8211; Cyklozraz Mal\u00e1 Fatra 2014 spojen\u00fd so 16. N\u00e1rodn\u00fdm [&hellip;]<\/p>\n","protected":false},"author":7,"featured_media":59050,"comment_status":"closed","ping_status":"closed","sticky":false,"template":"","format":"standard","meta":{"footnotes":""},"categories":[13,52,14],"tags":[],"class_list":["post-59049","post","type-post","status-publish","format-standard","has-post-thumbnail","hentry","category-real-estate","category-outdoor","category-sport","eq-blocks"],"_links":{"self":[{"href":"https:\/\/www.slovaklinesmagazin.sk\/cms\/wp-json\/wp\/v2\/posts\/59049","targetHints":{"allow":["GET"]}}],"collection":[{"href":"https:\/\/www.slovaklinesmagazin.sk\/cms\/wp-json\/wp\/v2\/posts"}],"about":[{"href":"https:\/\/www.slovaklinesmagazin.sk\/cms\/wp-json\/wp\/v2\/types\/post"}],"author":[{"embeddable":true,"href":"https:\/\/www.slovaklinesmagazin.sk\/cms\/wp-json\/wp\/v2\/users\/7"}],"replies":[{"embeddable":true,"href":"https:\/\/www.slovaklinesmagazin.sk\/cms\/wp-json\/wp\/v2\/comments?post=59049"}],"version-history":[{"count":1,"href":"https:\/\/www.slovaklinesmagazin.sk\/cms\/wp-json\/wp\/v2\/posts\/59049\/revisions"}],"predecessor-version":[{"id":59053,"href":"https:\/\/www.slovaklinesmagazin.sk\/cms\/wp-json\/wp\/v2\/posts\/59049\/revisions\/59053"}],"wp:featuredmedia":[{"embeddable":true,"href":"https:\/\/www.slovaklinesmagazin.sk\/cms\/wp-json\/wp\/v2\/media\/59050"}],"wp:attachment":[{"href":"https:\/\/www.slovaklinesmagazin.sk\/cms\/wp-json\/wp\/v2\/media?parent=59049"}],"wp:term":[{"taxonomy":"category","embeddable":true,"href":"https:\/\/www.slovaklinesmagazin.sk\/cms\/wp-json\/wp\/v2\/categories?post=59049"},{"taxonomy":"post_tag","embeddable":true,"href":"https:\/\/www.slovaklinesmagazin.sk\/cms\/wp-json\/wp\/v2\/tags?post=59049"}],"curies":[{"name":"wp","href":"https:\/\/api.w.org\/{rel}","templated":true}]}}