{"id":59085,"date":"2014-04-12T13:02:47","date_gmt":"2014-04-12T11:02:47","guid":{"rendered":"http:\/\/slovaklinesmagazin.sk\/cms\/?p=59085"},"modified":"2014-04-12T13:04:22","modified_gmt":"2014-04-12T11:04:22","slug":"59085","status":"publish","type":"post","link":"https:\/\/www.slovaklinesmagazin.sk\/cms\/2014\/04\/59085\/","title":{"rendered":"TOUCH &#8211; N\u00c1DHERN\u00c9 VIDEO PILOTA JEAN-BAPTISTE CHANDELIERA"},"content":{"rendered":"<p>Tento mlad\u00fd Franc\u00faz miluje lietanie. Lieta po celom svete. Lieta od svojich 19 &#8211; tich rokov a teraz je profesion\u00e1lnym paraglidistom. Podie\u013ea sa aj na v\u00fdvoji technol\u00f3gi\u00ed spojen\u00fdch s paraglidingom a z\u00e1rove\u0148 rob\u00ed testovacieho pilota. Jeho \u010fal\u0161ou ve\u013ekou v\u00e1\u0161\u0148ou je filmovanie. A pr\u00e1ve prostredn\u00edctvom vide\u00ed sa podel\u00ed s nami o svoju v\u00e1\u0161e\u0148 pre lietanie. A hoci je neust\u00e1le vo vzduchu, zd\u00e1 sa, \u017ee aj pri lietan\u00ed sa rad\u0161ej dr\u017e\u00ed nohami pri zemi. Pozrite sa sami a u\u017eite si to spolu s \u00a0JEAN-BAPTISTE CHANDELIERom<\/p>\n<p><iframe loading=\"lazy\" frameborder=\"0\" height=\"390\" src=\"\/\/www.youtube.com\/embed\/L62faWn-sa8\" width=\"640\"><\/iframe><\/p>\n<p>&nbsp;<\/p>\n<p><img decoding=\"async\" class=\"alignleft\" alt=\"Jena-Baptiste-Chandelier-Louis-Garnier\" src=\"http:\/\/slovaklinesmagazin.sk\/cms\/wp-content\/uploads\/2014\/04\/Jena-Baptiste-Chandelier-Louis-Garnier.jpg\" \/><\/p>\n<p>&nbsp;<\/p>\n<p>&nbsp;<\/p>\n<p>&nbsp;<\/p>\n<p>&nbsp;<\/p>\n<p>&nbsp;<\/p>\n<p>&nbsp;<\/p>\n<p>&nbsp;<\/p>\n<p>&nbsp;<\/p>\n<p>&nbsp;<\/p>\n<p>NAME:\u00a0Jean-Baptiste CHANDELIER<br \/>\nDATE OF BIRTH: august 18, 1985<br \/>\nPLACE OF RESIDENCE: France, Embrun city<br \/>\nJOB : Professional paragliding pilot \u2013 Paragliding designer \u2013 \u00a0Test pilot \u2013 Movie maker<br \/>\nPARTNER : Adidas outdoor &amp; Dudek paragliders<\/p>\n","protected":false},"excerpt":{"rendered":"<p>Tento mlad\u00fd Franc\u00faz miluje lietanie. Lieta po celom svete. Lieta od svojich 19 &#8211; tich rokov a teraz je profesion\u00e1lnym paraglidistom. Podie\u013ea sa aj na v\u00fdvoji technol\u00f3gi\u00ed spojen\u00fdch s paraglidingom a z\u00e1rove\u0148 rob\u00ed testovacieho pilota. Jeho \u010fal\u0161ou ve\u013ekou v\u00e1\u0161\u0148ou je filmovanie. A pr\u00e1ve prostredn\u00edctvom vide\u00ed sa podel\u00ed s nami o svoju v\u00e1\u0161e\u0148 pre lietanie. A [&hellip;]<\/p>\n","protected":false},"author":7,"featured_media":59086,"comment_status":"closed","ping_status":"closed","sticky":false,"template":"","format":"standard","meta":{"footnotes":""},"categories":[52,14],"tags":[],"class_list":["post-59085","post","type-post","status-publish","format-standard","has-post-thumbnail","hentry","category-outdoor","category-sport","eq-blocks"],"_links":{"self":[{"href":"https:\/\/www.slovaklinesmagazin.sk\/cms\/wp-json\/wp\/v2\/posts\/59085","targetHints":{"allow":["GET"]}}],"collection":[{"href":"https:\/\/www.slovaklinesmagazin.sk\/cms\/wp-json\/wp\/v2\/posts"}],"about":[{"href":"https:\/\/www.slovaklinesmagazin.sk\/cms\/wp-json\/wp\/v2\/types\/post"}],"author":[{"embeddable":true,"href":"https:\/\/www.slovaklinesmagazin.sk\/cms\/wp-json\/wp\/v2\/users\/7"}],"replies":[{"embeddable":true,"href":"https:\/\/www.slovaklinesmagazin.sk\/cms\/wp-json\/wp\/v2\/comments?post=59085"}],"version-history":[{"count":3,"href":"https:\/\/www.slovaklinesmagazin.sk\/cms\/wp-json\/wp\/v2\/posts\/59085\/revisions"}],"predecessor-version":[{"id":59090,"href":"https:\/\/www.slovaklinesmagazin.sk\/cms\/wp-json\/wp\/v2\/posts\/59085\/revisions\/59090"}],"wp:featuredmedia":[{"embeddable":true,"href":"https:\/\/www.slovaklinesmagazin.sk\/cms\/wp-json\/wp\/v2\/media\/59086"}],"wp:attachment":[{"href":"https:\/\/www.slovaklinesmagazin.sk\/cms\/wp-json\/wp\/v2\/media?parent=59085"}],"wp:term":[{"taxonomy":"category","embeddable":true,"href":"https:\/\/www.slovaklinesmagazin.sk\/cms\/wp-json\/wp\/v2\/categories?post=59085"},{"taxonomy":"post_tag","embeddable":true,"href":"https:\/\/www.slovaklinesmagazin.sk\/cms\/wp-json\/wp\/v2\/tags?post=59085"}],"curies":[{"name":"wp","href":"https:\/\/api.w.org\/{rel}","templated":true}]}}