{"id":59128,"date":"2014-04-17T13:46:14","date_gmt":"2014-04-17T11:46:14","guid":{"rendered":"http:\/\/slovaklinesmagazin.sk\/cms\/?p=59128"},"modified":"2014-04-17T13:46:14","modified_gmt":"2014-04-17T11:46:14","slug":"bardejovske-kupele-maju-na-velku-noc-vypredane","status":"publish","type":"post","link":"https:\/\/www.slovaklinesmagazin.sk\/cms\/2014\/04\/bardejovske-kupele-maju-na-velku-noc-vypredane\/","title":{"rendered":"Bardejovsk\u00e9 k\u00fapele maj\u00fa na Ve\u013ek\u00fa noc vypredan\u00e9"},"content":{"rendered":"<p>Ve\u013ekono\u010dn\u00fd relax pril\u00e1kal do\u00a0Bardejovsk\u00fdch k\u00fape\u013eoch stovky klientov<b><br \/>\n<\/b>\u00daplne vypredan\u00e9 kapacity maj\u00fa po\u010das Ve\u013ekej noci Bardejovsk\u00e9 k\u00fapele. V\u00e4\u010d\u0161inu z\u00a0850 l\u00f4\u017eok obsadili dom\u00e1ci slovensk\u00ed klienti, pri\u0161li v\u0161ak aj n\u00e1v\u0161tevn\u00edci z\u00a0Ukrajiny a\u00a0Ruska. Pred\u013a\u017een\u00e9 ve\u013ekono\u010dn\u00e9 vo\u013eno klienti tr\u00e1via bez zhonu a\u00a0starost\u00ed relaxom v\u00a0miner\u00e1lnych k\u00fape\u013eoch a\u00a0Wellness Spa,\u00a0 saunami, \u010di mas\u00e1\u017eami. U\u017e\u00edvaj\u00fa si aj tradi\u010dn\u00e9 ve\u013ekono\u010dn\u00e9 \u0161peciality a \u013eudov\u00e9 jedl\u00e1 s\u00a0cig\u00e1nskou hudbou, folkl\u00f3rne popoludnie a\u00a0\u010fal\u0161ie programy. Informuje o\u00a0tom ekonomicko-obchodn\u00e1 riadite\u013eka Bardejovsk\u00fdch k\u00fape\u013eov Tamara \u0160atankov\u00e1.<\/p>\n<p>,,Na Ve\u013ek\u00fa noc m\u00e1me kapacity u\u017e tradi\u010dne naplnen\u00e9\u00a0 a\u00a0to v\u00a0predstihu. Zahrani\u010dn\u00fdch n\u00e1v\u0161tevn\u00edkov nie je a\u017e tak ve\u013ea, ale Slov\u00e1ci sa u\u017e nau\u010dili u\u017e\u00edva\u0165 si za svoje peniaze primeran\u00fd komfort. Zv\u00fd\u0161en\u00fd z\u00e1ujem zahrani\u010dnej klientely &#8211; predov\u0161etk\u00fdm Ukrajincov a\u00a0Rusov o\u010dak\u00e1vame a\u017e po 25.apr\u00edli, odkedy je rezervovan\u00fdch cca 35 miest pre n\u00e1v\u0161tevn\u00edkov z\u00a0V\u00fdchodu. Ve\u013ekono\u010dn\u00e9 pobyty vy\u0161li klientov na jednu osobu v dvojposte\u013eovej izbe za noc s\u00a0polpenziou 39 a\u017e 56 EUR a\u00a0to pod\u013ea \u00farovne ubytovania. V\u00a0cene maj\u00fa ka\u017edodenn\u00fd vstup do Wellness Spa, miner\u00e1lne k\u00fapele,\u00a0 klasick\u00fa mas\u00e1\u017e, so\u013en\u00fa jasky\u0148u a\u00a0\u010fal\u0161ie slu\u017eby,\u201c hovor\u00ed T. \u0160atankov\u00e1.<\/p>\n<p>Dod\u00e1va, \u017ee pred\u013a\u017een\u00e9 vo\u013eno si radi u\u017e\u00edvaj\u00fa cel\u00e9 rodiny, ale aj dvojice, \u010di osamel\u00ed klienti, ktor\u00ed vyu\u017e\u00edvaj\u00fa \u0161irok\u00fa ponuku slu\u017eieb a\u00a0v\u0161estrann\u00fa starostlivos\u0165 o\u00a0ich pohodlie a\u00a0z\u00e1bavu. K\u00fape\u013en\u00fd park i\u00a0okolit\u00e1 pr\u00edroda poskytuj\u00fa dostatok priestoru pre prech\u00e1dzky a\u00a0jarn\u00e9 t\u00fary. ,,Pre mnoh\u00fdch n\u00e1v\u0161tevn\u00edkov za\u010d\u00edna jar tradi\u010dne v\u00a0Bardejovsk\u00fdch k\u00fape\u013eoch,\u201c uzatv\u00e1ra T. \u0160atankov\u00e1.<\/p>\n<p>Bardejovsk\u00e9 k\u00fapele maj\u00fa desa\u0165 prame\u0148ov, ktor\u00e9 vyvieraj\u00fa na pomerne malej ploche vo vn\u00fatornom k\u00fape\u013enom \u00fazem\u00ed. Vody sa pou\u017e\u00edvaj\u00fa najm\u00e4 na pitn\u00e9 k\u00fary, miner\u00e1lne k\u00fapele a inhal\u00e1cie. Zo v\u0161etk\u00fdch slovensk\u00fdch k\u00fape\u013eov maj\u00fa Bardejovsk\u00e9 naj\u0161ir\u0161ie indika\u010dn\u00e9 zameranie. Lie\u010dia sa tu onkologick\u00e9 choroby, choroby obehov\u00e9ho a tr\u00e1viaceho \u00fastrojenstva, choroby z poruchy l\u00e1tkovej v\u00fdmeny a \u017eliaz s vn\u00fatornou sekr\u00e9ciou, netuberkul\u00f3zne choroby d\u00fdchac\u00edch ciest, choroby z povolania, ochorenia obli\u010diek a mo\u010dov\u00fdch ciest, choroby pohybov\u00e9ho \u00fastrojenstva, \u017eensk\u00e9 ochorenia a\u00a0od minul\u00e9ho roka aj nervov\u00e9 ochorenia.<\/p>\n<p>Prv\u00e1 zmienka o Bardejovsk\u00fdch k\u00fape\u013eoch je z roku 1247, ke\u010f uhorsk\u00fd kr\u00e1\u013e B\u00e9la IV. daroval \u00fazemie dne\u0161n\u00fdch k\u00fape\u013eov aj s prame\u0148mi mestu Bardejov. K\u00fapele si vychutn\u00e1vala na lie\u010den\u00ed v roku 1895 aj man\u017eelka Franti\u0161ka Jozefa I. cis\u00e1rovn\u00e1 Al\u017ebeta, naz\u00fdvan\u00e1 Sisi, ktorej socha sa vyn\u00edma v k\u00fape\u013enom parku. Pob\u00fdval tu aj rak\u00fasko-uhorsk\u00fd cis\u00e1r Jozef II. (1783), M\u00e1ria Lujza, neskor\u0161ia man\u017eelka cis\u00e1ra Napole\u00f3na (1809), rusk\u00fd c\u00e1r Alexander I. (1821) a po\u013esk\u00e1 kr\u00e1\u013eovn\u00e1 M\u00e1ria Kazimiera Sobieska, man\u017eelka po\u013esk\u00e9ho kr\u00e1\u013ea J\u00e1na III. Sobiesk\u00e9ho<strong>.<\/strong><\/p>\n<div id='gallery-1' class='gallery galleryid-59128 gallery-columns-2 gallery-size-thumbnail'><figure class='gallery-item'>\n\t\t\t<div class='gallery-icon landscape'>\n\t\t\t\t<a href='https:\/\/www.slovaklinesmagazin.sk\/cms\/2014\/04\/bardejovske-kupele-maju-na-velku-noc-vypredane\/astoria-65\/'><img loading=\"lazy\" decoding=\"async\" width=\"150\" height=\"150\" src=\"https:\/\/www.slovaklinesmagazin.sk\/cms\/wp-content\/uploads\/2014\/04\/ast\u00f3ria-65-150x150.jpg\" class=\"attachment-thumbnail size-thumbnail\" alt=\"\" \/><\/a>\n\t\t\t<\/div><\/figure><figure class='gallery-item'>\n\t\t\t<div class='gallery-icon landscape'>\n\t\t\t\t<a href='https:\/\/www.slovaklinesmagazin.sk\/cms\/2014\/04\/bardejovske-kupele-maju-na-velku-noc-vypredane\/bardkupele-liecebny-dom-astoria-27\/'><img loading=\"lazy\" decoding=\"async\" width=\"150\" height=\"150\" src=\"https:\/\/www.slovaklinesmagazin.sk\/cms\/wp-content\/uploads\/2014\/04\/BardKupele-Lie\u010debn\u00fd-dom-Ast\u00f3ria-27-150x150.jpg\" class=\"attachment-thumbnail size-thumbnail\" alt=\"\" \/><\/a>\n\t\t\t<\/div><\/figure><figure class='gallery-item'>\n\t\t\t<div class='gallery-icon landscape'>\n\t\t\t\t<a href='https:\/\/www.slovaklinesmagazin.sk\/cms\/2014\/04\/bardejovske-kupele-maju-na-velku-noc-vypredane\/bardkupele-posedenie-v-parku9\/'><img loading=\"lazy\" decoding=\"async\" width=\"150\" height=\"150\" src=\"https:\/\/www.slovaklinesmagazin.sk\/cms\/wp-content\/uploads\/2014\/04\/BardKupele-posedenie-v-parku9-150x150.jpg\" class=\"attachment-thumbnail size-thumbnail\" alt=\"\" \/><\/a>\n\t\t\t<\/div><\/figure><figure class='gallery-item'>\n\t\t\t<div class='gallery-icon landscape'>\n\t\t\t\t<a href='https:\/\/www.slovaklinesmagazin.sk\/cms\/2014\/04\/bardejovske-kupele-maju-na-velku-noc-vypredane\/bardkupele-wellness-v-hoteli-ozon-33\/'><img loading=\"lazy\" decoding=\"async\" width=\"150\" height=\"150\" src=\"https:\/\/www.slovaklinesmagazin.sk\/cms\/wp-content\/uploads\/2014\/04\/BardKupele-wellness-v-hoteli-Oz\u00f3n-33-150x150.jpg\" class=\"attachment-thumbnail size-thumbnail\" alt=\"\" \/><\/a>\n\t\t\t<\/div><\/figure>\n\t\t<\/div>\n\n<p>Viac inform\u00e1ci\u00ed na : <a href=\"http:\/\/www.kupele-bj.sk\/\">www.kupele-bj.sk<\/a><\/p>\n<p>Centr\u00e1lne rezerva\u010dn\u00e9 oddelenie:<br \/>\nTel.: 054\/477 4346, 477 2717 Fax: 054\/472 3549<br \/>\nE-mail: <a href=\"mailto:rezervacie@kupele-bj.sk\">rezervacie@kupele-bj.sk<\/a>, <a href=\"mailto:pk@kupele-bj.sk\">pk@kupele-bj.sk<\/a><\/p>\n<p>&nbsp;<\/p>\n<p>&nbsp;<\/p>\n","protected":false},"excerpt":{"rendered":"<p>Ve\u013ekono\u010dn\u00fd relax pril\u00e1kal do\u00a0Bardejovsk\u00fdch k\u00fape\u013eoch stovky klientov \u00daplne vypredan\u00e9 kapacity maj\u00fa po\u010das Ve\u013ekej noci Bardejovsk\u00e9 k\u00fapele. V\u00e4\u010d\u0161inu z\u00a0850 l\u00f4\u017eok obsadili dom\u00e1ci slovensk\u00ed klienti, pri\u0161li v\u0161ak aj n\u00e1v\u0161tevn\u00edci z\u00a0Ukrajiny a\u00a0Ruska. Pred\u013a\u017een\u00e9 ve\u013ekono\u010dn\u00e9 vo\u013eno klienti tr\u00e1via bez zhonu a\u00a0starost\u00ed relaxom v\u00a0miner\u00e1lnych k\u00fape\u013eoch a\u00a0Wellness Spa,\u00a0 saunami, \u010di mas\u00e1\u017eami. U\u017e\u00edvaj\u00fa si aj tradi\u010dn\u00e9 ve\u013ekono\u010dn\u00e9 \u0161peciality a \u013eudov\u00e9 jedl\u00e1 s\u00a0cig\u00e1nskou [&hellip;]<\/p>\n","protected":false},"author":7,"featured_media":59129,"comment_status":"closed","ping_status":"closed","sticky":false,"template":"","format":"gallery","meta":{"footnotes":""},"categories":[7,45,50,44],"tags":[],"class_list":["post-59128","post","type-post","status-publish","format-gallery","has-post-thumbnail","hentry","category-health","category-nas-tip","category-radim-vam","category-zdravie","post_format-post-format-gallery","eq-blocks"],"_links":{"self":[{"href":"https:\/\/www.slovaklinesmagazin.sk\/cms\/wp-json\/wp\/v2\/posts\/59128","targetHints":{"allow":["GET"]}}],"collection":[{"href":"https:\/\/www.slovaklinesmagazin.sk\/cms\/wp-json\/wp\/v2\/posts"}],"about":[{"href":"https:\/\/www.slovaklinesmagazin.sk\/cms\/wp-json\/wp\/v2\/types\/post"}],"author":[{"embeddable":true,"href":"https:\/\/www.slovaklinesmagazin.sk\/cms\/wp-json\/wp\/v2\/users\/7"}],"replies":[{"embeddable":true,"href":"https:\/\/www.slovaklinesmagazin.sk\/cms\/wp-json\/wp\/v2\/comments?post=59128"}],"version-history":[{"count":1,"href":"https:\/\/www.slovaklinesmagazin.sk\/cms\/wp-json\/wp\/v2\/posts\/59128\/revisions"}],"predecessor-version":[{"id":59134,"href":"https:\/\/www.slovaklinesmagazin.sk\/cms\/wp-json\/wp\/v2\/posts\/59128\/revisions\/59134"}],"wp:featuredmedia":[{"embeddable":true,"href":"https:\/\/www.slovaklinesmagazin.sk\/cms\/wp-json\/wp\/v2\/media\/59129"}],"wp:attachment":[{"href":"https:\/\/www.slovaklinesmagazin.sk\/cms\/wp-json\/wp\/v2\/media?parent=59128"}],"wp:term":[{"taxonomy":"category","embeddable":true,"href":"https:\/\/www.slovaklinesmagazin.sk\/cms\/wp-json\/wp\/v2\/categories?post=59128"},{"taxonomy":"post_tag","embeddable":true,"href":"https:\/\/www.slovaklinesmagazin.sk\/cms\/wp-json\/wp\/v2\/tags?post=59128"}],"curies":[{"name":"wp","href":"https:\/\/api.w.org\/{rel}","templated":true}]}}