{"id":59169,"date":"2014-04-29T08:14:05","date_gmt":"2014-04-29T06:14:05","guid":{"rendered":"http:\/\/slovaklinesmagazin.sk\/cms\/?p=59169"},"modified":"2014-04-29T08:14:05","modified_gmt":"2014-04-29T06:14:05","slug":"cesko-ma-sve-zamky-na-loire-najdete-je-v-podhuri-orlickych-hor","status":"publish","type":"post","link":"https:\/\/www.slovaklinesmagazin.sk\/cms\/2014\/04\/cesko-ma-sve-zamky-na-loire-najdete-je-v-podhuri-orlickych-hor\/","title":{"rendered":"\u010cesko m\u00e1 sv\u00e9 z\u00e1mky na Loi\u0159e, najdete je v podh\u016f\u0159\u00ed Orlick\u00fdch hor"},"content":{"rendered":"<p>Jako slavn\u00e9 z\u00e1mky na francouzsk\u00e9 Loi\u0159e jsou pos\u00e1zena rodov\u00e1 s\u00eddla na v\u00fdchodo\u010desk\u00e9 \u0159ece Orlici. Ka\u017ed\u00e9 z\u00a0nich m\u00e1 sv\u00e9 kouzlo a sv\u00e9ho n\u00e1v\u0161t\u011bvn\u00edka, spole\u010dn\u011b dohromady v\u0161ak tvo\u0159\u00ed ojedin\u011blou uk\u00e1zku \u017eivota \u010desk\u00e9 \u0161lechty v\u00a0regionu Orlick\u00fdch hor a Podorlicka. Dodnes zde potk\u00e1te potomky rod\u016f Kinsk\u00fdch, Bubn\u016f \u010di Sternberg\u016f.<\/p>\n<p><strong>Nov\u00fd z\u00e1mek Kostelec nad Orlic\u00ed<\/strong><\/p>\n<p>Emp\u00edrov\u00fd z\u00e1mek postaven\u00fd v letech 1829-1833 pat\u0159\u00edc\u00ed rodin\u011b Kinsk\u00fdch, byl v roce 2011 poprv\u00e9 ve sv\u00e9 historii zp\u0159\u00edstupn\u011bn ve\u0159ejnosti. Dochovan\u00fd mobili\u00e1\u0159 v emp\u00edrov\u00e9m stylu spolu s dal\u0161\u00edmi p\u0159edm\u011bty z p\u016fvodn\u00edho majetku rodiny byl postupn\u011b restaurov\u00e1n a dnes je sou\u010d\u00e1st\u00ed z\u00e1meck\u00e9 expozice s n\u00e1zvem \u017divot v biedermeieru.Uprost\u0159ed prohl\u00eddkov\u00e9 trasy si n\u00e1v\u0161t\u011bvn\u00edk prohl\u00e9dne Zrcadlov\u00fd s\u00e1l, kter\u00fd slou\u017e\u00ed d\u00edky sv\u00e9 skv\u011bl\u00e9 akustice koncert\u016fm r\u016fzn\u00fdch hudebn\u00edch \u017e\u00e1nr\u016f a tak\u00e9 jako m\u00edsto pro svatebn\u00ed ob\u0159ady. Ve druh\u00e9m pat\u0159e se nach\u00e1z\u00ed Galerie Kinsk\u00fd, kde b\u011bhem sez\u00f3ny 2014 vystav\u00ed sv\u00e9 celo\u017eivotn\u00ed d\u00edlo nap\u0159. Ji\u0159\u00ed Kalo\u010d nebo Michal Tomek. V p\u0159\u00edzem\u00ed muzejn\u00ed expozice historie m\u011bsta Kostelec nad Orlic\u00ed. V\u00a0okol\u00ed z\u00e1mku se nach\u00e1z\u00ed rozs\u00e1hl\u00fd anglick\u00fd park (30 hektar\u016f) a v\u00a0n\u011bm mnoho vz\u00e1cn\u00fdch druh\u016f strom\u016f i rostlin. V are\u00e1lu z\u00e1mku je otev\u0159en\u00e1 Toniova z\u00e1meck\u00e1 kav\u00e1rna, kter\u00e1 nab\u00edz\u00ed teplou i studenou kuchyni. D\u011btem je ur\u010deno d\u011btsk\u00e9 h\u0159i\u0161t\u011b hned naproti terase kav\u00e1rny.<\/p>\n<p><strong>Tip<\/strong>: Role pr\u016fvodce v expozici se n\u011bkolikr\u00e1t v roce uj\u00edm\u00e1 majitel z\u00e1mku Franti\u0161ek Kinsk\u00fd a ani letos tomu nebude jinak. V sobotu 3. Kv\u011btna a 5. \u010dervence 2014 V\u00e1s op\u011bt uv\u00edt\u00e1 \u201eu sebe doma\u201c. A kdo m\u00e1 r\u00e1d ve\u010dern\u00ed prohl\u00eddky, jist\u011b si p\u0159ijde na sv\u00e9 b\u011bhem Hradoz\u00e1meck\u00e9 noci. Na tu chyst\u00e1me speci\u00e1ln\u00ed prohl\u00eddky s\u00a0n\u00e1zvem L\u00e1ska v biedermeieru.<\/p>\n<p>&nbsp;<\/p>\n<p>Web: <a href=\"http:\/\/www.zamekkostelecno.cz\" target=\"_blank\">www.zamekkostelecno.cz<\/a><\/p>\n<div id='gallery-1' class='gallery galleryid-59169 gallery-columns-3 gallery-size-thumbnail'><figure class='gallery-item'>\n\t\t\t<div class='gallery-icon landscape'>\n\t\t\t\t<a href='https:\/\/www.slovaklinesmagazin.sk\/cms\/2014\/04\/cesko-ma-sve-zamky-na-loire-najdete-je-v-podhuri-orlickych-hor\/kavarna_interier2\/'><img loading=\"lazy\" decoding=\"async\" width=\"150\" height=\"150\" src=\"https:\/\/www.slovaklinesmagazin.sk\/cms\/wp-content\/uploads\/2014\/04\/kavarna_interier2-150x150.jpg\" class=\"attachment-thumbnail size-thumbnail\" alt=\"\" \/><\/a>\n\t\t\t<\/div><\/figure><figure class='gallery-item'>\n\t\t\t<div class='gallery-icon landscape'>\n\t\t\t\t<a href='https:\/\/www.slovaklinesmagazin.sk\/cms\/2014\/04\/cesko-ma-sve-zamky-na-loire-najdete-je-v-podhuri-orlickych-hor\/novyzamek_kostelecno_propag\/'><img loading=\"lazy\" decoding=\"async\" width=\"150\" height=\"150\" src=\"https:\/\/www.slovaklinesmagazin.sk\/cms\/wp-content\/uploads\/2014\/04\/NovyZamek_KostelecnO_propag-150x150.jpg\" class=\"attachment-thumbnail size-thumbnail\" alt=\"\" \/><\/a>\n\t\t\t<\/div><\/figure><figure class='gallery-item'>\n\t\t\t<div class='gallery-icon landscape'>\n\t\t\t\t<a href='https:\/\/www.slovaklinesmagazin.sk\/cms\/2014\/04\/cesko-ma-sve-zamky-na-loire-najdete-je-v-podhuri-orlickych-hor\/park-a-zamek\/'><img loading=\"lazy\" decoding=\"async\" width=\"150\" height=\"150\" src=\"https:\/\/www.slovaklinesmagazin.sk\/cms\/wp-content\/uploads\/2014\/04\/park-a-zamek-150x150.jpg\" class=\"attachment-thumbnail size-thumbnail\" alt=\"\" \/><\/a>\n\t\t\t<\/div><\/figure><figure class='gallery-item'>\n\t\t\t<div class='gallery-icon landscape'>\n\t\t\t\t<a href='https:\/\/www.slovaklinesmagazin.sk\/cms\/2014\/04\/cesko-ma-sve-zamky-na-loire-najdete-je-v-podhuri-orlickych-hor\/s-6\/'><img loading=\"lazy\" decoding=\"async\" width=\"150\" height=\"150\" src=\"https:\/\/www.slovaklinesmagazin.sk\/cms\/wp-content\/uploads\/2014\/04\/zamek_interier1-150x150.jpg\" class=\"attachment-thumbnail size-thumbnail\" alt=\"\" \/><\/a>\n\t\t\t<\/div><\/figure><figure class='gallery-item'>\n\t\t\t<div class='gallery-icon landscape'>\n\t\t\t\t<a href='https:\/\/www.slovaklinesmagazin.sk\/cms\/2014\/04\/cesko-ma-sve-zamky-na-loire-najdete-je-v-podhuri-orlickych-hor\/s-7\/'><img loading=\"lazy\" decoding=\"async\" width=\"150\" height=\"150\" src=\"https:\/\/www.slovaklinesmagazin.sk\/cms\/wp-content\/uploads\/2014\/04\/zamek_interier2-150x150.jpg\" class=\"attachment-thumbnail size-thumbnail\" alt=\"\" \/><\/a>\n\t\t\t<\/div><\/figure><figure class='gallery-item'>\n\t\t\t<div class='gallery-icon landscape'>\n\t\t\t\t<a href='https:\/\/www.slovaklinesmagazin.sk\/cms\/2014\/04\/cesko-ma-sve-zamky-na-loire-najdete-je-v-podhuri-orlickych-hor\/s-8\/'><img loading=\"lazy\" decoding=\"async\" width=\"150\" height=\"150\" src=\"https:\/\/www.slovaklinesmagazin.sk\/cms\/wp-content\/uploads\/2014\/04\/zamek_interier3-150x150.jpg\" class=\"attachment-thumbnail size-thumbnail\" alt=\"\" \/><\/a>\n\t\t\t<\/div><\/figure><figure class='gallery-item'>\n\t\t\t<div class='gallery-icon landscape'>\n\t\t\t\t<a href='https:\/\/www.slovaklinesmagazin.sk\/cms\/2014\/04\/cesko-ma-sve-zamky-na-loire-najdete-je-v-podhuri-orlickych-hor\/s-9\/'><img loading=\"lazy\" decoding=\"async\" width=\"150\" height=\"150\" src=\"https:\/\/www.slovaklinesmagazin.sk\/cms\/wp-content\/uploads\/2014\/04\/zamek_knihovna-150x150.jpg\" class=\"attachment-thumbnail size-thumbnail\" alt=\"\" \/><\/a>\n\t\t\t<\/div><\/figure><figure class='gallery-item'>\n\t\t\t<div class='gallery-icon landscape'>\n\t\t\t\t<a href='https:\/\/www.slovaklinesmagazin.sk\/cms\/2014\/04\/cesko-ma-sve-zamky-na-loire-najdete-je-v-podhuri-orlickych-hor\/s-10\/'><img loading=\"lazy\" decoding=\"async\" width=\"150\" height=\"150\" src=\"https:\/\/www.slovaklinesmagazin.sk\/cms\/wp-content\/uploads\/2014\/04\/zamek_kostelecno_profil-150x150.jpg\" class=\"attachment-thumbnail size-thumbnail\" alt=\"\" \/><\/a>\n\t\t\t<\/div><\/figure>\n\t\t<\/div>\n\n<p>&nbsp;<\/p>\n","protected":false},"excerpt":{"rendered":"<p>Jako slavn\u00e9 z\u00e1mky na francouzsk\u00e9 Loi\u0159e jsou pos\u00e1zena rodov\u00e1 s\u00eddla na v\u00fdchodo\u010desk\u00e9 \u0159ece Orlici. Ka\u017ed\u00e9 z\u00a0nich m\u00e1 sv\u00e9 kouzlo a sv\u00e9ho n\u00e1v\u0161t\u011bvn\u00edka, spole\u010dn\u011b dohromady v\u0161ak tvo\u0159\u00ed ojedin\u011blou uk\u00e1zku \u017eivota \u010desk\u00e9 \u0161lechty v\u00a0regionu Orlick\u00fdch hor a Podorlicka. Dodnes zde potk\u00e1te potomky rod\u016f Kinsk\u00fdch, Bubn\u016f \u010di Sternberg\u016f. Nov\u00fd z\u00e1mek Kostelec nad Orlic\u00ed Emp\u00edrov\u00fd z\u00e1mek postaven\u00fd v letech [&hellip;]<\/p>\n","protected":false},"author":7,"featured_media":0,"comment_status":"closed","ping_status":"closed","sticky":false,"template":"","format":"gallery","meta":{"footnotes":""},"categories":[13,45],"tags":[],"class_list":["post-59169","post","type-post","status-publish","format-gallery","hentry","category-real-estate","category-nas-tip","post_format-post-format-gallery","eq-blocks"],"_links":{"self":[{"href":"https:\/\/www.slovaklinesmagazin.sk\/cms\/wp-json\/wp\/v2\/posts\/59169","targetHints":{"allow":["GET"]}}],"collection":[{"href":"https:\/\/www.slovaklinesmagazin.sk\/cms\/wp-json\/wp\/v2\/posts"}],"about":[{"href":"https:\/\/www.slovaklinesmagazin.sk\/cms\/wp-json\/wp\/v2\/types\/post"}],"author":[{"embeddable":true,"href":"https:\/\/www.slovaklinesmagazin.sk\/cms\/wp-json\/wp\/v2\/users\/7"}],"replies":[{"embeddable":true,"href":"https:\/\/www.slovaklinesmagazin.sk\/cms\/wp-json\/wp\/v2\/comments?post=59169"}],"version-history":[{"count":1,"href":"https:\/\/www.slovaklinesmagazin.sk\/cms\/wp-json\/wp\/v2\/posts\/59169\/revisions"}],"predecessor-version":[{"id":59178,"href":"https:\/\/www.slovaklinesmagazin.sk\/cms\/wp-json\/wp\/v2\/posts\/59169\/revisions\/59178"}],"wp:attachment":[{"href":"https:\/\/www.slovaklinesmagazin.sk\/cms\/wp-json\/wp\/v2\/media?parent=59169"}],"wp:term":[{"taxonomy":"category","embeddable":true,"href":"https:\/\/www.slovaklinesmagazin.sk\/cms\/wp-json\/wp\/v2\/categories?post=59169"},{"taxonomy":"post_tag","embeddable":true,"href":"https:\/\/www.slovaklinesmagazin.sk\/cms\/wp-json\/wp\/v2\/tags?post=59169"}],"curies":[{"name":"wp","href":"https:\/\/api.w.org\/{rel}","templated":true}]}}