{"id":59220,"date":"2014-04-29T13:40:30","date_gmt":"2014-04-29T11:40:30","guid":{"rendered":"http:\/\/slovaklinesmagazin.sk\/cms\/?p=59220"},"modified":"2014-04-29T13:40:30","modified_gmt":"2014-04-29T11:40:30","slug":"na-vylet-do-hor-ano-do-destneho","status":"publish","type":"post","link":"https:\/\/www.slovaklinesmagazin.sk\/cms\/2014\/04\/na-vylet-do-hor-ano-do-destneho\/","title":{"rendered":"Na v\u00fdlet do hor? Ano \u2013 do De\u0161tn\u00e9ho."},"content":{"rendered":"<p>De\u0161tn\u00e9 v Orlick\u00fdch hor\u00e1ch u\u017e n\u011bkolik let nen\u00ed pouze pojmem pro zimn\u00ed ly\u017ea\u0159skou sez\u00f3nu.<\/p>\n<p>P\u0159\u00edchodem nov\u00fdch investor\u016f do letn\u00edch provoz\u016f a jejich vysok\u00e1 ochota spolupracovat se st\u00e1vaj\u00edc\u00edmi provozovateli, zde za posledn\u00ed l\u00e9ta vytvo\u0159ila velmi zaj\u00edmavou nab\u00eddku slu\u017eeb. A\u0165 u\u017e tedy od letn\u00ed dovolen\u00e9 na \u010desk\u00fdch hor\u00e1ch \u010dek\u00e1te cokoliv, De\u0161tn\u00e9 v\u00e1s s nejv\u011bt\u0161\u00ed pravd\u011bpodobnost\u00ed nezklame.Obl\u00edbenou zast\u00e1vkou je ateli\u00e9r Zvona\u0159e a hrn\u010d\u00ed\u0159ky, kde si lze poslechnout De\u0161tenskou zvonkohrua zakoupit m\u00edstn\u00ed keramiku. Milovn\u00edci historie a tradi\u010dn\u00edch \u0159emesel mohou nav\u0161t\u00edvit de\u0161tensk\u00e9 Muzeum, kter\u00e9 ve sv\u00fdch expozic\u00edch p\u0159ibli\u017euje \u017eivot a pr\u00e1ci horal\u016f a nab\u00edz\u00ed zaj\u00edmavou expozici m\u00edstn\u00edho skl\u00e1\u0159stv\u00ed. V peka\u0159stv\u00ed se stoletou tradic\u00ed je d\u00e1le mo\u017en\u00e9 koupit dom\u00e1c\u00ed \u017eitn\u00fd chl\u00e9b. De\u0161tn\u00e9 le\u017e\u00ed v chr\u00e1n\u011bn\u00e9 krajinn\u00e9 oblasti Orlick\u00e9 hory pod nejvy\u0161\u0161\u00edm vrcholem Velkou De\u0161tnou. M\u00edstn\u00ed kr\u00e1sn\u00e1 p\u0159\u00edroda vyb\u00edz\u00ed k v\u00fdlet\u016fm. Mezi nejnav\u0161t\u011bvovan\u011bj\u0161\u00ed c\u00edle v\u00fdletn\u00edk\u016f pat\u0159\u00ed Jir\u00e1skova cesta, Velk\u00e1 De\u0161tn\u00e1, Luisino \u00fadol\u00ed, \u0160erli\u0161sk\u00fd ml\u00fdn, Masarykova chata, Kostel Sv. Matou\u0161e a Ka\u010den\u010dina zahr\u00e1dka. Obl\u00edben\u00fdm c\u00edlem rodin s d\u011btmi je st\u0159edov\u011bk\u00fd skanzen Villa Nova v nedalek\u00e9m Uh\u0159\u00ednov\u011b pod De\u0161tnou.Cykloturist\u00e9 mohou vyu\u017e\u00edt p\u0159\u00edmo v\u00a0obci p\u016fj\u010dovnu a servis kol, nov\u011b i elektrokol. Na dob\u0159e zna\u010den\u00e9 cyklotrasy je mo\u017en\u00e9 nastoupit p\u0159\u00edmo v De\u0161tn\u00e9m nebo se m\u016f\u017eete nechat vyv\u00e9st cyklobusem \u010di lanovkou na h\u0159ebeny, po kter\u00fdch vedou zna\u010den\u00e9 cesty. Lanovka b\u00fdv\u00e1 v\u00a0provozu v\u011bt\u0161inou od kv\u011btna do poloviny z\u00e1\u0159\u00ed.<\/p>\n<p style=\"text-align: center;\"><img decoding=\"async\" class=\"aligncenter\" src=\"http:\/\/slovaklinesmagazin.sk\/cms\/wp-content\/uploads\/2014\/04\/odpovrna-1024x682.jpg\" alt=\"odpovrna\" \/><\/p>\n<p style=\"text-align: center;\"><img decoding=\"async\" class=\"aligncenter\" src=\"http:\/\/slovaklinesmagazin.sk\/cms\/wp-content\/uploads\/2014\/04\/Ivan_Nehera_Masarykova_chata_1-1024x682.jpg\" alt=\"\" \/><\/p>\n<p style=\"text-align: center;\"><img decoding=\"async\" class=\"aligncenter\" src=\"http:\/\/slovaklinesmagazin.sk\/cms\/wp-content\/uploads\/2014\/04\/Ivan_Nehera_cestou-necestou_2-1024x682.jpg\" alt=\"\" \/><\/p>\n<p style=\"text-align: center;\"><img decoding=\"async\" class=\"aligncenter\" src=\"http:\/\/slovaklinesmagazin.sk\/cms\/wp-content\/uploads\/2014\/04\/k-682x1024.jpg\" alt=\"\" \/><\/p>\n<p style=\"text-align: center;\"><img decoding=\"async\" class=\"aligncenter\" src=\"http:\/\/slovaklinesmagazin.sk\/cms\/wp-content\/uploads\/2014\/04\/jdelna-1024x682.jpg\" alt=\"\" \/><\/p>\n<p style=\"text-align: center;\"><img decoding=\"async\" class=\"aligncenter\" src=\"http:\/\/slovaklinesmagazin.sk\/cms\/wp-content\/uploads\/2014\/04\/Jan_Vitek_Olesnice_v_Orlhorach_Vrchmezi-1024x734.jpg\" alt=\"\" \/><\/p>\n<p style=\"text-align: center;\"><img decoding=\"async\" class=\"aligncenter\" src=\"http:\/\/slovaklinesmagazin.sk\/cms\/wp-content\/uploads\/2014\/04\/IMG_9563-1024x682.jpg\" alt=\"\" \/><\/p>\n<p style=\"text-align: center;\"><img decoding=\"async\" class=\"aligncenter\" src=\"http:\/\/slovaklinesmagazin.sk\/cms\/wp-content\/uploads\/2014\/04\/destne-v-oh_kozi-chlivek_7S7O7543.jpg\" alt=\"\" \/><\/p>\n<p style=\"text-align: center;\"><img decoding=\"async\" class=\"aligncenter\" src=\"http:\/\/slovaklinesmagazin.sk\/cms\/wp-content\/uploads\/2014\/04\/destne-v-oh_kozi-chlivek_7S7O7487.jpg\" alt=\"\" \/><\/p>\n<p style=\"text-align: center;\"><img decoding=\"async\" class=\"aligncenter\" src=\"http:\/\/slovaklinesmagazin.sk\/cms\/wp-content\/uploads\/2014\/04\/bazn1-1-1024x707.jpg\" alt=\"\" \/><\/p>\n<p style=\"text-align: center;\"><img decoding=\"async\" class=\"aligncenter\" src=\"http:\/\/slovaklinesmagazin.sk\/cms\/wp-content\/uploads\/2014\/04\/Atelir-zvonae-a-hrnky-v-Detnm-1024x685.jpg\" alt=\"\" \/><\/p>\n<p style=\"text-align: center;\"><img decoding=\"async\" class=\"aligncenter\" src=\"http:\/\/slovaklinesmagazin.sk\/cms\/wp-content\/uploads\/2014\/04\/27-dest-chleb-006-1024x682.jpg\" alt=\"\" \/><\/p>\n<p style=\"text-align: center;\"><img decoding=\"async\" class=\"aligncenter\" src=\"http:\/\/slovaklinesmagazin.sk\/cms\/wp-content\/uploads\/2014\/04\/005-1024x768.jpg\" alt=\"\" \/><\/p>\n<p style=\"text-align: center;\">\n","protected":false},"excerpt":{"rendered":"<p>De\u0161tn\u00e9 v Orlick\u00fdch hor\u00e1ch u\u017e n\u011bkolik let nen\u00ed pouze pojmem pro zimn\u00ed ly\u017ea\u0159skou sez\u00f3nu. P\u0159\u00edchodem nov\u00fdch investor\u016f do letn\u00edch provoz\u016f a jejich vysok\u00e1 ochota spolupracovat se st\u00e1vaj\u00edc\u00edmi provozovateli, zde za posledn\u00ed l\u00e9ta vytvo\u0159ila velmi zaj\u00edmavou nab\u00eddku slu\u017eeb. A\u0165 u\u017e tedy od letn\u00ed dovolen\u00e9 na \u010desk\u00fdch hor\u00e1ch \u010dek\u00e1te cokoliv, De\u0161tn\u00e9 v\u00e1s s nejv\u011bt\u0161\u00ed pravd\u011bpodobnost\u00ed nezklame.Obl\u00edbenou zast\u00e1vkou [&hellip;]<\/p>\n","protected":false},"author":7,"featured_media":59232,"comment_status":"closed","ping_status":"closed","sticky":false,"template":"","format":"standard","meta":{"footnotes":""},"categories":[13,45],"tags":[],"class_list":["post-59220","post","type-post","status-publish","format-standard","has-post-thumbnail","hentry","category-real-estate","category-nas-tip","eq-blocks"],"_links":{"self":[{"href":"https:\/\/www.slovaklinesmagazin.sk\/cms\/wp-json\/wp\/v2\/posts\/59220","targetHints":{"allow":["GET"]}}],"collection":[{"href":"https:\/\/www.slovaklinesmagazin.sk\/cms\/wp-json\/wp\/v2\/posts"}],"about":[{"href":"https:\/\/www.slovaklinesmagazin.sk\/cms\/wp-json\/wp\/v2\/types\/post"}],"author":[{"embeddable":true,"href":"https:\/\/www.slovaklinesmagazin.sk\/cms\/wp-json\/wp\/v2\/users\/7"}],"replies":[{"embeddable":true,"href":"https:\/\/www.slovaklinesmagazin.sk\/cms\/wp-json\/wp\/v2\/comments?post=59220"}],"version-history":[{"count":1,"href":"https:\/\/www.slovaklinesmagazin.sk\/cms\/wp-json\/wp\/v2\/posts\/59220\/revisions"}],"predecessor-version":[{"id":59234,"href":"https:\/\/www.slovaklinesmagazin.sk\/cms\/wp-json\/wp\/v2\/posts\/59220\/revisions\/59234"}],"wp:featuredmedia":[{"embeddable":true,"href":"https:\/\/www.slovaklinesmagazin.sk\/cms\/wp-json\/wp\/v2\/media\/59232"}],"wp:attachment":[{"href":"https:\/\/www.slovaklinesmagazin.sk\/cms\/wp-json\/wp\/v2\/media?parent=59220"}],"wp:term":[{"taxonomy":"category","embeddable":true,"href":"https:\/\/www.slovaklinesmagazin.sk\/cms\/wp-json\/wp\/v2\/categories?post=59220"},{"taxonomy":"post_tag","embeddable":true,"href":"https:\/\/www.slovaklinesmagazin.sk\/cms\/wp-json\/wp\/v2\/tags?post=59220"}],"curies":[{"name":"wp","href":"https:\/\/api.w.org\/{rel}","templated":true}]}}