{"id":59259,"date":"2014-05-02T10:36:11","date_gmt":"2014-05-02T08:36:11","guid":{"rendered":"http:\/\/slovaklinesmagazin.sk\/cms\/?p=59259"},"modified":"2014-05-02T10:39:05","modified_gmt":"2014-05-02T08:39:05","slug":"kupele-luhacovice-otvaraju-sezonu-8-maja-stvordnovym-pasmom-programov","status":"publish","type":"post","link":"https:\/\/www.slovaklinesmagazin.sk\/cms\/2014\/05\/kupele-luhacovice-otvaraju-sezonu-8-maja-stvordnovym-pasmom-programov\/","title":{"rendered":"K\u00fapele Luha\u010dovice otv\u00e1raj\u00fa sez\u00f3nu 8.m\u00e1ja \u0161tvord\u0148ov\u00fdm p\u00e1smom programov"},"content":{"rendered":"<p>V\u00a0Luha\u010doviciach bude op\u00e4\u0165 bohat\u00e9 kult\u00farne leto<\/p>\n<div id='gallery-1' class='gallery galleryid-59259 gallery-columns-3 gallery-size-thumbnail'><figure class='gallery-item'>\n\t\t\t<div class='gallery-icon landscape'>\n\t\t\t\t<a href='https:\/\/www.slovaklinesmagazin.sk\/cms\/2014\/05\/kupele-luhacovice-otvaraju-sezonu-8-maja-stvordnovym-pasmom-programov\/ll-koncert_mg_5335\/'><img loading=\"lazy\" decoding=\"async\" width=\"150\" height=\"150\" src=\"https:\/\/www.slovaklinesmagazin.sk\/cms\/wp-content\/uploads\/2014\/05\/LL-koncert_MG_5335-150x150.jpg\" class=\"attachment-thumbnail size-thumbnail\" alt=\"\" \/><\/a>\n\t\t\t<\/div><\/figure><figure class='gallery-item'>\n\t\t\t<div class='gallery-icon landscape'>\n\t\t\t\t<a href='https:\/\/www.slovaklinesmagazin.sk\/cms\/2014\/05\/kupele-luhacovice-otvaraju-sezonu-8-maja-stvordnovym-pasmom-programov\/ll-hradna-straz-hhsp-084-zmen\/'><img loading=\"lazy\" decoding=\"async\" width=\"150\" height=\"150\" src=\"https:\/\/www.slovaklinesmagazin.sk\/cms\/wp-content\/uploads\/2014\/05\/LL-Hradn\u00e1-stra\u017e-HHSP-084-zmen.-150x150.jpg\" class=\"attachment-thumbnail size-thumbnail\" alt=\"\" \/><\/a>\n\t\t\t<\/div><\/figure><figure class='gallery-item'>\n\t\t\t<div class='gallery-icon landscape'>\n\t\t\t\t<a href='https:\/\/www.slovaklinesmagazin.sk\/cms\/2014\/05\/kupele-luhacovice-otvaraju-sezonu-8-maja-stvordnovym-pasmom-programov\/ll-divadlohlavina_ako_bolo_47\/'><img loading=\"lazy\" decoding=\"async\" width=\"150\" height=\"150\" src=\"https:\/\/www.slovaklinesmagazin.sk\/cms\/wp-content\/uploads\/2014\/05\/LL-divadloHlavina_Ako_bolo_47-150x150.jpg\" class=\"attachment-thumbnail size-thumbnail\" alt=\"\" \/><\/a>\n\t\t\t<\/div><\/figure><figure class='gallery-item'>\n\t\t\t<div class='gallery-icon landscape'>\n\t\t\t\t<a href='https:\/\/www.slovaklinesmagazin.sk\/cms\/2014\/05\/kupele-luhacovice-otvaraju-sezonu-8-maja-stvordnovym-pasmom-programov\/ll-divadlohlavina_ako_bolo_08\/'><img loading=\"lazy\" decoding=\"async\" width=\"150\" height=\"150\" src=\"https:\/\/www.slovaklinesmagazin.sk\/cms\/wp-content\/uploads\/2014\/05\/LL-divadloHlavina_Ako_bolo_08-150x150.jpg\" class=\"attachment-thumbnail size-thumbnail\" alt=\"\" \/><\/a>\n\t\t\t<\/div><\/figure><figure class='gallery-item'>\n\t\t\t<div class='gallery-icon landscape'>\n\t\t\t\t<a href='https:\/\/www.slovaklinesmagazin.sk\/cms\/2014\/05\/kupele-luhacovice-otvaraju-sezonu-8-maja-stvordnovym-pasmom-programov\/ll-divadlohlavina_ako_bolo_02\/'><img loading=\"lazy\" decoding=\"async\" width=\"150\" height=\"150\" src=\"https:\/\/www.slovaklinesmagazin.sk\/cms\/wp-content\/uploads\/2014\/05\/LL-divadloHlavina_Ako_bolo_02-150x150.jpg\" class=\"attachment-thumbnail size-thumbnail\" alt=\"\" \/><\/a>\n\t\t\t<\/div><\/figure>\n\t\t<\/div>\n\n<p>\u0160tvord\u0148ov\u00fdm p\u00e1smom programov, s\u00a0nede\u013en\u00fdm posv\u00e4ten\u00edm prame\u0148ov, otvoria tohtoro\u010dn\u00fa hlavn\u00fa k\u00fape\u013en\u00fa sez\u00f3nu K\u00fapele Luha\u010dovice (L\u00e1zn\u011b Luha\u010dovice, a.s.). V\u00a0programoch, od \u0161tvrtku 8.m\u00e1ja do nedele 11.m\u00e1ja 2014, nebud\u00fa ch\u00fdba\u0165 dobov\u00e9 kost\u00fdmy, historick\u00e9 automobily, velocip\u00e9dy a\u00a0kolon\u00e1dne koncerty. K\u00fapele o\u010dak\u00e1vaj\u00fa, \u017ee tohtoro\u010dn\u00e1 k\u00fape\u013en\u00e1 sez\u00f3na bude e\u0161te \u00faspe\u0161nej\u0161ia ako minuloro\u010dn\u00e1 a\u00a0\u017ee po\u010det host\u00ed prev\u00fd\u0161i 30 000. N\u00e1rast by mohol by\u0165 predov\u0161etk\u00fdm z\u00a0radov samoplatcov a\u00a0zo zahrani\u010dia. Informoval o tom Ing. Ji\u0159\u00ed D\u011bdek, MBA, v\u00fdkonn\u00fd riadite\u013e k\u00fape\u013eov.<\/p>\n<p>,,V nede\u013eu po sl\u00e1vnostnej sv\u00e4tej om\u0161i vyjde krojovan\u00fd sprievod s\u00a0k\u0148azom k\u00a0jednotliv\u00fdm prame\u0148om, ktor\u00e9 bud\u00fa n\u00e1sledne posv\u00e4ten\u00e9. Trasa povedie tradi\u010dne od prame\u0148a sv\u00e4t\u00e9ho Jozefa, cez Ottovku, Nov\u00fd Jubilejn\u00fd, a\u017e ku kaplnke sv\u00e4tej Al\u017ebety. Po cel\u00e9 dopoludnie o\u017eije k\u00fape\u013en\u00fd park vyst\u00fapeniami folkl\u00f3rnych s\u00faborov, ktor\u00e9 sa n\u00e1sledne predstavia aj v\u00a0hlavnom popolud\u0148aj\u0161om programe na L\u00e1ze\u0148sk\u00e9m n\u00e1m\u011bst\u00ed (K\u00fape\u013enom n\u00e1mest\u00ed). Tieto programy s\u00fa vo\u013ene pr\u00edstupn\u00e9 \u0161irokej verejnosti. O\u010dak\u00e1vame, \u017ee okrem k\u00fape\u013en\u00fdch host\u00ed a\u00a0stoviek n\u00e1v\u0161tevn\u00edkov z\u00a0okolia, na podujatie zav\u00edtaj\u00fa tradi\u010dne aj slovensk\u00ed n\u00e1v\u0161tevn\u00edci, ktor\u00ed to sem maj\u00fa bl\u00edzko. Hlavne k\u00fape\u013en\u00e9 kapacity boli v\u00a0tomto term\u00edne s\u00a0predstihom vypredan\u00e9,\u201c povedal J. D\u011bdek.<\/p>\n<p>Dodal, \u017ee Luha\u010dovick\u00e9 k\u00fapele s\u00fa nielen popul\u00e1rnou lie\u010debnou destin\u00e1ciou, ale aj ob\u013e\u00faben\u00fdm cie\u013eom jednod\u0148ovej turistiky a\u00a0relaxa\u010dn\u00fdch v\u00edkendov\u00fdch a wellness pobytov. K\u00a0Luha\u010doviciam<em>ka\u017edoro\u010dne patr\u00ed aj kult\u00farne leto s\u00a0hudobn\u00fdmi a divadeln\u00fdmi festivalmi, ktor\u00e9 v\u00fdznamne obohacuj\u00fa spolo\u010densk\u00e9 vy\u017eitie a\u00a0pr\u00edjemne spestruj\u00fa k\u00fape\u013en\u00fdm hos\u0165om pobyt.<\/em><\/p>\n<p><em>Ku kult\u00farnemu letu v\u00a0Luha\u010doviciach od m\u00e1ja do septembra neodmyslite\u013ene patria kolon\u00e1dne koncerty rozmanit\u00fdch kult\u00farnych \u017e\u00e1nrov od sl\u00e1\u010dikov\u00fdch komorn\u00fdch orchestrov, cez swing, dixieland, dychov\u00fa hudbu, folkl\u00f3r\u00a0 a spev\u00e1cke s\u00fabory.\u00a0\u00a0\u00a0\u00a0\u00a0\u00a0\u00a0\u00a0\u00a0\u00a0\u00a0 N\u00e1v\u0161tevn\u00edci sa op\u00e4\u0165 m\u00f4\u017eu te\u0161i\u0165 na Luha\u010dovick\u00e9 stretnutie rezb\u00e1rskych majstrov ,,Kr\u00e1sa v dreve ukryt\u00e1\u201c v\u00a0d\u0148och 2.- 7. j\u00fana 2014. Pote\u0161\u00ed ich aj Luha\u010dovick\u00e9 divadeln\u00e9 stretnutie (<\/em>LUHA\u010cOVICK\u00c1 DIVADELN\u00cd SE\u0160LOST), \u010do je stretnutie ochotn\u00edckych divadeln\u00fdch s\u00faborov v\u00a0d\u0148och 12.-14. j\u00fana 2014. Na oboch projektoch sa predstavia aj \u00fa\u010dastn\u00edci zo Slovenska (rezb\u00e1r Branislav Petr\u00e1\u0161, fujarista Du\u0161an Hol\u00edk a\u00a0Divadlo Hlavina z\u00a0Rado\u0161iny). Vrcholom \u201ekolon\u00e1dnej sez\u00f3ny\u201c bude 19.j\u00fana prest\u00ed\u017eny koncert 65 \u010dlenn\u00e9ho orchestra Hudby Hradnej str\u00e1\u017ee a Pol\u00edcie \u010ceskej republiky, ku ktor\u00e9mu patr\u00ed prehliadka motorizovanej jednotky a uk\u00e1\u017eka programu jednotky Hradnej Str\u00e1\u017ee. Program orchestra je zostaven\u00fd nielen z\u00a0najzn\u00e1mej\u0161\u00edch svetov\u00fdch orchestr\u00e1lnych mel\u00f3di\u00ed, ale tie\u017e z\u00a0popul\u00e1rnych piesn\u00ed, ktor\u00e9 interpretuj\u00fa popredn\u00ed spev\u00e1ci a\u00a0s\u00f3listi spolupracuj\u00faci s\u00a0orchestrom.<\/p>\n<p style=\"text-align: center;\"><img decoding=\"async\" class=\"aligncenter\" src=\"http:\/\/slovaklinesmagazin.sk\/cms\/wp-content\/uploads\/2014\/05\/LL-rezbarBo\u0159uta-Martin-683x1024.jpg\" alt=\"\" \/><\/p>\n<p style=\"text-align: center;\">rezb\u00e1r Martin Bo\u0159uta<\/p>\n<p>Tradi\u010dn\u00fd Festival Jan\u00e1\u010dek a\u00a0Luha\u010dovice potrv\u00e1 od 14. j\u00fala do 18. j\u00fala 2014, pripom\u00edna si u\u017e svoj 23. ro\u010dn\u00edk a m\u00e1 v\u00a0tomto roku na programe 5 koncertov. Bli\u017e\u0161ie inform\u00e1cie s\u00fa na <a href=\"http:\/\/www.lazneluhacovice.cz\/janacek\">www.lazneluhacovice.cz\/janacek<\/a><strong>. <\/strong>Milovn\u00edkov hudby pote\u0161\u00ed aj dvojt\u00fd\u017ed\u0148ov\u00e1 AKAD\u00c9MIA V\u00c1CLAVA HUDE\u010cKA (28.7. &#8211; 8.8.2014).<\/p>\n<p>Na svoje si pr\u00eddu aj milovn\u00edci divadla. Prehliadka komornej tvorby Divadeln\u00e9 Luha\u010dovice m\u00e1 svoj 16. ro\u010dn\u00edk v\u00a0d\u0148och 18. &#8211; 23.8.2014. Dramaturgia pon\u00faka v\u00fdber najlep\u0161\u00edch, najzauj\u00edmavej\u0161\u00edch a\u00a0ocenen\u00fdch komorn\u00fdch predstaven\u00ed nieko\u013ek\u00fdch \u010desk\u00fdch a\u00a0slovensk\u00fdch divadeln\u00fdch sc\u00e9n. Pre otvorenie prehliadky bola vybrat\u00e1 hra ,,Druh\u00e1 smr\u0165 Johanky z\u00a0Arcu\u201c &#8211; strhuj\u00faci nad\u010dasov\u00fd pr\u00edbeh s\u00a0prvkami \u010dierneho humoru. Bli\u017e\u0161ie inform\u00e1cie s\u00fa na <a href=\"http:\/\/www.divadelni-luhacovice.cz\/\">www.divadelni-luhacovice.cz<\/a>. Posledn\u00fdm festivalom je na sklonku leta Medzin\u00e1rodn\u00fd festival detsk\u00fdch folkl\u00f3rnych s\u00faborov Pies\u0148ou a\u00a0tancom, v d\u0148och 19. &#8211; 21.9.2014.<\/p>\n<p>Samostatn\u00fdm kult\u00farnym podujat\u00edm bude 2.ro\u010dn\u00edk obnoven\u00fdch Dn\u00ed slovenskej kult\u00fary v\u00a0Luha\u010doviciach, ktor\u00fd sa bude kona\u0165 od 2.do 6.septembra 2014. Zlat\u00fdm klincom programu bude koncert svetovo zn\u00e1meho tenoristu \u0160tefana Margitu. Viac inform\u00e1ci\u00ed je na: <a href=\"http:\/\/www.lazneluhacovice.cz\/dny-slovenske-kultury.php\">www.lazneluhacovice.cz\/dny-slovenske-kultury.php<\/a> .<\/p>\n<p>&nbsp;<\/p>\n<p style=\"text-align: center;\"><img decoding=\"async\" class=\"aligncenter\" src=\"http:\/\/slovaklinesmagazin.sk\/cms\/wp-content\/uploads\/2014\/05\/LL-\u0160tefan-Margita_1-foto-Jakub-Ludv\u00edk-685x1024.jpg\" alt=\"\" \/><\/p>\n<p style=\"text-align: center;\">\u0160tefan Margita<\/p>\n<p>&nbsp;<\/p>\n<p>V\u00a0K\u00fape\u013eoch Luha\u010dovice sa lie\u010dia ochorenia d\u00fdchac\u00edch ciest, pohybov\u00e9ho apar\u00e1tu, tr\u00e1viaceho \u00fastrojenstva, l\u00e1tkovej v\u00fdmeny (cukrovka), obehov\u00e9ho \u00fastrojenstva a onkologick\u00e9 ochorenia. K\u00fape\u013en\u00e1 lie\u010dba je zalo\u017een\u00e1 na vyu\u017eit\u00ed pr\u00edrodn\u00fdch lie\u010div\u00fdch zdrojov, v\u00a0kombin\u00e1cii\u00a0 s\u00a0najmodernej\u0161\u00edmi lie\u010debn\u00fdmi a rehabilita\u010dn\u00fdmi met\u00f3dami. Pri k\u00fape\u013enej lie\u010dbe sa miner\u00e1lne vody pou\u017e\u00edvaj\u00fa na\u00a0pitn\u00e9 k\u00fary, inhal\u00e1cie a\u00a0pr\u00edrodn\u00e9 miner\u00e1lne k\u00fapele. Celkom je mo\u017en\u00e9 poskytn\u00fa\u0165 cca 60 proced\u00far r\u00f4znych typov. Lie\u010debn\u00e9 proced\u00fary s\u00fa poskytovan\u00e9 v\u00a0k\u00fape\u013en\u00fdch hoteloch Palace a Jurkovi\u010dov dom a v\u00a05 \u0161pecializovan\u00fdch terapeutick\u00fdch zariadeniach. Spolo\u010dnos\u0165 L\u00e1zn\u011b Luha\u010dovice, a. s. disponuje ubytovacou kapacitou 1300 l\u00f4\u017eok v\u00a07 hoteloch (z\u00a0toho 500 l\u00f4\u017eok v\u00a04 hviezdi\u010dkov\u00fdch hoteloch), 10 penzi\u00f3noch a 2 detsk\u00fdch lie\u010debniach. Slu\u017eby poskytuje 520 zamestnancov, z\u00a0toho je 17 lek\u00e1rov a 170 os\u00f4b zdravotn\u00edckeho person\u00e1lu.<\/p>\n<p>&nbsp;<\/p>\n<p>Viac na : <a href=\"http:\/\/www.lazneluhacovice.cz\/\">www.lazneluhacovice.cz<\/a> , <a href=\"http:\/\/www.hotelalexandria.cz\/\">www.HotelAlexandria.cz<\/a><\/p>\n<p>&nbsp;<\/p>\n","protected":false},"excerpt":{"rendered":"<p>V\u00a0Luha\u010doviciach bude op\u00e4\u0165 bohat\u00e9 kult\u00farne leto \u0160tvord\u0148ov\u00fdm p\u00e1smom programov, s\u00a0nede\u013en\u00fdm posv\u00e4ten\u00edm prame\u0148ov, otvoria tohtoro\u010dn\u00fa hlavn\u00fa k\u00fape\u013en\u00fa sez\u00f3nu K\u00fapele Luha\u010dovice (L\u00e1zn\u011b Luha\u010dovice, a.s.). V\u00a0programoch, od \u0161tvrtku 8.m\u00e1ja do nedele 11.m\u00e1ja 2014, nebud\u00fa ch\u00fdba\u0165 dobov\u00e9 kost\u00fdmy, historick\u00e9 automobily, velocip\u00e9dy a\u00a0kolon\u00e1dne koncerty. K\u00fapele o\u010dak\u00e1vaj\u00fa, \u017ee tohtoro\u010dn\u00e1 k\u00fape\u013en\u00e1 sez\u00f3na bude e\u0161te \u00faspe\u0161nej\u0161ia ako minuloro\u010dn\u00e1 a\u00a0\u017ee po\u010det host\u00ed prev\u00fd\u0161i 30 [&hellip;]<\/p>\n","protected":false},"author":7,"featured_media":59265,"comment_status":"closed","ping_status":"closed","sticky":false,"template":"","format":"standard","meta":{"footnotes":""},"categories":[13,45,48],"tags":[],"class_list":["post-59259","post","type-post","status-publish","format-standard","has-post-thumbnail","hentry","category-real-estate","category-nas-tip","category-umenie-a-kultura","eq-blocks"],"_links":{"self":[{"href":"https:\/\/www.slovaklinesmagazin.sk\/cms\/wp-json\/wp\/v2\/posts\/59259","targetHints":{"allow":["GET"]}}],"collection":[{"href":"https:\/\/www.slovaklinesmagazin.sk\/cms\/wp-json\/wp\/v2\/posts"}],"about":[{"href":"https:\/\/www.slovaklinesmagazin.sk\/cms\/wp-json\/wp\/v2\/types\/post"}],"author":[{"embeddable":true,"href":"https:\/\/www.slovaklinesmagazin.sk\/cms\/wp-json\/wp\/v2\/users\/7"}],"replies":[{"embeddable":true,"href":"https:\/\/www.slovaklinesmagazin.sk\/cms\/wp-json\/wp\/v2\/comments?post=59259"}],"version-history":[{"count":3,"href":"https:\/\/www.slovaklinesmagazin.sk\/cms\/wp-json\/wp\/v2\/posts\/59259\/revisions"}],"predecessor-version":[{"id":59269,"href":"https:\/\/www.slovaklinesmagazin.sk\/cms\/wp-json\/wp\/v2\/posts\/59259\/revisions\/59269"}],"wp:featuredmedia":[{"embeddable":true,"href":"https:\/\/www.slovaklinesmagazin.sk\/cms\/wp-json\/wp\/v2\/media\/59265"}],"wp:attachment":[{"href":"https:\/\/www.slovaklinesmagazin.sk\/cms\/wp-json\/wp\/v2\/media?parent=59259"}],"wp:term":[{"taxonomy":"category","embeddable":true,"href":"https:\/\/www.slovaklinesmagazin.sk\/cms\/wp-json\/wp\/v2\/categories?post=59259"},{"taxonomy":"post_tag","embeddable":true,"href":"https:\/\/www.slovaklinesmagazin.sk\/cms\/wp-json\/wp\/v2\/tags?post=59259"}],"curies":[{"name":"wp","href":"https:\/\/api.w.org\/{rel}","templated":true}]}}