{"id":59508,"date":"2014-06-08T20:18:37","date_gmt":"2014-06-08T18:18:37","guid":{"rendered":"http:\/\/slovaklinesmagazin.sk\/cms\/?p=59508"},"modified":"2014-06-11T12:37:27","modified_gmt":"2014-06-11T10:37:27","slug":"orlicke-hory-a-podorlicko-dokonaly-tip-na-letnu-dovolenku-pre-celu-rodinu","status":"publish","type":"post","link":"https:\/\/www.slovaklinesmagazin.sk\/cms\/2014\/06\/orlicke-hory-a-podorlicko-dokonaly-tip-na-letnu-dovolenku-pre-celu-rodinu\/","title":{"rendered":"Orlick\u00e9 hory a Podorlicko &#8211; dokonal\u00fd tip na letn\u00fa dovolenku pre cel\u00fa rodinu"},"content":{"rendered":"<p>P\u00e1tranie po pokoji a odpo\u010dinku \u2022 Tvrz Orlice a M\u00fazeum remesiel \u00a0v Letohrad\u011b<br \/>\nDreven\u00e1 kou\u010dink akad\u00e9mia v Libchav\u00e1ch<br \/>\nBaz\u00e9ny v \u00dast\u00ed nad Orlic\u00ed: slan\u00e9 k\u00fapanie i vlastn\u00e1 voda z hlb\u00edn<br \/>\nLan\u0161krounsk\u00e9 rybn\u00edky \u2022 Novinky s Kartou hos\u0165a<\/p>\n<p>Orlick\u00e9 hory a Podorlicko s\u00fa krajom malebn\u00fdm, nedobit\u00fdm, tich\u00fdm, kr\u00e1snym a odpo\u010dinkov\u00fdm. Ak sa jedn\u00e1 o pr\u00edvlastky bl\u00edzke va\u0161ej du\u0161i a\u00a0ak v\u00e1s l\u00e1ka predstava o lete tr\u00e1venom t\u00falan\u00edm sa uprostred pr\u00edrody , na ni\u010d ne\u010dakajte &#8211; zba\u013ete batohy a opustite svoje bet\u00f3nov\u00e9 bydlisk\u00e1. Na\u0161e dne\u0161n\u00e9 rozpr\u00e1vanie n\u00e1s zavedie\u00a0 do dol\u00edn Orlick\u00fdch h\u00f4r, ktor\u00e9 v nasleduj\u00facich mesiacoch pripravilo mnoh\u00e9 zauj\u00edmavosti \u00a0pre svojich n\u00e1v\u0161tevn\u00edkov.<\/p>\n<p><strong>Tvrz Orlice a M\u00fazeum remesiel v Letohrad\u011b<\/strong><\/p>\n<p>U\u017e v stredoveku \u013eudia dbali o svoje telo, a tak nie je divu, \u017ee aj na stredovek\u00e9 tvrze Orlice v Letohrad\u011b si okrem prehliadok v troch expoz\u00edci\u00e1ch a kr\u010dmy m\u00f4\u017eete u\u017ei\u0165 \u0161irok\u00fa ponuku wellness, komfortn\u00e9 ubytovanie, ale aj re\u0161taur\u00e1ciu s letn\u00fdm poseden\u00edm na hradb\u00e1ch. Deti ur\u010dite ocenia ihrisko s lanovkou a voli\u00e9ry so \u017eiv\u00fdmi zvieratami. \u010eal\u0161ie zvierat\u00e1 v pr\u00edrodnej scen\u00e9rii tvoria aj jeden prehliadkov\u00fd okruhov \u00a0na pevnosti. Are\u00e1l sa nach\u00e1dza na v\u00fdchodnom okraji mesta Letohrad uprostred pr\u00edrody, priamo pri rybn\u00edku pln\u00e9ho obrovsk\u00fdch kaprov, jednoducho \u00fa\u017easn\u00e9 miesto pre pobyt so skvel\u00fdm odpo\u010dinkom. Od marca tohto roku je tu tie\u017e otvoren\u00e1 nov\u00e1 trasa, ktor\u00e1 v\u00e1s prekvap\u00ed kr\u00e1snymi priestormi \u00a0druh\u00e9ho a tretieho nadzemn\u00e9ho poschodia pevnosti. U\u017eastnete\u00a0 nad v\u00fdrobkami \u00a0z u\u017e neexistuj\u00facich orlick\u00fdch skl\u00e1rn\u00ed, uvid\u00edte origin\u00e1lne renesan\u010dn\u00e9 sgrafit\u00e1, odobrane z ju\u017enej steny pevnosti, a nahliadnete do historickej knihtla\u010diarskej dielni , kde si budete m\u00f4c\u0165 sami nie\u010do vytla\u010di\u0165.<\/p>\n<p>&nbsp;<\/p>\n<p style=\"text-align: center;\"><img loading=\"lazy\" decoding=\"async\" class=\"aligncenter\" src=\"http:\/\/slovaklinesmagazin.sk\/cms\/wp-content\/uploads\/2014\/06\/Hotel-Tvrz-Orlice_01-1024x548.jpg\" alt=\"Hotel Tvrz Orlice\" width=\"701\" height=\"375\" \/><\/p>\n<p style=\"text-align: center;\">Hotel Tvrz Orlice<\/p>\n<p style=\"text-align: center;\"><img loading=\"lazy\" decoding=\"async\" class=\"aligncenter\" src=\"http:\/\/slovaklinesmagazin.sk\/cms\/wp-content\/uploads\/2014\/06\/Tvrz-Orlice_01-1024x749.jpg\" alt=\"Tvrz Orlice\" width=\"710\" height=\"519\" \/><\/p>\n<p style=\"text-align: center;\">Tvrz Orlice<\/p>\n<p style=\"text-align: center;\"><img loading=\"lazy\" decoding=\"async\" class=\"aligncenter\" src=\"http:\/\/slovaklinesmagazin.sk\/cms\/wp-content\/uploads\/2014\/06\/Tvrz-Orlice_exposice_TRASA-A_02-1024x735.jpg\" alt=\"Tvrz Orlice - expoz\u00edcia\" width=\"724\" height=\"519\" \/><\/p>\n<p style=\"text-align: center;\">Tvrz Orlice &#8211; expoz\u00edcia<\/p>\n<p style=\"text-align: center;\"><img loading=\"lazy\" decoding=\"async\" class=\"aligncenter\" src=\"http:\/\/slovaklinesmagazin.sk\/cms\/wp-content\/uploads\/2014\/06\/Tvrz-Orlice_restaurace_02-1024x682.jpg\" alt=\"Tvrz Orlice - re\u0161taur\u00e1cia\" width=\"723\" height=\"481\" \/><\/p>\n<p style=\"text-align: center;\">Tvrz Orlice &#8211; re\u0161taur\u00e1cia<\/p>\n<p style=\"text-align: center;\"><img loading=\"lazy\" decoding=\"async\" class=\"aligncenter\" src=\"http:\/\/slovaklinesmagazin.sk\/cms\/wp-content\/uploads\/2014\/06\/Tvrz-Orlice_restaurace_terasa-1024x708.jpg\" alt=\"Tvrz Orlice - re\u0161taur\u00e1cia, terasa.\" width=\"738\" height=\"512\" \/><\/p>\n<p style=\"text-align: center;\">Tvrz Orlice &#8211; re\u0161taur\u00e1cia<\/p>\n<p>&nbsp;<\/p>\n<p>Letohrad nesmiete ur\u010dite vynecha\u0165 \u00a05. j\u00fala 2014, kedy sa v are\u00e1li M\u00fazea remesiel v Novom Dvore uskuto\u010dn\u00ed u\u017e 6. ro\u010dn\u00edk ob\u013e\u00fabenej &#8222;Remeseln\u00edcke soboty&#8220;. O miesto na tejto \u0161t\u00fdlovej akcii m\u00e1 z\u00e1ujem ve\u013ek\u00e9 mno\u017estvo v\u00fdrobcov remeseln\u00fdch v\u00fdrobkov z celej republiky. Pre n\u00e1v\u0161tevn\u00edkov bude aj tentoraz pripraven\u00fd pestr\u00fd program. Za zmienku stoj\u00ed obrovsk\u00e1 ml\u00e1ti\u010dka z prelomu minul\u00e9ho storo\u010dia od firmy Umrath z Prahy, ktor\u00fa bude poh\u00e1\u0148a\u0165 mohutn\u00fd parn\u00fd lokomobil z Anglicka z rovnak\u00e9ho obdobia, prv\u00fd parn\u00fd automobil na svete z roku 1815 od firmy Bo\u017eek Praha. Uvid\u00edte ostr\u00fd z\u00e1sah hasi\u010dov s parnou strieka\u010dkou z roku 1912, rezanie polen\u00e1 na ve\u013ekom katry, kovania kon\u00ed, rezanie na cylindrickej p\u00edle. V prev\u00e1dzke bude op\u00e4\u0165 manufakt\u00fara pre deti a mechanick\u00e9 trasa m\u00faze\u00e1 vr\u00e1tane ko\u010diarovni, \u0161kolsk\u00e9 triedy a pra\u017eiare\u0148 k\u00e1vy.<\/p>\n<p>&nbsp;<\/p>\n<p>M\u00fazeum remesiel m\u00f4\u017eete nav\u0161t\u00edvi\u0165 celoro\u010dne a u\u017ei\u0165 si atmosf\u00e9ry prvej republiky. V minulom roku bola otvoren\u00e1 unik\u00e1tna expoz\u00edcia zubnej a gynekologickej ordin\u00e1cie, ktor\u00e1 ukazuje dve r\u00f4zne stomatologick\u00e9 ordin\u00e1cie, r\u00f6ntgen, ojedinel\u00fa gynekologick\u00fa ordin\u00e1ciu z roku 1924 a opera\u010dn\u00fa s\u00e1lu z roku 1960. Nech\u00fdba tu napr\u00edklad jedna z prv\u00fdch v\u0155ta\u010diek, poh\u00e1\u0148an\u00e1 \u0161liapan\u00edm na ped\u00e1l.\u00a0 Je tu aj elektroterapeutick\u00fd pr\u00edstroj Violet Ray, ktor\u00fd si zahral vo filme Post\u0159i\u017einy.<\/p>\n<p><a href=\"http:\/\/www.tvrzorlice.cz\" target=\"_blank\">www.tvrzorlice.cz<\/a><br \/>\n<a href=\"http:\/\/www.muzeumremesel.cz\" target=\"_blank\">www.muzeumremesel.cz<\/a><\/p>\n<p>&nbsp;<\/p>\n<p><strong>Dreven\u00e1 kou\u010ding akad\u00e9mia v Libchav\u00e1ch<\/strong><\/p>\n<p>Nie len mana\u017e\u00e9ri, ale aj bud\u00faci kou\u010dovia z\u00edskavaj\u00fa zru\u010dnosti a sk\u00fasenosti v prekr\u00e1snom prostred\u00ed kou\u010ding akad\u00e9mie v Libchav\u00e1ch. Kurzy prebiehaj\u00fa v dreven\u00fdch zruboch, v \u00faplnom pokoji, uprostred pr\u00edrody. Be\u017ene sa tu stret\u00e1vaj\u00fa \u013eudia, ktor\u00ed obsadzuj\u00fa nie len ved\u00face poz\u00edcie vo firm\u00e1ch, ale aj vo verejnej\u00a0 spr\u00e1ve, \u00a0ktor\u00ed sa potrebuj\u00fa na chv\u00ed\u013eu zastavi\u0165, zamyslie\u0165 sa a jednoducho sa znova nad\u00fdchnu\u0165. K tomu v\u0161etk\u00e9mu dopom\u00e1ha cel\u00e1 koncepcia dreven\u00fdch stavieb zasaden\u00fdch do prekr\u00e1snej pr\u00edrody a odborn\u00e9 vedenie man\u017eelov \u0160t\u011bp\u00e1nkov\u00fdch a cel\u00e9ho t\u00edmu, ktor\u00fd d\u00e1va do svojej pr\u00e1ce cel\u00e9 svoje srdce.<\/p>\n<p>&nbsp;<\/p>\n<p><img loading=\"lazy\" decoding=\"async\" class=\"aligncenter\" src=\"http:\/\/slovaklinesmagazin.sk\/cms\/wp-content\/uploads\/2014\/06\/Akademiei__1-1024x682.jpg\" alt=\"Akad\u00e9mia, zruby\" width=\"715\" height=\"476\" \/><\/p>\n<p style=\"text-align: center;\">Akad\u00e9mia, zruby<\/p>\n<p style=\"text-align: center;\"><img loading=\"lazy\" decoding=\"async\" class=\"aligncenter\" src=\"http:\/\/slovaklinesmagazin.sk\/cms\/wp-content\/uploads\/2014\/06\/MG_0199-1024x682.jpg\" alt=\"_MG_0199\" width=\"716\" height=\"477\" \/><\/p>\n<p style=\"text-align: center;\">Apartm\u00e1ny<\/p>\n<p style=\"text-align: center;\"><img loading=\"lazy\" decoding=\"async\" class=\"aligncenter\" src=\"http:\/\/slovaklinesmagazin.sk\/cms\/wp-content\/uploads\/2014\/06\/04-1024x489.jpg\" alt=\"\" width=\"722\" height=\"345\" \/><\/p>\n<p style=\"text-align: center;\">Greenpoint<\/p>\n<p style=\"text-align: center;\"><img loading=\"lazy\" decoding=\"async\" class=\"aligncenter\" src=\"http:\/\/slovaklinesmagazin.sk\/cms\/wp-content\/uploads\/2014\/06\/Akademicky_Camp_2012_38-1024x682.jpg\" alt=\"Akademick\u00fd Camp\" width=\"732\" height=\"488\" \/><\/p>\n<p style=\"text-align: center;\">Akademick\u00fd Camp<\/p>\n<p>Okrem kou\u010ding akad\u00e9mie je\u00a0 verejnosti pon\u00faknut\u00e1 mo\u017enos\u0165 ubytova\u0165 sa v n\u00e1dhern\u00fdch apartm\u00e1noch, zvan\u00fdch Na vr\u0161ku. Apartm\u00e1ny na v\u0155\u0161ku poskytuj\u00fa ubytovanie pre v\u0161etk\u00fdch, ktor\u00ed maj\u00fa radi pr\u00edrodu, pohodu a k\u013eud. \u00a0Apartm\u00e1ny s\u00fa postaven\u00e9 z r\u00f4znych dreven\u00fdch materi\u00e1lov a zasaden\u00e9 do malebnej pr\u00edrody podhor\u00ed Orlick\u00fdch h\u00f4r.<\/p>\n<p><a href=\"http:\/\/www.koucinkakademie.cz\" target=\"_blank\">www.koucinkakademie.cz<\/a><\/p>\n<p><a href=\"http:\/\/www.apartmanynavrsku.cz\" target=\"_blank\">www.apartmanynavrsku.cz<\/a><\/p>\n<p>&nbsp;<\/p>\n<p>Baz\u00e9ny v \u00dast\u00ed nad Orlic\u00ed: slan\u00e9 k\u00fapanie i vlastn\u00e9 voda z hlb\u00edn<\/p>\n<p>Kryt\u00fd plaveck\u00fd baz\u00e9n v \u00dast\u00ed nad Orlic\u00ed vyu\u017e\u00edva technol\u00f3giu slanej vody bez \u0161tandardn\u00e9ho chl\u00f3rovania. Voda v baz\u00e9ne je upraven\u00e1 na slanos\u0165 bl\u00ed\u017eiace sa hodnote \u013eudsk\u00fdch s\u013az. Je tak ove\u013ea menej slan\u00e1 ako voda v mori, napriek tomu je nato\u013eko slan\u00e1, \u017ee k\u00fapanie v\u00a0nej \u00a0je zdrav\u0161ie a bezpe\u010dnej\u0161ie. Takto upraven\u00e1 voda ne\u0161t\u00edpe v o\u010diach, nesp\u00f4sobuje alergick\u00e9 reakcie a navy\u0161e navodzuje pocit svie\u017eosti a lep\u0161ie nadn\u00e1\u0161a.<\/p>\n<p>&nbsp;<\/p>\n<p style=\"text-align: center;\"><img loading=\"lazy\" decoding=\"async\" class=\"aligncenter\" src=\"http:\/\/slovaklinesmagazin.sk\/cms\/wp-content\/uploads\/2014\/06\/SAM_8043-1024x681.jpg\" alt=\"SAM_8043\" width=\"744\" height=\"496\" \/><\/p>\n<p style=\"text-align: center;\"><img loading=\"lazy\" decoding=\"async\" class=\"aligncenter\" src=\"http:\/\/slovaklinesmagazin.sk\/cms\/wp-content\/uploads\/2014\/06\/90-1024x681.jpg\" alt=\"\" width=\"745\" height=\"496\" \/><\/p>\n<p style=\"text-align: center;\"><img loading=\"lazy\" decoding=\"async\" class=\"aligncenter\" src=\"http:\/\/slovaklinesmagazin.sk\/cms\/wp-content\/uploads\/2014\/06\/63-1024x681.jpg\" alt=\"\" width=\"745\" height=\"496\" \/><\/p>\n<p>&#8222;Technol\u00f3gia slanej vody predstavuje modern\u00fd pr\u00edstup k \u00faprave vody pre verejn\u00e9 k\u00fapanie. V \u00dast\u00ed nad Orlic\u00ed m\u00e1me z\u00e1ujem o pohodlie a bezpe\u010die n\u00e1v\u0161tevn\u00edkov na\u0161ich rekrea\u010dn\u00fdch zariaden\u00ed, preto sme do technol\u00f3gie investovali nem\u00e1lo finan\u010dnych prostriedkov. Voda v baz\u00e9ne tak nevad\u00ed ani poko\u017eke a o\u010diam det\u00ed, \u010do pova\u017eujeme za d\u00f4le\u017eit\u00e9, preto\u017ee kryt\u00fd plaveck\u00fd baz\u00e9n sa na detsk\u00fdch n\u00e1v\u0161tevn\u00edkov najviac zameriava &#8222;vysvetlila Veronika Krajov\u00e1, riadite\u013eka \u00faseku rekrea\u010dn\u00fdch slu\u017eieb mestskej spolo\u010dnosti TEPVOS, ktor\u00e1 baz\u00e9n prev\u00e1dzkuje.<\/p>\n<p>&nbsp;<\/p>\n<p>Slan\u00fa vodu si n\u00e1v\u0161tevn\u00edci u\u017eij\u00fa v piatich plaveck\u00fdch dr\u00e1hach 25 metrov\u00e9ho baz\u00e9nu baz\u00e9nu. K dispoz\u00edcii je tie\u017e relaxa\u010dn\u00e9 centrum s ve\u013ekou v\u00edrivou va\u0148ou alebo parn\u00e9 kab\u00edny. Slan\u00e1 voda v\u0161ak nie je jedinou zvl\u00e1\u0161tnos\u0165ou \u00fasteck\u00e9ho k\u00fapania. Ne\u010faleko kryt\u00e9ho plaveck\u00e9ho baz\u00e9na toti\u017e n\u00e1jdete aquapark, ktor\u00fd m\u00e1 tie\u017e neobvykl\u00fa technol\u00f3giu: vodu \u010derp\u00e1 z vlastn\u00e9ho hlbinn\u00e9ho vrtu, tak\u017ee jej kvalita je pravidelne kontrolovan\u00e1 a zaru\u010den\u00e1.<\/p>\n<p style=\"text-align: center;\"><img loading=\"lazy\" decoding=\"async\" class=\"aligncenter\" src=\"http:\/\/slovaklinesmagazin.sk\/cms\/wp-content\/uploads\/2014\/06\/IMG_0805-1024x682.jpg\" alt=\"\" width=\"753\" height=\"502\" \/><\/p>\n<p>&#8222;Mysl\u00edm, \u017ee rozdiel medzi vodou odobran\u00fa z verejn\u00e9ho rozvodu a\u00a0 z vlastn\u00e9ho vrtu je celkom v\u00fdznamn\u00fd. Vodu neupravujeme, ni\u010d do nej neprid\u00e1vame, len filtrujeme od pr\u00edpadn\u00fdch usaden\u00edn. Voda je prirodzene pitn\u00e1, ako keby sa n\u00e1v\u0161tevn\u00edci k\u00fapali v balenej vode z obchodu. Tak\u00e9to k\u00fapanie je zdrav\u00e9 a hygienicky bezpe\u010dn\u00e9 &#8222;dokon\u010dila riadite\u013eka Krajov\u00e1.<\/p>\n<p style=\"text-align: center;\"><img loading=\"lazy\" decoding=\"async\" class=\"aligncenter\" src=\"http:\/\/slovaklinesmagazin.sk\/cms\/wp-content\/uploads\/2014\/06\/21-1024x681.jpg\" alt=\"\" width=\"762\" height=\"507\" \/><\/p>\n<p>Orlicko-\u00fasteck\u00fd aquapark je umiestnen\u00fd v zeleni na okraji mesta, v bl\u00edzkosti rieky Orlice. Pon\u00faka tobog\u00e1n, kamikadze \u0161m\u00fdka\u010dku, vodn\u00e9 chrli\u010de, vodn\u00fd hr\u00edb, ihrisko pre pl\u00e1\u017eov\u00fd volejbal, vodn\u00fd futbal, aquazorbing, motorov\u00e9 aj \u0161liapacie lodi\u010dky a detsk\u00e9 ihrisko. V susedstve aquaparku je mo\u017en\u00e9 vyu\u017ei\u0165 tie\u017e minigolfov\u00e9 ihrisko.<\/p>\n<p><a href=\"http:\/\/www.tepvos.cz\" target=\"_blank\">www.tepvos.cz<\/a><\/p>\n<p><a href=\"http:\/\/www.bazenusti.cz\" target=\"_blank\">www.bazenusti.cz<\/a><\/p>\n<p>&nbsp;<\/p>\n<p>&nbsp;<\/p>\n<p><strong>Lan\u0161krounsk\u00e9 rybn\u00edky<\/strong><\/p>\n<p>Pr\u00edrodn\u00fd park k\u00fasok od centra? \u00a0\u00c1no, v Lan\u0161kroune na mesto priamo nadv\u00e4zuje rekrea\u010dn\u00e1 oblas\u0165 a unik\u00e1tny pr\u00edrodn\u00fd park Lan\u0161krounsk\u00e9 rybn\u00edky! \u00a0V\u00a0oblasti kask\u00e1dy siedmich rybn\u00edkov sa konaj\u00fa \u00a0vych\u00e1dzkov\u00e9 okruhy s n\u00e1u\u010dn\u00fdm chodn\u00edkom. Za\u010d\u00ednaj\u00fa hne\u010f u najv\u00e4\u010d\u0161ieho rybn\u00edku \u201eDlh\u00fd\u201c. Za pl\u00e1\u017eou sa nach\u00e1dza k\u00fapalisko s re\u0161taur\u00e1ciou. Krat\u0161\u00ed okruh je vhodn\u00fd aj pre rodiny s ko\u010d\u00edkom \u010di hendikepovan\u00fdch n\u00e1v\u0161tevn\u00edkov, meria 1,2 km, cel\u00fd n\u00e1u\u010dn\u00fd chodn\u00edk m\u00e1 5,5 km. V roku 2004 boli Lan\u0161krounsk\u00e9 rybn\u00edky pre svoju v\u00fdnimo\u010dnos\u0165 zap\u00edsan\u00e9 do n\u00e1rodn\u00e9ho zoznamu eur\u00f3psky v\u00fdznamn\u00fdch lokal\u00edt Natura 2000. Najnov\u0161ie s\u00fa v n\u00e1dhernej kulise pr\u00edrodn\u00e9ho parku Lan\u0161krounsk\u00e9 rybn\u00edky pre v\u0161etk\u00fdch vyzn\u00e1va\u010dov pohybu na zdravom vzduchu, vymeran\u00e9 be\u017eeck\u00e9 okruhy, ktor\u00e9 vych\u00e1dzaj\u00fa z 12 min. be\u017eeck\u00e9ho Copperova testu fyzickej kond\u00edcie. Dva pr\u00edrodn\u00e9 be\u017eeck\u00e9 okruhy maj\u00fa presne vyzna\u010den\u00e9 vzdialenosti, \u017elt\u00fd okruh d\u013a\u017eky 3.000 m po 100 ma \u010derven\u00fd 6.000 m po 500 m. Umo\u017e\u0148uj\u00fa ka\u017ed\u00e9mu \u0161portovcovi jednoduch\u00fa kontrolu v\u00fdvoja individu\u00e1lnej krivky v\u00fdkonnosti aj v dlh\u0161om tr\u00e9ningovom obdob\u00ed. A ako na tom ste vy? Pr\u00ed\u010fte sa sami otestova\u0165 aj relaxova\u0165!<\/p>\n<p>&nbsp;<\/p>\n<p style=\"text-align: center;\"><img loading=\"lazy\" decoding=\"async\" class=\"aligncenter\" src=\"http:\/\/slovaklinesmagazin.sk\/cms\/wp-content\/uploads\/2014\/06\/Lan_rybniky_kola-1024x768.jpg\" alt=\"Lan_rybniky_kola\" width=\"775\" height=\"581\" \/><\/p>\n<p><a href=\"http:\/\/m.turista.lanskroun.eu\" target=\"_blank\">http:\/\/m.turista.lanskroun.eu<\/a><\/p>\n<p>&nbsp;<\/p>\n<p><strong>Novinky s kartou hos\u0165a<\/strong><\/p>\n<p>Karta hos\u0165a bola v Orlick\u00fdch hor\u00e1ch a Podorlicka zaveden\u00e1 v minulom roku. Samozrejme sa s \u0148ou nem\u00f4\u017eete vypravi\u0165 do \u00faplne cel\u00e9ho sveta, ale vo svete, v ktorom turisticku aktivitu, slu\u017eby a programy pripravuje miestna destina\u010dn\u00e1 spolo\u010dnos\u0165 a poskytovatelia turistick\u00fdch slu\u017eieb, v\u00e1m Karta hos\u0165a bude otv\u00e1ra\u0165 dvere aj do miest, ktor\u00e9 by ste mo\u017eno nechtiac vynechali. Nezabudnite teda, ne\u017e sa vyberiete do Orlick\u00fdch h\u00f4r a Podorlicka, zistite si, kde a za ak\u00fdch podmienok m\u00f4\u017eete \u010darovn\u00fa karti\u010dku z\u00edska\u0165 \u010di k\u00fapi\u0165. Pre letn\u00fa sez\u00f3nu 2014 je pripraven\u00fdch mno\u017estvo noviniek &#8211; u\u017e teraz m\u00f4\u017eete nanovo oproti minul\u00e9mu roku vyu\u017e\u00edva\u0165 slu\u017eby v Letohrad\u011b &#8211; konkr\u00e9tne zv\u00fdhodnen\u00fd vstup na z\u00e1mok \u010di vstup do Tvrze Orlice. Pozadu nezost\u00e1vaj\u00fa \u0158\u00ed\u010dky v Orlick\u00fdch hor\u00e1ch s\u00a0prev\u00e1dzkou letnej\u00a0 lanovky\u00a0 a adventure golfom.Po\u010das hlavnych\u00a0 hlavn\u00fdch letn\u00fdch pr\u00e1zdnin, \u00a0bud\u00fa m\u00f4c\u0165 n\u00e1v\u0161tevn\u00edci vyu\u017ei\u0165 \u0161peci\u00e1lne z\u013eavy u\u017e na v\u0161etk\u00fdch troch lanoviek v\u00a0 Orlick\u00fdch horach\u00a0 &#8211; V De\u0161tnom, \u0158\u00ed\u010dk\u00e1ch aj na Bukovom \u00a0vrchu. Okrem toho sa pripoja aj niektor\u00e9 zauj\u00edmav\u00e9 m\u00faze\u00e1 ako s\u00fa Hani\u010dka \u010di M\u00fazeum Orlick\u00fdch h\u00f4r v Rokytnici.<\/p>\n<p style=\"text-align: center;\"><img decoding=\"async\" class=\"aligncenter\" src=\"http:\/\/slovaklinesmagazin.sk\/cms\/wp-content\/uploads\/2014\/06\/Karta-Hosta-1.jpg\" alt=\"\" \/><\/p>\n<p><a href=\"http:\/\/www.orlickakarta.cz\" target=\"_blank\">www.orlickakarta.cz<\/a><\/p>\n<p>Kompletn\u00fa turistick\u00fa ponuku destin\u00e1cie Orlick\u00e9 hory a Podorlicko n\u00e1jdete na ofici\u00e1lnom webe www.mojeorlickehory.cz<\/p>\n<div id='gallery-1' class='gallery galleryid-59508 gallery-columns-3 gallery-size-thumbnail'><figure class='gallery-item'>\n\t\t\t<div class='gallery-icon landscape'>\n\t\t\t\t<a href='https:\/\/www.slovaklinesmagazin.sk\/cms\/2014\/06\/orlicke-hory-a-podorlicko-dokonaly-tip-na-letnu-dovolenku-pre-celu-rodinu\/oh-1\/'><img loading=\"lazy\" decoding=\"async\" width=\"150\" height=\"150\" src=\"https:\/\/www.slovaklinesmagazin.sk\/cms\/wp-content\/uploads\/2014\/06\/OH-1-150x150.jpg\" class=\"attachment-thumbnail size-thumbnail\" alt=\"\" aria-describedby=\"gallery-1-59529\" \/><\/a>\n\t\t\t<\/div>\n\t\t\t\t<figcaption class='wp-caption-text gallery-caption' id='gallery-1-59529'>\n\t\t\t\tOrlick\u00e9 hory a Podorlicko\n\t\t\t\t<\/figcaption><\/figure><figure class='gallery-item'>\n\t\t\t<div class='gallery-icon landscape'>\n\t\t\t\t<a href='https:\/\/www.slovaklinesmagazin.sk\/cms\/2014\/06\/orlicke-hory-a-podorlicko-dokonaly-tip-na-letnu-dovolenku-pre-celu-rodinu\/oh-2\/'><img loading=\"lazy\" decoding=\"async\" width=\"150\" height=\"150\" src=\"https:\/\/www.slovaklinesmagazin.sk\/cms\/wp-content\/uploads\/2014\/06\/OH-2-150x150.jpg\" class=\"attachment-thumbnail size-thumbnail\" alt=\"\" aria-describedby=\"gallery-1-59530\" \/><\/a>\n\t\t\t<\/div>\n\t\t\t\t<figcaption class='wp-caption-text gallery-caption' id='gallery-1-59530'>\n\t\t\t\tOrlick\u00e9 hory a Podorlicko\n\t\t\t\t<\/figcaption><\/figure><figure class='gallery-item'>\n\t\t\t<div class='gallery-icon landscape'>\n\t\t\t\t<a href='https:\/\/www.slovaklinesmagazin.sk\/cms\/2014\/06\/orlicke-hory-a-podorlicko-dokonaly-tip-na-letnu-dovolenku-pre-celu-rodinu\/oh-4\/'><img loading=\"lazy\" decoding=\"async\" width=\"150\" height=\"150\" src=\"https:\/\/www.slovaklinesmagazin.sk\/cms\/wp-content\/uploads\/2014\/06\/OH-4-150x150.jpg\" class=\"attachment-thumbnail size-thumbnail\" alt=\"\" aria-describedby=\"gallery-1-59532\" \/><\/a>\n\t\t\t<\/div>\n\t\t\t\t<figcaption class='wp-caption-text gallery-caption' id='gallery-1-59532'>\n\t\t\t\tOrlick\u00e9 hory a Podorlicko\n\t\t\t\t<\/figcaption><\/figure><figure class='gallery-item'>\n\t\t\t<div class='gallery-icon landscape'>\n\t\t\t\t<a href='https:\/\/www.slovaklinesmagazin.sk\/cms\/2014\/06\/orlicke-hory-a-podorlicko-dokonaly-tip-na-letnu-dovolenku-pre-celu-rodinu\/oh-5\/'><img loading=\"lazy\" decoding=\"async\" width=\"150\" height=\"150\" src=\"https:\/\/www.slovaklinesmagazin.sk\/cms\/wp-content\/uploads\/2014\/06\/OH-5-150x150.jpg\" class=\"attachment-thumbnail size-thumbnail\" alt=\"\" aria-describedby=\"gallery-1-59533\" \/><\/a>\n\t\t\t<\/div>\n\t\t\t\t<figcaption class='wp-caption-text gallery-caption' id='gallery-1-59533'>\n\t\t\t\tOrlick\u00e9 hory a Podorlicko\n\t\t\t\t<\/figcaption><\/figure><figure class='gallery-item'>\n\t\t\t<div class='gallery-icon landscape'>\n\t\t\t\t<a href='https:\/\/www.slovaklinesmagazin.sk\/cms\/2014\/06\/orlicke-hory-a-podorlicko-dokonaly-tip-na-letnu-dovolenku-pre-celu-rodinu\/oh-3\/'><img loading=\"lazy\" decoding=\"async\" width=\"150\" height=\"150\" src=\"https:\/\/www.slovaklinesmagazin.sk\/cms\/wp-content\/uploads\/2014\/06\/OH-3-150x150.jpg\" class=\"attachment-thumbnail size-thumbnail\" alt=\"\" aria-describedby=\"gallery-1-59531\" \/><\/a>\n\t\t\t<\/div>\n\t\t\t\t<figcaption class='wp-caption-text gallery-caption' id='gallery-1-59531'>\n\t\t\t\tOrlick\u00e9 hory a Podorlicko\n\t\t\t\t<\/figcaption><\/figure>\n\t\t<\/div>\n\n<p><strong>Kalend\u00e1r vybran\u00fdch akci\u00ed:<\/strong><\/p>\n<p>&nbsp;<\/p>\n<p>\u2022 Barokov\u00fd z\u00e1mockej sl\u00e1vnosti Pot\u0161tejn 21. 6. 2014<\/p>\n<p>\u2022 Remeseln\u00edcka sobota Letohrad 5. 7. 2014<\/p>\n<p>\u2022 Festival Orlick\u00e1 br\u00e1na \u017damberk 18. &#8211; 19.7. 2014<\/p>\n<p>\u2022 Tavenie skla drevom De\u0161tn\u00e9 v Orlick\u00fdch hor\u00e1ch 1. &#8211; 3. 8. 2014<\/p>\n<p>\u2022 Preteky dra\u010d\u00edch lod\u00ed Pasienky 16. 8. 2014<\/p>\n<p>\u2022 Vozatajsk\u00e9 majstrovstv\u00e1 Vychodoceske oblasti Boleho\u0161\u0165 12. &#8211; 14. 9. 2014<\/p>\n<p>\u2022 Lan\u0161krounsk\u00e1 kopa a mestskej sl\u00e1vnosti 12. &#8211; 13. 9. 2014<\/p>\n","protected":false},"excerpt":{"rendered":"<p>P\u00e1tranie po pokoji a odpo\u010dinku \u2022 Tvrz Orlice a M\u00fazeum remesiel \u00a0v Letohrad\u011b Dreven\u00e1 kou\u010dink akad\u00e9mia v Libchav\u00e1ch Baz\u00e9ny v \u00dast\u00ed nad Orlic\u00ed: slan\u00e9 k\u00fapanie i vlastn\u00e1 voda z hlb\u00edn Lan\u0161krounsk\u00e9 rybn\u00edky \u2022 Novinky s Kartou hos\u0165a Orlick\u00e9 hory a Podorlicko s\u00fa krajom malebn\u00fdm, nedobit\u00fdm, tich\u00fdm, kr\u00e1snym a odpo\u010dinkov\u00fdm. Ak sa jedn\u00e1 o pr\u00edvlastky bl\u00edzke [&hellip;]<\/p>\n","protected":false},"author":7,"featured_media":0,"comment_status":"closed","ping_status":"closed","sticky":false,"template":"","format":"gallery","meta":{"footnotes":""},"categories":[13,45,50],"tags":[],"class_list":["post-59508","post","type-post","status-publish","format-gallery","hentry","category-real-estate","category-nas-tip","category-radim-vam","post_format-post-format-gallery","eq-blocks"],"_links":{"self":[{"href":"https:\/\/www.slovaklinesmagazin.sk\/cms\/wp-json\/wp\/v2\/posts\/59508","targetHints":{"allow":["GET"]}}],"collection":[{"href":"https:\/\/www.slovaklinesmagazin.sk\/cms\/wp-json\/wp\/v2\/posts"}],"about":[{"href":"https:\/\/www.slovaklinesmagazin.sk\/cms\/wp-json\/wp\/v2\/types\/post"}],"author":[{"embeddable":true,"href":"https:\/\/www.slovaklinesmagazin.sk\/cms\/wp-json\/wp\/v2\/users\/7"}],"replies":[{"embeddable":true,"href":"https:\/\/www.slovaklinesmagazin.sk\/cms\/wp-json\/wp\/v2\/comments?post=59508"}],"version-history":[{"count":4,"href":"https:\/\/www.slovaklinesmagazin.sk\/cms\/wp-json\/wp\/v2\/posts\/59508\/revisions"}],"predecessor-version":[{"id":59549,"href":"https:\/\/www.slovaklinesmagazin.sk\/cms\/wp-json\/wp\/v2\/posts\/59508\/revisions\/59549"}],"wp:attachment":[{"href":"https:\/\/www.slovaklinesmagazin.sk\/cms\/wp-json\/wp\/v2\/media?parent=59508"}],"wp:term":[{"taxonomy":"category","embeddable":true,"href":"https:\/\/www.slovaklinesmagazin.sk\/cms\/wp-json\/wp\/v2\/categories?post=59508"},{"taxonomy":"post_tag","embeddable":true,"href":"https:\/\/www.slovaklinesmagazin.sk\/cms\/wp-json\/wp\/v2\/tags?post=59508"}],"curies":[{"name":"wp","href":"https:\/\/api.w.org\/{rel}","templated":true}]}}