{"id":59610,"date":"2014-06-19T09:49:41","date_gmt":"2014-06-19T07:49:41","guid":{"rendered":"http:\/\/slovaklinesmagazin.sk\/cms\/?p=59610"},"modified":"2014-06-19T09:49:41","modified_gmt":"2014-06-19T07:49:41","slug":"uspesne-otvorenie-letnej-sezony-v-malej-fatre","status":"publish","type":"post","link":"https:\/\/www.slovaklinesmagazin.sk\/cms\/2014\/06\/uspesne-otvorenie-letnej-sezony-v-malej-fatre\/","title":{"rendered":"\u00daspe\u0161n\u00e9 otvorenie letnej sez\u00f3ny v Malej Fatre"},"content":{"rendered":"<p>Oblastn\u00e1 organiz\u00e1cia cestovn\u00e9ho ruchu Mal\u00e1 Fatra (OOCR) symbolicky otvorila po\u010das v\u00edkendu\u00a0cyklotrasy v\u00a0regi\u00f3ne Mal\u00e1 Fatra. Podujatie a\u00a0jeho sprievodn\u00e9 akcie boli nielen propag\u00e1ciou cykloturistiky v\u00a0regi\u00f3ne, ale najm\u00e4 pozv\u00e1nkou na na\u010derpanie nov\u00fdch s\u00edl po\u010das akt\u00edvnej letnej dovolenky v\u00a0lone pr\u00edrody J\u00e1no\u0161\u00edkovho kraja.<\/p>\n<p style=\"text-align: center;\"><img loading=\"lazy\" decoding=\"async\" class=\"aligncenter\" src=\"http:\/\/slovaklinesmagazin.sk\/cms\/wp-content\/uploads\/2014\/06\/3-Pr\u00edprava-na-\u0161tart-1024x683.jpg\" alt=\"\" width=\"726\" height=\"483\" \/><\/p>\n<p style=\"text-align: center;\">Pr\u00edprava na \u0161tart<\/p>\n<p style=\"text-align: center;\">\n<img loading=\"lazy\" decoding=\"async\" class=\"aligncenter\" src=\"http:\/\/slovaklinesmagazin.sk\/cms\/wp-content\/uploads\/2014\/06\/5-Na-ceste-1024x683.jpg\" alt=\"\" width=\"725\" height=\"483\" \/><\/p>\n<p style=\"text-align: center;\">Na ceste<\/p>\n<p style=\"text-align: center;\">\n<p>Podujatie malo za cie\u013e propagova\u0165 cyklotrasy, ktor\u00e9 predstavuj\u00fa pre priaznivcov cykloturistiky t\u00fa najhustej\u0161iu sie\u0165 tr\u00e1s\u00a0 na Slovensku. Dva cyklistick\u00e9 okruhy otestovali nielen v\u00fddr\u017e \u00fa\u010dastn\u00edkov cyklozrazu, ale im aj pribl\u00ed\u017eili to najkraj\u0161ie z\u00a0oblasti Malej Fatry.<\/p>\n<p>Po sl\u00e1vnostnom pr\u00edhovore a\u00a0prestrihnut\u00ed p\u00e1sky predsedom predstavenstva OOCR Mal\u00e1 Fatra, Igorom Chomom, predsedom \u017dilinsk\u00e9ho samospr\u00e1vneho kraja, Jurajom Blan\u00e1rom a\u00a0starostom obce Bel\u00e1, Mat\u00fa\u0161om Kraj\u010dim, sa vy\u0161e 100 cyklistov vydalo na v\u00fdlet smerom do Starej Bystrice, ka\u017ed\u00fd svojim tempom, nako\u013eko charakter tohto podujatia sa niesol v\u00a0znamen\u00ed nes\u00fa\u0165a\u017en\u00e9ho marat\u00f3nu.Tu, pod najpresnej\u0161\u00edm orlojom na svete, u\u017e \u010dakalo pre n\u00e1v\u0161tevn\u00edkov na dvoch koles\u00e1ch pohostenie, uv\u00edtanie starostom obce, J\u00e1nom Podmanick\u00fdm a\u00a0bohat\u00fd kult\u00farny program. Od otvorenia Slovensk\u00e9ho orloja v\u00a0Starej Bystriciv\u00a0roku 2009 pri\u0161lo nav\u0161t\u00edvi\u0165 t\u00fato pozoruhodnos\u0165 mno\u017estvo turistov. Pr\u00e1ve v\u00a0tento de\u0148 bol vybrat\u00fd a\u00a0ocenen\u00fdjeho<strong>200\u00a0000-cin\u00e1v\u0161tevn\u00edk<\/strong>. N\u00e1sledne viedli okruhy bu\u010f do horsk\u00fdch oblast\u00ed Kysuck\u00fdch Besk\u00fdd (celkom 74 km) alebo smerom na vodn\u00fa n\u00e1dr\u017e Nov\u00e1 Bystrica (42 km) a\u00a0po kr\u00e1tkom ob\u010derstven\u00ed sp\u00e4\u0165 do hlavn\u00e9ho t\u00e1bora v\u00a0Autokempingu Bel\u00e1-Ni\u017en\u00e9 Kamence.<\/p>\n<p style=\"text-align: center;\"><img loading=\"lazy\" decoding=\"async\" class=\"aligncenter\" src=\"http:\/\/slovaklinesmagazin.sk\/cms\/wp-content\/uploads\/2014\/06\/4-Prestrihnutie-p\u00e1sky-1024x683.jpg\" alt=\"\" width=\"746\" height=\"497\" \/><\/p>\n<p style=\"text-align: center;\">Prestrihnutie p\u00e1sky<\/p>\n<p>Po\u010das celej soboty, 14.6.2014, vyu\u017eilo <strong>detsk\u00e9 atrakcie<\/strong> mno\u017estvo det\u00ed nielen z\u00a0okolia Terchovej. Sk\u00e1kac\u00ed hrad, jazda na pon\u00edkovi, \u0161tvorkolk\u00e1ch alebo ma\u013eovanie na tv\u00e1r bolo od rann\u00fdch hod\u00edn sprev\u00e1dzan\u00e9 Terchovskou muzikou, unik\u00e1tnou hudbou zap\u00edsanou do Reprezentat\u00edvneho zoznamu svetov\u00e9ho kult\u00farneho dedi\u010dstva UNESCO.<\/p>\n<p>&nbsp;<\/p>\n<p style=\"text-align: center;\"><img loading=\"lazy\" decoding=\"async\" class=\"aligncenter\" src=\"http:\/\/slovaklinesmagazin.sk\/cms\/wp-content\/uploads\/2014\/06\/1-Terchovsk\u00e1-Muzika-1024x683.jpg\" alt=\"\" width=\"750\" height=\"500\" \/><br \/>\nTerchovsk\u00e1 Muzika<\/p>\n<p>\u201e<em>E\u0161te pred \u0161tartom boli \u00fa\u010dastn\u00edci cyklozrazu informovan\u00ed o\u00a0mo\u017enostiach <strong>\u00faplne novej mobilnej aplik\u00e1cie<\/strong> \u2013 Cyklotrasy Mal\u00e1 Fatra, ktor\u00e1 je k\u00a0dispoz\u00edcii zadarmo na stiahnutie pre smartf\u00f3ny. Aj touto formou budeme na\u010falej rozv\u00edja\u0165 v\u00fdborn\u00e9 podmienky pre rozvoj cykloturistiky v\u00a0na\u0161om regi\u00f3ne<\/em>\u201c, povedal Mat\u00fa\u0161 Dobe\u0161, v\u00fdkonn\u00fd riadite\u013e OOCR Mal\u00e1 Fatra. T\u00e1to aplik\u00e1cia zah\u0155\u0148a tie najlep\u0161ie cyklotrasy vin\u00face sa \u010darovnou pr\u00edrodou v\u00a0oblasti Malej Fatry a\u00a0pritom vyu\u017e\u00edva GPS na monitorovanie prejdenej trasy v mape samotnej aplik\u00e1cie.<\/p>\n<p>Ve\u010der u\u017e na \u00fa\u010dastn\u00edkov \u010dakal sprievodn\u00fd program a\u00a0to Medzin\u00e1rodn\u00e9 stretnutie zbojn\u00edkov, ktor\u00fd sa u\u017e tradi\u010dne kon\u00e1 v\u00a0\u0161ir\u0161om centre Terchovej a\u00a0predstavuje l\u00e1kav\u00fd program, napr. Martinsk\u00e9 komorn\u00e9 divadlo, S\u013dUK.<\/p>\n<p>V\u00a0nede\u013eu, 15.6.2014, sa uskuto\u010dnila <strong>Detsk\u00e1 tour Petra Sagana<\/strong>, ktor\u00e1 pril\u00e1kala do ATC Bel\u00e1 Ni\u017en\u00e9-Kamence viac ne\u017e 200 det\u00ed spolu s\u00a0rodi\u010dmi. Atmosf\u00e9ra cyklistickej s\u00fa\u0165a\u017ee pre deti bola n\u00e1dhern\u00e1 \u2013 nad\u0161en\u00ed mlad\u00ed cyklisti si spolu zmerali sily v\u00a0nieko\u013ek\u00fdch s\u00fa\u0165a\u017en\u00fdch kateg\u00f3ri\u00e1ch.<\/p>\n<p>&nbsp;<\/p>\n<p style=\"text-align: center;\"><img decoding=\"async\" class=\"aligncenter\" src=\"http:\/\/slovaklinesmagazin.sk\/cms\/wp-content\/uploads\/2014\/06\/7-Detsk\u00e1-tour.jpg\" alt=\"\" \/><br \/>\nDetsk\u00e1 tour<\/p>\n<p style=\"text-align: center;\"><img loading=\"lazy\" decoding=\"async\" class=\"aligncenter\" src=\"http:\/\/slovaklinesmagazin.sk\/cms\/wp-content\/uploads\/2014\/06\/9-Detsk\u00e1-tour-pretek.jpg\" alt=\"\" width=\"545\" height=\"364\" \/><\/p>\n<p style=\"text-align: center;\">Detsk\u00e1 tour &#8211; pretek<\/p>\n<p>\u201e<em>Pr\u00e1ve Detskou tour Petra Sagana chceme motivova\u0165 deti a\u00a0ml\u00e1de\u017e ku akt\u00edvnemu relaxu na bicykli, s\u00a0ktor\u00fdm sa sn\u00fabi z\u00e1bava a\u00a0rados\u0165<\/em>\u201c, uviedol k\u00a0podujatiu Peter Z\u00e1nick\u00fd, riadite\u013e Detskej tour Petra Sagana. Akcie sa z\u00fa\u010dastnil aj brat Petra Sagana, Juraj Sagan, ktor\u00fd svojou osobnou n\u00e1v\u0161tevou reprezentoval sen ka\u017ed\u00e9ho nad\u0161enca cyklistiky.<\/p>\n<p>Po uplynulom v\u00edkende mo\u017eno kon\u0161tatova\u0165, \u017ee J\u00e1no\u0161\u00edkov kraj je ozajstn\u00fdm cyklistick\u00fdm rajom pre v\u0161etk\u00fdch fan\u00fa\u0161ikov cyklistiky a\u00a0to bez oh\u013eadu na vek alebo obtia\u017enos\u0165 jednotliv\u00fdch cyklotr\u00e1s. Pr\u00ed\u010fte aj vy a\u00a0vysk\u00fa\u0161ajte v\u00fdnimo\u010dn\u00e9 cyklistick\u00e9 okruhy nielen v\u00a0okol\u00ed Terchovej, ale aj Bystrick\u00fa cyklomagistr\u00e1lu alebo trasu okolo Vodn\u00e9ho diela \u017dilina!<\/p>\n<p style=\"text-align: center;\">\n<p>Viac inform\u00e1ci\u00ed o\u00a0priebehu podujatia n\u00e1jdete spolu s\u00a0fotogal\u00e9riou na\u00a0<a href=\"http:\/\/www.regionmalafatra.sk\/\">www.regionmalafatra.sk<\/a>.<\/p>\n<p>Hlavn\u00fdmi partnermi podujatia boli: Slovensk\u00fd cykloklub, Strider, Pivovar Vysok\u00fd Chlumec a\u00a0BikePoint.sk, medi\u00e1lnymi partnermi boli: R\u00e1dio Sever, TV Severka a\u00a0\u010dasopis FIT \u0160t\u00fdl.<\/p>\n","protected":false},"excerpt":{"rendered":"<p>Oblastn\u00e1 organiz\u00e1cia cestovn\u00e9ho ruchu Mal\u00e1 Fatra (OOCR) symbolicky otvorila po\u010das v\u00edkendu\u00a0cyklotrasy v\u00a0regi\u00f3ne Mal\u00e1 Fatra. Podujatie a\u00a0jeho sprievodn\u00e9 akcie boli nielen propag\u00e1ciou cykloturistiky v\u00a0regi\u00f3ne, ale najm\u00e4 pozv\u00e1nkou na na\u010derpanie nov\u00fdch s\u00edl po\u010das akt\u00edvnej letnej dovolenky v\u00a0lone pr\u00edrody J\u00e1no\u0161\u00edkovho kraja. Pr\u00edprava na \u0161tart Na ceste Podujatie malo za cie\u013e propagova\u0165 cyklotrasy, ktor\u00e9 predstavuj\u00fa pre priaznivcov cykloturistiky t\u00fa [&hellip;]<\/p>\n","protected":false},"author":7,"featured_media":59611,"comment_status":"closed","ping_status":"closed","sticky":false,"template":"","format":"standard","meta":{"footnotes":""},"categories":[13,52],"tags":[],"class_list":["post-59610","post","type-post","status-publish","format-standard","has-post-thumbnail","hentry","category-real-estate","category-outdoor","eq-blocks"],"_links":{"self":[{"href":"https:\/\/www.slovaklinesmagazin.sk\/cms\/wp-json\/wp\/v2\/posts\/59610","targetHints":{"allow":["GET"]}}],"collection":[{"href":"https:\/\/www.slovaklinesmagazin.sk\/cms\/wp-json\/wp\/v2\/posts"}],"about":[{"href":"https:\/\/www.slovaklinesmagazin.sk\/cms\/wp-json\/wp\/v2\/types\/post"}],"author":[{"embeddable":true,"href":"https:\/\/www.slovaklinesmagazin.sk\/cms\/wp-json\/wp\/v2\/users\/7"}],"replies":[{"embeddable":true,"href":"https:\/\/www.slovaklinesmagazin.sk\/cms\/wp-json\/wp\/v2\/comments?post=59610"}],"version-history":[{"count":1,"href":"https:\/\/www.slovaklinesmagazin.sk\/cms\/wp-json\/wp\/v2\/posts\/59610\/revisions"}],"predecessor-version":[{"id":59618,"href":"https:\/\/www.slovaklinesmagazin.sk\/cms\/wp-json\/wp\/v2\/posts\/59610\/revisions\/59618"}],"wp:featuredmedia":[{"embeddable":true,"href":"https:\/\/www.slovaklinesmagazin.sk\/cms\/wp-json\/wp\/v2\/media\/59611"}],"wp:attachment":[{"href":"https:\/\/www.slovaklinesmagazin.sk\/cms\/wp-json\/wp\/v2\/media?parent=59610"}],"wp:term":[{"taxonomy":"category","embeddable":true,"href":"https:\/\/www.slovaklinesmagazin.sk\/cms\/wp-json\/wp\/v2\/categories?post=59610"},{"taxonomy":"post_tag","embeddable":true,"href":"https:\/\/www.slovaklinesmagazin.sk\/cms\/wp-json\/wp\/v2\/tags?post=59610"}],"curies":[{"name":"wp","href":"https:\/\/api.w.org\/{rel}","templated":true}]}}