{"id":59638,"date":"2014-06-25T08:19:12","date_gmt":"2014-06-25T06:19:12","guid":{"rendered":"http:\/\/slovaklinesmagazin.sk\/cms\/?p=59638"},"modified":"2014-06-25T08:19:12","modified_gmt":"2014-06-25T06:19:12","slug":"kazda-zena-se-muze-stat-krasnou-i-diky-orlickym-horam","status":"publish","type":"post","link":"https:\/\/www.slovaklinesmagazin.sk\/cms\/2014\/06\/kazda-zena-se-muze-stat-krasnou-i-diky-orlickym-horam\/","title":{"rendered":"Ka\u017ed\u00e1 \u017eena se m\u016f\u017ee st\u00e1t kr\u00e1snou, i d\u00edky Orlick\u00fdm hor\u00e1m!"},"content":{"rendered":"<p>Kr\u00e1sn\u00e1 d\u00edky Orlick\u00fdm hor\u00e1m \u2022 Sv\u011btov\u00e1 vambereck\u00e1 krajka \u2013 origin\u00e1ln\u00ed m\u00f3da Orlick\u00fdch hor \u2022\u00a0\u017divotn\u00ed p\u0159\u00edb\u011bhy a osobnosti \u2022 Kam s\u00a0d\u011btmi a rodinou \u2022 Gastronomie\u00a0\u2022\u00a0H\u00fd\u010dk\u00e1n\u00ed t\u011bla i du\u0161e \u2022 Karta hosta<\/p>\n<p>&nbsp;<\/p>\n<p><strong>Nedot\u010den\u00e9 Orlick\u00e9 hory a Podorlicko jsou elix\u00edrem kr\u00e1sy a zdrav\u00ed. Vypravte se za nimi a nechte se inspirovat origin\u00e1ln\u00ed m\u00f3dou Orlick\u00fdch hor nebo siln\u00fdmi \u017eivotn\u00edmi p\u0159\u00edb\u011bhy dam zdej\u0161\u00edch \u0161lechtick\u00fdch rod\u016f a v\u00fdznamn\u00fdch osobnost\u00ed. Vezm\u011bte s\u00a0sebou d\u011bti, mu\u017ee, zkr\u00e1tka celou rodinu. Vyzkou\u0161ejte nest\u00e1rnouc\u00ed recepty prost\u00fdch i sv\u00e1te\u010dn\u00edch pokrm\u016f pan\u00ed Dobromily a ochutnejte je u n\u00e1s. <\/strong><\/p>\n<p>&nbsp;<\/p>\n<p><strong>Sv\u011btov\u00e1 vambereck\u00e1 krajka \u2013 origin\u00e1ln\u00ed m\u00f3da z\u00a0Orlick\u00fdch hor<\/strong><\/p>\n<p>Hled\u00e1te-li opravdu v\u00fdjime\u010dn\u00fd outfit, s\u00e1hn\u011bte po vambereck\u00e9 krajce nebo alespo\u0148 \u0161perku z\u00a0n\u00ed vyroben\u00e9m. Mo\u017en\u00e1 za\u017eijete pocity \u010desk\u00e9 Miss world 2006 Ta\u0165\u00e1ny Kucha\u0159ov\u00e9, kter\u00e1 tr\u00e1vila sv\u00e9 d\u011btstv\u00ed pod Orlick\u00fdmi horami v\u00a0Opo\u010dn\u011b, a kter\u00e1 reprezentovala \u010ceskou republiku a vambereckou krajku v\u00a0ohniv\u011b oran\u017eov\u00fdch \u0161atech na Expo v\u00a0\u0160anghaji v\u00a0roce 2010. Shl\u00e9dn\u011bte expozice v\u00a0nov\u011b otev\u0159en\u00e9m zrekonstruovan\u00e9m Muzeu krajky ve Vamberku, kde V\u00e1s ohrom\u00ed sv\u011btov\u00fd unik\u00e1t, ob\u0159\u00ed krajkovan\u00fd z\u00e1v\u011bs \u201eVambereck\u00e1 duha\u201c o 14 barv\u00e1ch, kter\u00fd je zanesen i Guinessov\u011b knize rekord\u016f a je poctou t\u00e9to ji\u017e 400let\u00e9 tradici. <em>\u201eVelk\u00fd ohlas m\u00e1 jak kolekce modelov\u00fdch \u0161at\u016f od pouzdrov\u00fdch, p\u0159es dlouh\u00e9 r\u00f3by a\u017e po svatebn\u00ed \u0161aty, tak luxusn\u00ed \u0161perky, kter\u00e9 jsou st\u00e1le obl\u00edben\u011bj\u0161\u00ed a n\u00e1padit\u011b spojuj\u00ed um\u011blecky zpracovan\u00fd kov s\u00a0k\u0159ehkou krajkou. V\u00a0na\u0161\u00ed prodejn\u00ed galerii p\u0159\u00edmo v\u00a0are\u00e1lu na\u0161\u00ed firmy Vambereck\u00e1 krajka s.r.o. m\u016f\u017eete vyb\u00edrat ze\u00a0\u0161irok\u00e9 \u0161k\u00e1ly v\u00fdrobk\u016f z\u00a0krajky, od \u0161perk\u016f a m\u00f3dnich dopl\u0148k\u016f po bytov\u00fd textil a obrazy. \u0160aty \u0161ijeme s\u00a0ohledem na n\u00e1ro\u010dnost a originalitu pouze na m\u00edru na zak\u00e1zku. Velk\u00e9 oblib\u011b se tak\u00e9 t\u011b\u0161\u00ed na\u0161e v\u00fdtvarn\u00e9 kurzy, p\u0159i kter\u00fdch se m\u016f\u017eete nau\u010dit pali\u010dkovat i vy\u201c<\/em>, \u0159\u00edk\u00e1 pan\u00ed \u0160t\u011bp\u00e1nkov\u00e1, \u0159editelka firmy.<\/p>\n<p><img decoding=\"async\" class=\"aligncenter\" src=\"http:\/\/slovaklinesmagazin.sk\/cms\/wp-content\/uploads\/2014\/06\/Orlicko_1.jpg\" alt=\"Orlicko_1\" \/><\/p>\n<p>\u201eO v\u00edkendu 27. &#8211; 29. \u010dervna se ve Vamberku kon\u00e1 ji\u017e 8. ro\u010dn\u00edk Krajk\u00e1\u0159sk\u00fdch slavnost\u00ed s\u00a0bohat\u00fdm doprovodn\u00fdm programem\u201c, zve n\u00e1v\u0161t\u011bvn\u00edky Martina Rejzlov\u00e1 z\u00a0nov\u011b rekonstruovan\u00e9ho Muzea krajky, jej\u00ed\u017e maminka Jana \u0160tefkov\u00e1 je zdej\u0161\u00ed zn\u00e1mou krajk\u00e1\u0159kou. Muzeum se otev\u0159elo po rozs\u00e1hl\u00e9 rekonstrukci letos v\u00a0kv\u011btnu a nav\u0161t\u00edvit zde m\u016f\u017eete jedine\u010dnou expozic\u00ed s v\u00fdvojem \u010desk\u00e9 krajky a\u017e do sou\u010dasnosti, sou\u010d\u00e1st\u00ed expozice je mimo jin\u00e9 tak\u00e9 interaktivn\u00ed d\u00edlna, kde se m\u016f\u017eete sezn\u00e1mit se z\u00e1klady pali\u010dkov\u00e1n\u00ed.<\/p>\n<p><a href=\"http:\/\/www.moh.cz\/\"><em>www.moh.cz<\/em><\/a><em>, <\/em><a href=\"http:\/\/www.vkrajka.cz\/\"><em>www.vkrajka.cz<\/em><\/a><\/p>\n<p>&nbsp;<\/p>\n<p><strong>Jako z\u00e1meck\u00e1 pan\u00ed<\/strong><\/p>\n<p>Jako z\u00e1meck\u00e1 pan\u00ed se skute\u010dn\u011b m\u016f\u017ee c\u00edtit ka\u017ed\u00e1 \u017eena p\u0159i n\u00e1v\u0161t\u011bv\u011b z\u00e1mk\u016f na Divok\u00e9 Orlici. Na <strong>z\u00e1mku v\u00a0Pot\u0161tejn\u011b<\/strong> je mo\u017en\u00e9 se dokonce ubytovat. N\u00e1v\u0161t\u011bvn\u00edci se zde pravideln\u011b vrac\u00ed do doby baroka a p\u0159i v\u00fdjime\u010dn\u00fdch hran\u00fdch prohl\u00eddk\u00e1ch a p\u0159edstaven\u00edch ochutn\u00e1vaj\u00ed marniv\u00fd \u017eivot z\u00e1meck\u00e9 \u0161lechty. <em>\u201eZa leto\u0161n\u00ed vrchol pova\u017eujeme \u010dervnov\u00e9 zah\u00e1jen\u00e9 sez\u00f3ny no\u010dn\u00edm p\u0159edstaven\u00edm pro dosp\u011bl\u00e9 ze\u00a0\u017eivota kr\u00e1le Francie Ludv\u00edka XIV. a jeho milenky Madame Pompadour s\u00a0dobov\u00fdmi pochutinami, operou a barokn\u00edm rautem. Na l\u00e9to p\u0159ipravujeme dal\u0161\u00ed novinky, a to v\u00a0\u010dervenci Promen\u00e1du v\u00a0klobouc\u00edch se sout\u011b\u017e\u00ed o nejorigin\u00e1ln\u011bj\u0161\u00ed pokr\u00fdvku hlavy, v\u00a0srpnu pak Loutkohr\u00e1tky a koncert mlad\u00fdch houslov\u00fdch virtuos\u016f. Konec pr\u00e1zdnin zavr\u0161\u00edme Hradoz\u00e1meckou noc\u00ed s\u00a0origin\u00e1ln\u00ed no\u010dn\u00ed prohl\u00eddkou, jedinou sv\u00e9ho druhu v\u00a0\u010cesku. Na cestu dostanete pravou pochoutku v\u0161ech h\u0159\u00ed\u0161n\u00fdch duch\u016f, pot\u0161tejnskou medovinu a shl\u00e9dnete hran\u00fd d\u011bj v\u00a0komnat\u00e1ch i exteri\u00e9rech s\u00a022 herci\u201c<\/em>, \u0159\u00edk\u00e1 dcera majitel\u016f Kate\u0159ina Skalick\u00e1, kter\u00e1 je sama aktivn\u00ed \u00fa\u010dinkuj\u00edc\u00ed a dod\u00e1v\u00e1:<em> \u201eZ\u00e1mek Pot\u0161tejn miluj\u00ed nejv\u00edc d\u011bti. Nejv\u011bt\u0161\u00ed ohlas maj\u00ed nov\u00e9 hran\u00e9 prohl\u00eddky pro rodiny s\u00a0d\u011btmi, kter\u00e9 vyu\u017e\u00edvaj\u00ed s\u00a0nad\u0161en\u00edm i mate\u0159sk\u00e9 a z\u00e1kladn\u00ed \u0161koly. <\/em><\/p>\n<p style=\"text-align: center;\"><img decoding=\"async\" class=\"aligncenter\" src=\"http:\/\/slovaklinesmagazin.sk\/cms\/wp-content\/uploads\/2014\/06\/Orlicko_2.jpg\" alt=\"Orlicko_2\" \/><\/p>\n<p><em>V\u017edycky m\u011b obrovsky pot\u011b\u0161\u00ed, kdy\u017e se d\u011bti zapoj\u00ed a vid\u00edm na nich, \u017ee je to opravdu zaj\u00edm\u00e1, kdy doslova s\u00a0otev\u0159enou pusou koukaj\u00ed a poslouchaj\u00ed. V\u00a0r\u00e1mci prohl\u00eddky d\u011bti vedeme ke galantnosti, aby se hol\u010di\u010dky chovaly jako hrab\u011bnky a kluci jako \u0161lechetn\u00ed p\u00e1nov\u00e9, kte\u0159\u00ed d\u00e1vaj\u00ed d\u00e1m\u00e1m p\u0159ednost \u2026 Ji\u017e v\u00a0polovin\u011b prohl\u00eddky se tak zprvu rozj\u00edven\u00e9 d\u011bti prom\u011bn\u00ed a po prohl\u00eddce odch\u00e1z\u00ed ze z\u00e1mku zcela jin\u00e9 d\u011bti.\u201c <\/em>Sladkou te\u010dkou pro v\u0161echny jsou pak vlastnoru\u010dn\u011b d\u011blan\u00e9 dobroty sle\u010dny Evel\u00edny ze\u00a0z\u00e1meck\u00e9 cukr\u00e1rny. Vypravit se tak\u00e9 m\u016f\u017eete na kr\u00e1snou proch\u00e1zku pod\u00e9l Divok\u00e9 Orlice na westernov\u00e9 t\u00e1bo\u0159i\u0161t\u011b Vocht\u00e1nka se spoustou grilovan\u00fdch dobrot nebo na z\u0159\u00edceninu hradu Pot\u0161tejn s\u00a0p\u0159ekr\u00e1snou vyhl\u00eddkou do okol\u00ed.<\/p>\n<p><a href=\"http:\/\/www.zamekpotstejn.cz\/\"><em>www.zamekpotstejn.cz<\/em><\/a><\/p>\n<p>&nbsp;<\/p>\n<p><strong>Z\u00e1mek \u010castolovice<\/strong> si tak\u00e9 obl\u00edbily d\u011bti, proto\u017ee tam je opravdov\u00fd zv\u011b\u0159inec jak m\u00e1 b\u00fdt. Najdete tu exotick\u00e1 zv\u00ed\u0159ata od p\u0161tros\u016f, lam a p\u00e1v\u016f po dom\u00e1c\u00ed kozy a kr\u00e1l\u00ed\u010dky, se kter\u00fdmi se m\u016f\u017eete i pomazlit.\u00a0 Obl\u00edben\u00e9 jsou tak\u00e9 vych\u00e1zky rozlehl\u00fdm z\u00e1meck\u00fdm parkem se spoustou cest, se z\u00e1meck\u00fdm jez\u00edrkem, kolem kter\u00e9ho poleh\u00e1vaj\u00ed ji\u017e zcela zkrotl\u00e9 ka\u010denky, ale tak\u00e9 rozlehl\u00e1 obora s\u00a0da\u0148ky a p\u0159\u00edrodn\u00ed h\u0159i\u0161t\u011b pro d\u011bti. Unik\u00e1tn\u00ed je roz\u00e1rium s\u00a0nespo\u010detn\u00fdm mno\u017estv\u00edm i velice vz\u00e1cn\u00fdch a starom\u00f3dn\u00edch r\u016f\u017e\u00ed, dovezen\u00e9 a\u017e z\u00a0Anglie. Nejen o z\u00e1hony pln\u00e9 von\u00edc\u00edch kv\u011btin s\u00a0l\u00e1skou pe\u010duje sama pan\u00ed hrab\u011bnka, skromn\u00e1 a charismatick\u00e1 d\u00e1ma Franciska Diana Phipps Sternbergov\u00e1 tak, aby se zde n\u00e1v\u0161t\u011bvn\u00edci c\u00edtili dob\u0159e. P\u0159i prohl\u00eddce z\u00e1meck\u00fdch interi\u00e9r\u016f na v\u00e1\u0161 d\u00fdchne vl\u00eddnost, \u00fatulnost, vyt\u0159\u00edben\u00fd vkus a smysl pro detail z\u00e1meck\u00e9 pan\u00ed. Energii dopln\u00edte v\u00a0cukr\u00e1rn\u011b na z\u00e1meck\u00e9m n\u00e1dvo\u0159\u00ed, kde se krom\u011b p\u0159\u00edjemn\u00e9 v\u00e1\u017en\u00e9 hudby m\u016f\u017eete pot\u011b\u0161it pohledem kr\u00e1sn\u011b zbarven\u00e9 rybky v z\u00e1meck\u00e9\u00a0ka\u0161n\u011b nebo exotick\u00e9 pt\u00e1ky ve voli\u00e9r\u00e1ch. \u201eZ pl\u00e1novan\u00fdch letn\u00edch akc\u00ed si ur\u010dit\u011b nenechte uj\u00edt no\u010dn\u00ed prohl\u00eddky z\u00e1mku v\u00a0r\u00e1mci srpnov\u00e9 akce Hradoz\u00e1meck\u00e1 noc, a v\u00a0z\u00e1\u0159\u00ed pak nap\u0159\u00edklad v\u00fdstavu saharsk\u00fdch chrt\u016f\u201c, l\u00e1k\u00e1 k\u00a0n\u00e1v\u0161t\u011bv\u011b spr\u00e1vce z\u00e1mku pan Zden\u011bk Bachman.<\/p>\n<p><a href=\"http:\/\/www.zamek-castolovice.cz\/\">www.zamek-castolovice.cz<\/a><\/p>\n<p>&nbsp;<\/p>\n<p>Na <strong>Nov\u00e9m z\u00e1mku v\u00a0Kostelci nad Orlic\u00ed<\/strong> na V\u00e1s d\u00fdchne hou\u017eevnatost a tradice rodu Kinsk\u00fdch a p\u0159edev\u0161\u00edm pak inteligentn\u00ed kultura, vyb\u00edran\u00e1 samotn\u00fdm hrab\u011btem panem Franti\u0161kem Kinsk\u00fdm. Osobn\u011b prov\u00e1d\u00ed n\u011bkter\u00e9 prohl\u00eddky nov\u011b rekonstruovan\u00e9ho z\u00e1mku a p\u0159itom poutav\u011b vypr\u00e1v\u00ed p\u0159\u00edb\u011bhy rodu Kinsk\u00fdch. A \u017ee je o \u010dem! Jeho matka, pan\u00ed Bernadetta Kinsk\u00e1 je mimo jin\u00e9 zakladatelkou chovu drsnosrst\u00e9ho jezev\u010d\u00edka a vlkodav\u016f, a ve sv\u00e9m pokro\u010dil\u00e9m v\u011bku st\u00e1le \u0159\u00edd\u00ed spolu se sv\u00fdm vnukem Kristi\u00e1nem chod Toniovy kav\u00e1rny a dohl\u00ed\u017e\u00ed na kvalitu pod\u00e1van\u00fdch j\u00eddel dle rodinn\u00fdch recept\u016f. Na z\u00e1mku v\u00a0Kostelci n.O. pob\u00fdvala nepr\u00e1vem opom\u00edjen\u00e1 pan\u00ed \u017dofie Chotkov\u00e1, kter\u00e1 zahynula se sv\u00fdm chot\u011bm Franti\u0161kem Ferdinandem d\u00b4Este p\u0159i atent\u00e1tu v\u00a0Sarajevu. Dal\u0161\u00ed z dam tohoto rodu je tak\u00e9 Marie Kinsk\u00e1, jako\u017eto prababi\u010dka v\u00fdznamn\u00e9ho \u010desk\u00e9ho politika Karla Schwarzenberga. Nov\u00fd z\u00e1mek s\u00a0rozs\u00e1hl\u00fdm parkem je o\u00e1za klidu, kde je p\u0159\u00edjemn\u00e9 prost\u011b jen spo\u010dinout a vychutnat si vyt\u0159\u00edbenou kulturu, v\u00fdjime\u010dn\u00e9 v\u00fdstavy a koncerty. V\u00a0\u010dervenci zde nap\u0159\u00edklad vystoup\u00ed Lenka Filipov\u00e1 Concertino 2014 s\u00a0hosty, v\u00a0srpnu pak Lenka Dusilov\u00e1 a Baromantika.<\/p>\n<p style=\"text-align: center;\"><img decoding=\"async\" class=\"aligncenter\" src=\"http:\/\/slovaklinesmagazin.sk\/cms\/wp-content\/uploads\/2014\/06\/Orlicko_3.jpg\" alt=\"Orlicko_3\" \/><\/p>\n<p><em>\u201eCo bychom si po\u010dali bez \u017een a d\u011bt\u00ed. N\u00e1\u0161 z\u00e1mek je od leto\u0161n\u00edho roku certifikov\u00e1n \u201ebaby friendly\u201c a nov\u011b jsme otev\u0159eli tak\u00e9 p\u0159\u00edrodn\u00ed d\u011btsk\u00e9 h\u0159i\u0161t\u011b, v\u011b\u0159\u00edm \u017ee v\u0161ichni ocen\u00ed\u00a0 ide\u00e1ln\u00ed\u00a0dohled z\u00a0terasy kav\u00e1rny.\u00a0 D\u00e1my tak\u00e9 obdivuj\u00ed osobit\u00e9 modely n\u00e1vrh\u00e1\u0159ky Jarmily Vondr\u00e1\u010dkov\u00e9, jej\u00ed\u017e \u0161aty se na \u010das staly sou\u010d\u00e1st\u00ed expozice interi\u00e9r\u016f na\u0161eho z\u00e1mku. Letos je z\u00e1mek p\u0159ipraven nav\u00edc i pro cyklisty, nov\u011b m\u00e1me certifikaci \u201eCyklist\u00e9 v\u00edt\u00e1n\u00ed\u201c a k\u00a0z\u00e1mku cyklisty nav\u00e1d\u00ed tak\u00e9 sm\u011brovka z cyklostezky T\u0159ebechovice \u2013 Doudleby n.O., kter\u00e1 vede okrajem z\u00e1meck\u00e9ho parku\u201c, dod\u00e1v\u00e1 Franti\u0161ek Kinsk\u00fd.<\/em><\/p>\n<p><a href=\"http:\/\/www.zamekkostelecno.cz\/\">www.zamekkostelecno.cz<\/a><\/p>\n<p>&nbsp;<\/p>\n<p><strong>Barokn\u00ed perla Podorlicka<\/strong><\/p>\n<p>Chcete-li alespo\u0148 symbolicky vystoupat k\u00a0nebes\u016fm, vydejte se <strong>svat\u00fdmi schody na poutn\u00ed m\u00edsto Homole <\/strong>s\u00a0barokn\u00edm kostelem Panny Marie Bolestn\u00e9, kter\u00e9 zbudovala hrab\u011bnka Terezie Eleonora z\u00a0Ugarte a otev\u0159ela zde tak\u00e9 prvn\u00ed \u010deskou \u0161kolu v kraji. Po\u010det schod\u016f 153 nen\u00ed n\u00e1hodn\u00fd. Poutn\u00edk, kter\u00fd se na ka\u017ed\u00e9m schod\u011b pomodl\u00ed ot\u010den\u00e1\u0161 a zdr\u00e1vas se tak na posledn\u00edm schod\u011b pomodl\u00ed cel\u00fd r\u016f\u017eenec. Odm\u011bnou se pak v\u0161em otev\u0159ou kr\u00e1sn\u00e9 pohledy do kraje. Legenda \u0159\u00edk\u00e1, \u017ee p\u016fvodn\u011b m\u011bl st\u00e1t kostel na sousedn\u00edm, asi 1 km vzd\u00e1len\u00e9m vrchu zvan\u00e9m Chlum. To se ale nel\u00edbilo Bohu, proto poru\u010dil and\u011bl\u016fm, aby v noci p\u0159est\u011bhovali z\u00e1klady stavby na nedalekou Homol. T\u00e9to legend\u011b odpov\u00eddala tak\u00e9 p\u016fvodn\u00ed barokn\u00ed v\u00fdzdoba schodi\u0161t\u011b.<\/p>\n<p><a href=\"http:\/\/www.homolskeschody.cz\/\">http:\/\/www.homolskeschody.cz\/<\/a><\/p>\n<p>&nbsp;<\/p>\n<p><strong>\u00a0<\/strong><\/p>\n<p><strong>Nest\u00e1rnouc\u00ed recepty Magdaleny Dobromily Rettigov\u00e9 <\/strong><\/p>\n<p>V\u00fdjime\u010dn\u00e1 \u017eena, spisovatelka a n\u00e1rodn\u00ed buditelka Magdalena Dobromila Rettigov\u00e1 je spojov\u00e1na s\u00a0Rychnovem nad Kn\u011b\u017enou, kde prostory sou\u010dasn\u00e9ho muzea hra\u010dek ob\u00fdvala jej\u00ed rodina. M.D.Rettigov\u00e1 je v\u0161ak hlavn\u011b autorkou nep\u0159ekonateln\u00e9 Dom\u00e1c\u00ed kucha\u0159ky s\u00a0v\u00edce ne\u017e 700 recepty prost\u00fdch i slavnostn\u00edch j\u00eddel.\u00a0 Na tuto tradici doslova kucha\u0159sk\u00e9ho um\u011bn\u00ed nav\u00e1zal rychnovsk\u00fd Hotel Havel, kter\u00fd nab\u00edz\u00ed origin\u00e1ln\u00ed j\u00eddla podle staro\u010desk\u00fdch receptur pan\u00ed Dobromily. V luxusn\u00edch interierech hotelu v\u00e1s tak \u010dek\u00e1 skute\u010dn\u00fd gurm\u00e1nsk\u00fd z\u00e1\u017eitek. Vrcholem je pak tradi\u010dn\u00ed gastrofestival T\u00fdden pan\u00ed Dobromily, kde m\u00e1te mo\u017enost okusit \u0161irok\u00e9 spektrum pokrm\u016f, kter\u00e9 jste v\u00a0mnoha p\u0159\u00edpadech je\u0161t\u011b nikdy neochutnali. Stovky recept\u016f pan\u00ed Dobromily naleznete na <a href=\"http:\/\/www.recepty-rettigova.cz\/\">www.recepty-rettigova.cz<\/a><\/p>\n<p><a href=\"http:\/\/www.hotelhavel.eu\/\">www.hotelhavel.eu<\/a><\/p>\n<p>&nbsp;<\/p>\n<p>&nbsp;<\/p>\n<p>Karta hosta<\/p>\n<p>Karta hosta Orlick\u00fdch hor m\u00e1 za sebou prvn\u00ed narozeniny a m\u016f\u017ee v\u00e1s p\u0159\u00edjemn\u011b p\u0159ekvapit svoj\u00ed v\u00fdhodnou nab\u00eddkou. Nap\u0159\u00edklad o hlavn\u00edch letn\u00edch pr\u00e1zdnin\u00e1ch budou moci n\u00e1v\u0161t\u011bvn\u00edci vyu\u017e\u00edt speci\u00e1ln\u00ed slevy ji\u017e na v\u0161ech t\u0159ech lanovk\u00e1ch Orlick\u00fdch hor \u2013 V\u00a0De\u0161tn\u00e9m, \u0158\u00ed\u010dk\u00e1ch i na Bukov\u00e9 ho\u0159e. Krom\u011b toho se p\u0159ipoj\u00ed i n\u011bkter\u00e1 zaj\u00edmav\u00e1 muzea jako jsou Hani\u010dka \u010di Muzeum Orlick\u00fdch hor v\u00a0Rokytnici. Kartu z\u00edsk\u00e1te v\u00a0informa\u010dn\u00edch centrech a \u0159ad\u011b dal\u0161\u00edch m\u00edst.<\/p>\n<p><a href=\"http:\/\/www.orlickakarta.cz\/\">www.orlickakarta.cz<\/a><\/p>\n<p>&nbsp;<\/p>\n","protected":false},"excerpt":{"rendered":"<p>Kr\u00e1sn\u00e1 d\u00edky Orlick\u00fdm hor\u00e1m \u2022 Sv\u011btov\u00e1 vambereck\u00e1 krajka \u2013 origin\u00e1ln\u00ed m\u00f3da Orlick\u00fdch hor \u2022\u00a0\u017divotn\u00ed p\u0159\u00edb\u011bhy a osobnosti \u2022 Kam s\u00a0d\u011btmi a rodinou \u2022 Gastronomie\u00a0\u2022\u00a0H\u00fd\u010dk\u00e1n\u00ed t\u011bla i du\u0161e \u2022 Karta hosta &nbsp; Nedot\u010den\u00e9 Orlick\u00e9 hory a Podorlicko jsou elix\u00edrem kr\u00e1sy a zdrav\u00ed. Vypravte se za nimi a nechte se inspirovat origin\u00e1ln\u00ed m\u00f3dou Orlick\u00fdch hor nebo siln\u00fdmi [&hellip;]<\/p>\n","protected":false},"author":7,"featured_media":59177,"comment_status":"closed","ping_status":"closed","sticky":false,"template":"","format":"standard","meta":{"footnotes":""},"categories":[13,45],"tags":[],"class_list":["post-59638","post","type-post","status-publish","format-standard","has-post-thumbnail","hentry","category-real-estate","category-nas-tip","eq-blocks"],"_links":{"self":[{"href":"https:\/\/www.slovaklinesmagazin.sk\/cms\/wp-json\/wp\/v2\/posts\/59638","targetHints":{"allow":["GET"]}}],"collection":[{"href":"https:\/\/www.slovaklinesmagazin.sk\/cms\/wp-json\/wp\/v2\/posts"}],"about":[{"href":"https:\/\/www.slovaklinesmagazin.sk\/cms\/wp-json\/wp\/v2\/types\/post"}],"author":[{"embeddable":true,"href":"https:\/\/www.slovaklinesmagazin.sk\/cms\/wp-json\/wp\/v2\/users\/7"}],"replies":[{"embeddable":true,"href":"https:\/\/www.slovaklinesmagazin.sk\/cms\/wp-json\/wp\/v2\/comments?post=59638"}],"version-history":[{"count":1,"href":"https:\/\/www.slovaklinesmagazin.sk\/cms\/wp-json\/wp\/v2\/posts\/59638\/revisions"}],"predecessor-version":[{"id":59642,"href":"https:\/\/www.slovaklinesmagazin.sk\/cms\/wp-json\/wp\/v2\/posts\/59638\/revisions\/59642"}],"wp:featuredmedia":[{"embeddable":true,"href":"https:\/\/www.slovaklinesmagazin.sk\/cms\/wp-json\/wp\/v2\/media\/59177"}],"wp:attachment":[{"href":"https:\/\/www.slovaklinesmagazin.sk\/cms\/wp-json\/wp\/v2\/media?parent=59638"}],"wp:term":[{"taxonomy":"category","embeddable":true,"href":"https:\/\/www.slovaklinesmagazin.sk\/cms\/wp-json\/wp\/v2\/categories?post=59638"},{"taxonomy":"post_tag","embeddable":true,"href":"https:\/\/www.slovaklinesmagazin.sk\/cms\/wp-json\/wp\/v2\/tags?post=59638"}],"curies":[{"name":"wp","href":"https:\/\/api.w.org\/{rel}","templated":true}]}}