{"id":59765,"date":"2014-07-21T13:23:24","date_gmt":"2014-07-21T11:23:24","guid":{"rendered":"http:\/\/slovaklinesmagazin.sk\/cms\/?p=59765"},"modified":"2014-07-21T13:23:24","modified_gmt":"2014-07-21T11:23:24","slug":"imidz-slovenska-v-rakusku-je-uz-uplne-iny","status":"publish","type":"post","link":"https:\/\/www.slovaklinesmagazin.sk\/cms\/2014\/07\/imidz-slovenska-v-rakusku-je-uz-uplne-iny\/","title":{"rendered":"Imid\u017e Slovenska v Rak\u00fasku je u\u017e \u00faplne in\u00fd"},"content":{"rendered":"<p>Rak\u00fa\u0161ania si v\u00e1\u017eia, \u017ee vieme otvori\u0165 aj bolestivej\u0161ie t\u00e9my na\u0161ej minulosti a\u00a0vn\u00edmaj\u00fa n\u00e1s \u00faplne inak, ne\u017e pred desiatimi rokmi, tvrd\u00ed Alena Heribanov\u00e1, \u0161\u00e9fka Slovensk\u00e9ho in\u0161tit\u00fatu vo Viedni.<\/p>\n<p>Ob\u013e\u00faben\u00e1 moder\u00e1torka Alena Heribanov\u00e1 pred vy\u0161e rokom od\u0161tartovala nov\u00fd kari\u00e9rny \u017eivot, zmenila bratislavsk\u00fa adresu za rak\u00fasku a stala sa riadite\u013ekou Slovensk\u00e9ho in\u0161tit\u00fatu vo Viedni. Ako sa jej v pr\u00e1ci dar\u00ed? A ako sa in\u0161tit\u00fat, prezentuj\u00faci Slovensko a\u00a0slovensk\u00fa kult\u00faru na\u0161im rak\u00faskym susedom, zmenil pod jej veden\u00edm? S t\u00fdmito ot\u00e1zkami na per\u00e1ch sme ju nav\u0161t\u00edvili v in\u0161tit\u00fate, ktor\u00fd u\u017e dvadsa\u0165 rokov s\u00eddli na ulici Wipplingerstrasse v samom srdci Viedne.<\/p>\n<p>&nbsp;<\/p>\n<p><strong>Slovensk<\/strong><strong>\u00fd\u00a0<\/strong><strong>in<\/strong><strong>\u0161<\/strong><strong>tit<\/strong><strong>\u00fa<\/strong><strong>t. <\/strong><strong>\u010c<\/strong><strong>o si m<\/strong><strong>\u00e1\u00a0<\/strong><strong>be<\/strong><strong>\u017e<\/strong><strong>n<\/strong><strong>\u00fd\u00a0<\/strong><strong>Slov<\/strong><strong>\u00e1<\/strong><strong>k pod t<\/strong><strong>\u00fd<\/strong><strong>mito dvoma slov<\/strong><strong>\u00ed\u010d<\/strong><strong>kami predstavi<\/strong><strong>\u0165<\/strong><strong>? <\/strong><strong>\u010c<\/strong><strong>o je jeho cie<\/strong><strong>\u013e<\/strong><strong>om a <\/strong><strong>\u00fa<\/strong><strong>lohou?<\/strong><\/p>\n<p>Slovensk\u00fdin\u0161tit\u00fat prezentuje slovensk\u00fakult\u00faru, pr\u00edrodu, regi\u00f3ny a v\u0161etko, \u010do sa t\u00fdka na\u0161ej krajiny a jej kult\u00farneho \u017eivota. Jeho hlavnou n\u00e1pl\u0148ou je pribl\u00ed\u017ei\u0165Rak\u00fa\u0161anom Slovensko. V r\u00e1mci svojej dvadsa\u0165ro\u010dnej existencie spo\u010diatku prezentoval tvorbu slovensk\u00fdch umelcov, po ktor\u00fdch boli hladn\u00ed slovensk\u00ed emigranti v Rak\u00fasku, \u010dakaj\u00faci na otvorenie hran\u00edc a\u00a0mo\u017enos\u0165 kone\u010dne uvidie\u0165 diela slovensk\u00fdch umelcov. Dnes sa t\u00fdmto aktivit\u00e1m viac menej venuj\u00faslovensko-rak\u00faske spolky organizovan\u00e9slovenskou men\u0161inou v Rak\u00fasku. \u00dalohou\u00a0 Slovensk\u00e9ho in\u0161tit\u00fatu je prezentova\u0165slovensk\u00fakult\u00faru rak\u00faskemu publiku. Povedan\u00e9in\u00fdmi slovami, h\u013ead\u00e1me t\u00fanajefekt\u00edvnej\u0161iu cestu, ako oslovi\u0165rak\u00fasku verejnos\u0165. Preto ofici\u00e1lna re\u010dna in\u0161tit\u00fate nie je sloven\u010dina ale nem\u010dina. Neuv\u00e1dzame programy v slovenskom jazyku a\u00a0pozvan\u00edhostia zo Slovenska predn\u00e1\u0161aj\u00faa\u00a0diskutuj\u00fapo nemecky, alebo maj\u00fatlmo\u010dn\u00edka. Komunikujeme nemecky, aby sme oslovili \u010do najviac Rak\u00fa\u0161anov a \u010do najlep\u0161ie predstavili to, \u010do je na Slovensku dobr\u00e9. Je to ur\u010dit\u00fdposun v r\u00e1mci v\u00fdvoja Slovensk\u00e9ho in\u0161tit\u00fatu.<\/p>\n<p>&nbsp;<\/p>\n<p><strong>Ak<\/strong><strong>\u00fd<\/strong><strong>mi formami pribli<\/strong><strong>\u017e<\/strong><strong>ujete Rak<\/strong><strong>\u00fa\u0161<\/strong><strong>anom Slovensko? <\/strong><\/p>\n<p>Prostredn\u00edctvom prezent\u00e1cie slovensk\u00e9ho umenia a kult\u00fary: v\u00fdtvarn\u00e9ho umenia, literat\u00fary, hudby, hist\u00f3rie. Organizujeme r\u00f4zne diskusie s popredn\u00fdmi slovensk\u00fdmi osobnos\u0165ami z r\u00f4znych odvetv\u00ed. Na\u0161e aktivity prisp\u00f4sobujeme kalend\u00e1ru v\u00fdro\u010d\u00eda v\u00fdznamn\u00fdch d\u00e1tumov, ktor\u00e9sa via\u017eu k Slovensku. Najm\u00e4\u0165a\u017eiskov\u00e9projekty v\u017edy sp\u00e1jame s v\u00fdro\u010diami. Tento rok je na v\u00fdznamn\u00e9d\u00e1tumy bohat\u00fd: pripom\u00edname si 25. v\u00fdro\u010die Ne\u017enej revol\u00facie \u2013 ktor\u00e1v Rak\u00fasku mohutne rezonuje, aj 10. v\u00fdro\u010die vstupu Slovenska do Eur\u00f3pskej \u00fanie a do NATO a takisto v\u00fdro\u010dia r\u00f4znych historick\u00fdch osobnost\u00ed, ktor\u00e9formovali slovensk\u00e9dejiny. Tento rok n\u00e1s \u010dak\u00e1doposia\u013enajv\u00e4\u010d\u0161\u00edprojekt &#8211; koncert opernej spev\u00e1\u010dky Adriany Ku\u010derovej, ve\u013ek\u00e9ho sto\u010dlenn\u00e9ho orchestra pod veden\u00edm skladate\u013ea a hudobn\u00edka Oskara R\u00f3zsu s n\u00e1zvom Under my spell, ktor\u00fdsa uskuto\u010dn\u00ed14.novembra 2014 pri pr\u00edle\u017eitosti 25. v\u00fdro\u010dia Ne\u017enej revol\u00facie v katedr\u00e1le Stefansdom.<\/p>\n<p>&nbsp;<\/p>\n<p><strong>Vr<\/strong><strong>\u00e1\u0165<\/strong><strong>me sa o rok nasp<\/strong><strong>\u00e4\u0165<\/strong><strong>, kedy ste za<\/strong><strong>\u010d<\/strong><strong>ali p<\/strong><strong>\u00f4<\/strong><strong>sobi<\/strong><strong>\u0165\u00a0<\/strong><strong>na poste riadite<\/strong><strong>\u013e<\/strong><strong>ky Slovensk<\/strong><strong>\u00e9<\/strong><strong>ho in<\/strong><strong>\u0161<\/strong><strong>tit<\/strong><strong>\u00fa<\/strong><strong>tu. Ak<\/strong><strong>\u00e9<\/strong><strong>boli va<\/strong><strong>\u0161<\/strong><strong>e za<\/strong><strong>\u010d<\/strong><strong>iatky?<\/strong><\/p>\n<p>V In\u0161tit\u00fate som od 10. apr\u00edla minul\u00e9ho roka. Predch\u00e1dzali tomu mesiace na MZV a\u00a0EZ SR, kde som sa zozn\u00e1mila s\u00a0podstatou pr\u00e1ce na kult\u00farnych in\u0161tit\u00fatoch v\u00a0zahrani\u010d\u00eda\u00a0z\u00a0toho \u010derp\u00e1m dodnes. Za\u010diatky boli \u0165a\u017ek\u00e9, lebo som tu v\u00f4bec nikoho nepoznala.ale in\u0161tit\u00fat bol dobre rozbehnut\u00fd, kontakty s\u00a0in\u0161tit\u00faciami v\u00a0rak\u00fasku podchyten\u00e9. Napriek tomu som si musela vytvori\u0165sie\u0165\u013eud\u00ed, s ktor\u00fdmi budem spolupracova\u0165. Prv\u00e9t\u00fd\u017ed\u0148e som str\u00e1vila organizovan\u00edm stretnut\u00eda zla\u010fovan\u00edm term\u00ednov s rozli\u010dn\u00fdmi in\u0161tit\u00faciami, s rak\u00faskym ministerstvom kult\u00fary, ministerstvom zahrani\u010dn\u00fdch vec\u00ed, s riadite\u013emi in\u0161tit\u00facii a \u00fasil\u00edm o nadviazanie spolupr\u00e1ce. Lietala som z jedn\u00e9ho stretnutia na druh\u00e9, v\u0161ade nech\u00e1vala vizitky a informovala, \u010do sa chyst\u00e1me robi\u0165, ako to budeme robi\u0165a kde by sme na\u0161li sty\u010dn\u00e9body pre spolupr\u00e1cu. Prinieslo to v\u0161ak svoje ovocie. Dva mesiace od m\u00f4jho pr\u00edchodu na in\u0161tit\u00fat pri\u0161iel otvori\u0165v\u00fdstavu Andreja Rudavsk\u00e9ho a\u00a0panelov\u00fav\u00fdstavu k pr\u00edchodu Cyrila a Metoda ved\u00faci kult\u00fary rak\u00faskeho ministra zahrani\u010dn\u00fdch vec\u00ed, doktor Martin Eichtinger.<\/p>\n<p>&nbsp;<\/p>\n<p><strong>Ako sa spolupracuje s Rak<\/strong><strong>\u00fa\u0161<\/strong><strong>anmi? Maj<\/strong><strong>\u00fa\u00a0<\/strong><strong>trochu in<\/strong><strong>\u00fa\u00a0<\/strong><strong>mentalitu ako my, Slov<\/strong><strong>\u00e1<\/strong><strong>ci. Je o nich zn<\/strong><strong>\u00e1<\/strong><strong>me, <\/strong><strong>\u017e<\/strong><strong>e s<\/strong><strong>\u00fa\u00a0<\/strong><strong>d<\/strong><strong>\u00f4<\/strong><strong>sledn<\/strong><strong>\u00ed\u00a0<\/strong><strong>a pedantn<\/strong><strong>\u00ed<\/strong><strong>. Poci<\/strong><strong>\u0165<\/strong><strong>ujete tieto rozdiely aj v r<\/strong><strong>\u00e1<\/strong><strong>mci spolupr<\/strong><strong>\u00e1<\/strong><strong>ce? <\/strong><\/p>\n<p>Rak\u00fa\u0161ania s\u00fa v tomto oh\u013eade celkom in\u00ed ako Slov\u00e1ci. Ke\u010fich oslov\u00edte a po\u017eiadate o stretnutie za \u00fa\u010delom nadviazania spolupr\u00e1ce, ka\u017ed\u00fdv\u00e1m odpovie do ve\u010dera alebo na druh\u00fdde\u0148. V Rak\u00fasku je rados\u0165spolupracova\u0165, preto\u017ee ke\u010fdostanete n\u00e1pad a sna\u017e\u00edte sa o tom n\u00e1pade informova\u0165a patri\u010dne ho odkomunikova\u0165, zvy\u010dajne sa aj zrealizuje. Dostane sa v\u00e1m podpory. A\u00a0druh\u00e1 vec, mnoh\u00e9 kr\u00e1sne priestory a miesta s\u00fa zadarmo. Je naozaj ve\u013ek\u00e1 v\u00fdhoda, \u017ee nemus\u00edme v\u0161ade plati\u0165 za pren\u00e1jom. Ak m\u00e1te dobr\u00fd projekt a viete ho odkomunikova\u0165, podporia v\u00e1s, poskytn\u00fa priestor. \u010co sa o slovensk\u00fdch podmienkach ned\u00e1poveda\u0165. To, \u010do v Rak\u00fasku vlastn\u00ed \u0161t\u00e1t, v\u00e1m prenajm\u00fa za symbolick\u00e9 peniaze, ktor\u00e9 pokr\u00fdvaj\u00fa len v\u00fddavky za elektrick\u00fa energiu \u010di \u0161atniarky.<\/p>\n<p>&nbsp;<\/p>\n<p><strong>V <\/strong><strong>\u010d<\/strong><strong>om sa prejavil <\/strong><strong>\u201e<\/strong><strong>nov<\/strong><strong>\u00fd\u00a0<\/strong><strong>vietor<\/strong><strong>\u201d<\/strong><strong>, ktor<\/strong><strong>\u00fd\u00a0<\/strong><strong>ste do in<\/strong><strong>\u0161<\/strong><strong>tit<\/strong><strong>\u00fa<\/strong><strong>tu svojim pr<\/strong><strong>\u00ed<\/strong><strong>chodom priniesli? <\/strong><\/p>\n<p>Sna\u017e\u00edm sa zav\u00e1dza\u0165 nov\u00e9 projekty, ak\u00e9 tu doposia\u013e neboli.<\/p>\n<p>Po mojom n\u00e1stupe sme po prv\u00fd raz participovali na viedenskom t\u00fd\u017edni m\u00f3dy, Vienna Fashion Week, ktor\u00fd sa ka\u017edoro\u010dne odohr\u00e1va v Museum Quartier a predstavili tu slovensk\u00fdch m\u00f3dnych tvorcov. Od\u0161tartovali sme ve\u013ek\u00e9 projekty, trvaj\u00face napr\u00edklad tri dni, v r\u00e1mci ktor\u00fdch sa odohr\u00e1va nieko\u013eko rozli\u010dn\u00fdch podujat\u00ed- diskusie, v\u00fdstavy, koncerty.<\/p>\n<p>Vlani sme usporiadali t\u00fd\u017ede\u0148 slovensk\u00e9ho d\u017eezu. Nikdy predt\u00fdm sa tu nie\u010do podobn\u00e9 neorganizovalo. Projekt pritom oslovil mno\u017estvo rak\u00faskych posluch\u00e1\u010dov. Stali sme sa partnerom Bratislavsk\u00fdch d\u017eezov\u00fdch dn\u00ed a logo in\u0161tit\u00fatu sa objavilo medzi logami ostatn\u00fdch partnerov. Zaviedli sme takzvan\u00fd \u010caj o piatej, \u010do je ve\u013emi popul\u00e1rne dvoj &#8211; troj hodinov\u00e9 diskusn\u00e9 stretnutie zaoberaj\u00face sa zauj\u00edmav\u00fdmi a neraz aj p\u00e1l\u010div\u00fdmi t\u00e9mami, napr\u00edklad spomienkami kardin\u00e1la Koniga, vstupom Slovenska do E\u00da a podobne. Na diskusie poz\u00fdvame host\u00edz Rak\u00faska a Slovenska, profesorov, \u010dlenov Rak\u00faskej akad\u00e9mie vied, Slovenskej akad\u00e9mie vied a \u0161tudentov.\u00a0 Po prv\u00fdkr\u00e1t sme usporiadali v Hofburgkapelle ve\u013ek\u00fd koncert skupiny Fragile. Hofburgkapelle sl\u00fa\u017ei zv\u00e4\u010d\u0161a na prezent\u00e1ciu komornej hudby a odrazu tam pri\u0161lo temperamentn\u00e9 a\u00a0humorom okorenen\u00e9 Fragile. Usilujeme sa nerobi\u0165 jednorazov\u00e9 akcie, ale sk\u00f4r v\u00e4\u010d\u0161ie projekty, v r\u00e1mci ktor\u00fdch je nieko\u013eko podujat\u00ed. Na jar sme organizovali viacero podujat\u00edvia\u017eucich sa k ve\u013ekej konferencii, ktor\u00e1 sa odohr\u00e1vala na p\u00f4de OSN pod s\u00fahrnn\u00fdm n\u00e1zvom Dlh\u00e1 cesta k slobode. Premietali sme napr\u00edklad film Nikoho rodina o Nikolasovi Wintonovi, ktor\u00fd zachr\u00e1nil po\u010das 2. svetovej vojny sedemsto \u010desko-slovensk\u00fdch det\u00ed a organizovala sa debata na t\u00fato t\u00e9mu. Mus\u00edm prizna\u0165, \u017ee som hrd\u00e1 na to, \u017ee sme zaviedli tieto nov\u00e9 form\u00e1ty.<\/p>\n<p>&nbsp;<\/p>\n<p><strong>Ako sa o t<\/strong><strong>\u00fd<\/strong><strong>chto v<\/strong><strong>\u0161<\/strong><strong>etk<\/strong><strong>\u00fd<\/strong><strong>ch akci<\/strong><strong>\u00e1<\/strong><strong>ch dozvie rak<\/strong><strong>\u00fa<\/strong><strong>ska verejnos<\/strong><strong>\u0165<\/strong><strong>? Vyu<\/strong><strong>\u017e\u00ed<\/strong><strong>vate aj soci<\/strong><strong>\u00e1<\/strong><strong>lne siete a podobne?<\/strong><\/p>\n<p>Sna\u017e\u00edme sa sledova\u0165 trendy. Po mojom n\u00e1stupe sme zintenz\u00edvnili komunik\u00e1ciu na Facebooku, \u00a0na ktorej m\u00e1me u\u017e takmer 2000 n\u00e1v\u0161tevn\u00edkov. Publikujeme tu v\u0161etky fotografie a inform\u00e1cie o podujatiach a komunikujeme prostredn\u00edctvom Facebooku s \u013eu\u010fmi, rozosielame pozv\u00e1nky. Mysl\u00edm si, \u017ee je d\u00f4le\u017eit\u00e9, aby sme sledovali trendy a okam\u017eite nasko\u010dili na komunika\u010dn\u00fa vlnu, ktor\u00e1 je moment\u00e1lne najpou\u017e\u00edvanej\u0161ia. Je d\u00f4le\u017eit\u00e9, aby \u013eudia o in\u0161tit\u00fate vedeli, nav\u0161t\u00edvili ho a nie\u010do si odniesli. Na\u0161\u0165astie pri tejto pr\u00e1ci z\u00fa\u017eitkuv\u00e1vam svoje desa\u0165ro\u010dn\u00e9sk\u00fasenosti s vlastnou PR agent\u00farou a predch\u00e1dzaj\u00face dlhoro\u010dn\u00e9 moder\u00e1torsk\u00e9 sk\u00fasenosti. Pr\u00e1ca v telev\u00edzii ma v mnoh\u00fdch oh\u013eadoch pripravila na moje s\u00fa\u010dasn\u00e9 p\u00f4sobenie na in\u0161tit\u00fate.<\/p>\n<p>&nbsp;<\/p>\n<p><strong>Kde sa odohr<\/strong><strong>\u00e1<\/strong><strong>vaj<\/strong><strong>\u00fa\u00a0<\/strong><strong>akcie a podujatia, ktor<\/strong><strong>\u00e9\u00a0<\/strong><strong>organizuje In<\/strong><strong>\u0161<\/strong><strong>tit<\/strong><strong>\u00fa<\/strong><strong>t? <\/strong><\/p>\n<p>Slovensk\u00fd in\u0161tit\u00fat nie je ve\u013ek\u00fd svojou rozlohou, ale v\u010faka svojej polohe v samom srdci Viedne je ve\u013emi atrakt\u00edvny a nav\u0161tevovan\u00fd, z \u010doho m\u00e1m obrovsk\u00fa rados\u0165. Aktivity in\u0161tit\u00fatu sa v\u0161ak nevia\u017eu len k tomuto priestoru. Spolupracujeme aj s \u010fal\u0161\u00edmi in\u0161tit\u00fatmi a in\u0161tit\u00faciami a v\u010faka tomu organizujeme podujatia aj v Hofburgkapelle alebo v\u00a0Klosterneuburg, Akademie der bildende K\u00fanste\u00a0 a v r\u00f4znych viedensk\u00fdch gal\u00e9ri\u00e1ch. A\u00a0\u010dak\u00e1 n\u00e1s u\u017e spom\u00ednan\u00fd koncert v Stefansdome. Nikdy predt\u00fdm p\u00f4vodn\u00e9 slovensk\u00e9 dielo nezaznelo na takom promimentnom mieste.<\/p>\n<p>&nbsp;<\/p>\n<p><strong>Ak<\/strong><strong>\u00fd<\/strong><strong>m sp<\/strong><strong>\u00f4<\/strong><strong>sobom vyber<\/strong><strong>\u00e1<\/strong><strong>te umelcov a osobnosti, ktor<\/strong><strong>\u00fd<\/strong><strong>ch diela prezentujete? <\/strong><\/p>\n<p>Dramaturgia sa odv\u00edja od konzult\u00e1cie s ofici\u00e1lnymi in\u0161tit\u00faciami na Slovensku, teda s ministerstvom kult\u00fary a zahrani\u010dn\u00fdch vec\u00ed. Sledujeme, \u010do sa odohr\u00e1va na slovenskej kult\u00farnej a umeleckej sc\u00e9ne, ktor\u00fd filmov\u00fd tvorca bol ocenen\u00fd a podobne a n\u00e1sledne sa ho sna\u017e\u00edme prezentova\u0165 aj v Rak\u00fasku. No ak sa prihl\u00e1sia ob\u010dianske zdru\u017eenia so zauj\u00edmav\u00fdmi aktivitami, ktor\u00fdmi dok\u00e1\u017eu oslovi\u0165 rak\u00faske publikum, takisto ich m\u00f4\u017eeme zahrn\u00fa\u0165 do n\u00e1\u0161ho ro\u010dn\u00e9ho pl\u00e1nu. Na jar sme napr\u00edklad usporiadali v\u00fdstavu tradi\u010dn\u00fdch slovensk\u00fdch ve\u013ekono\u010dn\u00fdch krasl\u00edc a\u00a0dekor\u00e1ci\u00edv novej koncepcii 21. storo\u010dia s n\u00e1zvom Ex Ovo. Na v\u00fdstave sa podie\u013eali mlad\u00ed \u0161tudenti \u0160UP-ky z Bratislavy a \u017diliny a\u00a0avantgardn\u00ed slovensk\u00ed umelci. V\u00fdstava mala neuverite\u013en\u00fd \u00faspech, ka\u017edodenne ju nav\u0161t\u00edvili desiatky Rak\u00fa\u0161anov. Aj toto je teda cesta ako prezentova\u0165 slovensk\u00e9 umenie.<\/p>\n<p>&nbsp;<\/p>\n<p><strong>M<\/strong><strong>\u00e1<\/strong><strong>te okruh st<\/strong><strong>\u00e1<\/strong><strong>lych priaznivcov?<\/strong><\/p>\n<p>Niektor\u00ed \u013eudia chodia na na\u0161e akcie pravidelne a nie je ich m\u00e1lo. S\u00fato Slov\u00e1ci, ktor\u00ed \u017eij\u00fa v Rak\u00fasku 40-50 rokov, emigrovali sem s rodi\u010dmi v detstve. S\u00fas\u00edce Rak\u00fa\u0161ania, vy\u0161tudovali tu \u0161koly, ale maj\u00fa slovensk\u00e9 korene. Neust\u00e1le s nami udr\u017eiavaj\u00fa kontakt, preto\u017ee c\u00edtia v\u00f4\u0148u domova. A druhou \u010das\u0165ou publika s\u00fa Rak\u00fa\u0161ania, ktor\u00ed jednoducho maj\u00fa radi slovensk\u00fa kult\u00faru a\u00a0objavuj\u00fa kr\u00e1sy Slovenska. Existuje tu ve\u013emi siln\u00e1 komunita \u013eud\u00ed, ktor\u00e1si nem\u00f4\u017ee dovoli\u0165 lieta\u0165 na Maledivy, ale chce pre\u017ei\u0165 kr\u00e1snu dovolenku, napr\u00edklad na Slovensku a ob\u013eubuje slovensk\u00fa kult\u00faru, operu, slovensk\u00fd folkl\u00f3r \u010di napr\u00edklad ve\u013ekono\u010dn\u00e9 kraslice. Te\u0161\u00edm sa tomu, \u017ee v poslednej dobe k n\u00e1m chod\u00ed ve\u013ea mlad\u00fdch. S\u00fato vlastne slovensk\u00ed \u0161tudenti, ktor\u00ed prived\u00fa svojich rak\u00faskych kamar\u00e1tov, preto \u017ee vedia, \u017ee u n\u00e1s sa v\u017edy nie\u010do zauj\u00edmav\u00e9 deje a poskytujeme priestor najm\u00e4 mlad\u00fdm tvorcom, preto\u017ee t\u00ed potrebuj\u00fa na\u0161u podporu najviac.<\/p>\n<p><strong>Uprednost<\/strong><strong>\u0148<\/strong><strong>ujete pri prezent<\/strong><strong>\u00e1<\/strong><strong>cii Slovenska mlad<\/strong><strong>\u00fd<\/strong><strong>ch <\/strong><strong>\u013e<\/strong><strong>ud<\/strong><strong>\u00ed<\/strong><strong>?<\/strong><\/p>\n<p>Poskytn\u00fa\u0165pr\u00edle\u017eitos\u0165mlad\u00fdm bol vlastne aj jeden z cie\u013eov m\u00f4jho programu, ke\u010fsom sa chystala na t\u00fato pr\u00e1cu. V spolupr\u00e1ci s Vysokou \u0161kolou v\u00fdtvarn\u00fdch umen\u00ed m\u00e1me na in\u0161tit\u00fate Window Gallery, st\u00e1lu v\u00fdstavu \u0161tudentsk\u00fdch diel umiestnen\u00fa v okne, ktor\u00e1 sa ka\u017ed\u00fd mesiac obmie\u0148a. V r\u00e1mci polud\u0148aj\u0161\u00edch koncertov zasa predstavujeme mlad\u00fdch opern\u00fdch umelcov, ktor\u00ed e\u0161te len \u0161tuduj\u00fa, no chc\u00fa sa predvies\u0165 a\u00a0vysk\u00fa\u0161a\u0165 si, ak\u00e9je vyst\u00fapenie pred publikom.<\/p>\n<p>&nbsp;<\/p>\n<p><strong>Slov<\/strong><strong>\u00e1<\/strong><strong>ci maj<\/strong><strong>\u00fa\u00a0<\/strong><strong>zafixovan<\/strong><strong>\u00e9<\/strong><strong>, <\/strong><strong>\u017e<\/strong><strong>e Rak<\/strong><strong>\u00fa\u0161<\/strong><strong>ania o nich nemaj<\/strong><strong>\u00fa\u00a0<\/strong><strong>prive<\/strong><strong>\u013e<\/strong><strong>mi vysok<\/strong><strong>\u00fa\u00a0<\/strong><strong>mienku. S<\/strong><strong>\u00fa<\/strong><strong>vis<\/strong><strong>\u00ed<\/strong><strong>to najm<\/strong><strong>\u00e4<\/strong><strong>so spr<\/strong><strong>\u00e1<\/strong><strong>van<\/strong><strong>\u00ed<\/strong><strong>m Slov<\/strong><strong>\u00e1<\/strong><strong>kov po otvoren<\/strong><strong>\u00ed<\/strong><strong>hran<\/strong><strong>\u00ed<\/strong><strong>c<\/strong><strong>\u2026<\/strong><strong>Ako to vn<\/strong><strong>\u00ed<\/strong><strong>mate? Zlep<\/strong><strong>\u0161<\/strong><strong>il sa za tie roky imid<\/strong><strong>\u017e\u00a0<\/strong><strong>Slov<\/strong><strong>\u00e1<\/strong><strong>kov v o<\/strong><strong>\u010d<\/strong><strong>iach Rak<\/strong><strong>\u00fa\u0161<\/strong><strong>anov? <\/strong><\/p>\n<p>Mysl\u00edm si, \u017ee imid\u017e Slovenska je u\u017e ove\u013ea, ove\u013ea lep\u0161\u00ed. Moment\u00e1lne \u017eije v Rak\u00fasku asi 30 tis\u00edc Slov\u00e1kov. Pracuj\u00fa na r\u00f4znych poz\u00edci\u00e1ch, na\u0161li tu plnohodnotn\u00e9 uplatnenie ako pr\u00e1vnici, lek\u00e1ri a podobne. U\u017e d\u00e1vno neplat\u00ed, \u017ee Slov\u00e1ci prich\u00e1dzaj\u00fa do Rak\u00faska pracova\u0165 na\u010dierno ako pomocn\u00e1 sila na stavb\u00e1ch. Posledn\u00e9 roky sa ukazuje, \u017ee v rak\u00faskych nemocniciach pracuje mno\u017estvo ve\u013emi \u0161ikovn\u00fdch a obetav\u00fdch slovensk\u00fdch lek\u00e1rov, zdravotn\u00fdch sestier, dokonca som po\u010dula z \u00fast jedn\u00e9ho v\u00fdznamn\u00e9ho \u010dloveka, \u017ee rak\u00faske zdravotn\u00edctvo by bez Slov\u00e1kov nefungovalo. Rak\u00fa\u0161ania n\u00e1s teda u\u017e vn\u00edmaj\u00fa \u00faplne inak ne\u017e predt\u00fdm, preto je d\u00f4le\u017eit\u00e9, ako sa prezentujeme. Samozrejme, \u017ee aj rak\u00faski novin\u00e1ri, tak ako novin\u00e1ri v\u0161ade inde, p\u00ed\u0161u o negat\u00edvnych javoch a citliv\u00fdch t\u00e9mach, napr\u00edklad o r\u00f3mskej ot\u00e1zke. No o to je z\u00e1sadnej\u0161ie, aby sme viedli diskusie a poz\u00fdvali na ne novin\u00e1rov. Minul\u00fa sobotu vy\u0161la vo Wiener Zeitung pr\u00edloha o\u00a0Slovensku- o\u00a0ekonomike, \u0161porte, kult\u00fare, hist\u00f3rii, letn\u00fdch festivaloch&#8230;aj no\u010dnom \u017eivote Bratislavy v\u00edkendov\u00e1 50 stranov\u00e1 pr\u00edloha Atlas Slowakei.\u00a0 Sna\u017e\u00edme sa otv\u00e1ra\u0165 aj t\u00e9my, ktor\u00e9 s\u00fa \u0161pecifick\u00e9, nevykres\u013euj\u00fa s\u00edce Slovensko v tom najlep\u0161om svetle, ale s\u00fa s\u00fa\u010das\u0165ou na\u0161ej hist\u00f3rie a treba o nich hovori\u0165. Viedli sme napr\u00edklad debatu o Ne\u017enej revol\u00facii s p\u00e1nom Srholcom a Mari\u00e1nom \u010cerven\u00fdm a samozrejme, \u017ee politick\u00ed v\u00e4zni a disidenti, \u013eudia, ktor\u00ed pre\u017eili 12 rokov v J\u00e1chymovsk\u00fdch baniach nem\u00f4\u017eu hovori\u0165 len o pozit\u00edvach. Rak\u00fa\u0161ania si v\u00e1\u017eia, \u017ee vieme otvori\u0165aj bo\u013eavej\u0161ie t\u00e9my a miesta a hovori\u0165 o nich.<\/p>\n<p>&nbsp;<\/p>\n<p><strong>A e<\/strong><strong>\u0161<\/strong><strong>te jedna s<\/strong><strong>\u00fa<\/strong><strong>kromn<\/strong><strong>\u00e1 <\/strong><strong>ot<\/strong><strong>\u00e1<\/strong><strong>zka na z<\/strong><strong>\u00e1<\/strong><strong>ver: Ako sa chyst<\/strong><strong>\u00e1<\/strong><strong>te tr<\/strong><strong>\u00e1<\/strong><strong>vi<\/strong><strong>\u0165 <\/strong><strong>leto? <\/strong><\/p>\n<p>Tento rok m\u00e1me v rodine svadbu &#8211; vyd\u00e1va sa n\u00e1m star\u0161ia dc\u00e9ra Tamarka. Mlad\u0161ia Barbarka m\u00e1 v Lond\u00fdne prom\u00f3ciu, cestujeme tam na p\u00e1r dn\u00ed, tak\u017ee budeme ma\u0165 \u201epern\u00e9\u201d pr\u00e1zdniny. Na p\u00e1r dn\u00ed by sme si v\u0161ak radi odsko\u010dili do Chorv\u00e1tska. Milujeme Pulu a Istriu. Pova\u017eujem to za mal\u00fd k\u00fasok raja na Zemi. Pozn\u00e1me tam jednu lag\u00fanu, kde sme pred desa\u0165ro\u010diami pre\u017e\u00edvali na\u0161e za\u010diatky, boli sme e\u0161te \u0161tudenti. V\u0161eli\u010do sa odvtedy zmenilo, ale t\u00e1 lag\u00fana v tieni borov\u00edc je st\u00e1le rovnak\u00e1.<\/p>\n<p>&nbsp;<\/p>\n<p>&nbsp;<\/p>\n<p>&nbsp;<\/p>\n<p>&nbsp;<\/p>\n<p>&nbsp;<\/p>\n<p>&nbsp;<\/p>\n<p>&nbsp;<\/p>\n<p>&nbsp;<\/p>\n<p>&nbsp;<\/p>\n","protected":false},"excerpt":{"rendered":"<p>Rak\u00fa\u0161ania si v\u00e1\u017eia, \u017ee vieme otvori\u0165 aj bolestivej\u0161ie t\u00e9my na\u0161ej minulosti a\u00a0vn\u00edmaj\u00fa n\u00e1s \u00faplne inak, ne\u017e pred desiatimi rokmi, tvrd\u00ed Alena Heribanov\u00e1, \u0161\u00e9fka Slovensk\u00e9ho in\u0161tit\u00fatu vo Viedni. Ob\u013e\u00faben\u00e1 moder\u00e1torka Alena Heribanov\u00e1 pred vy\u0161e rokom od\u0161tartovala nov\u00fd kari\u00e9rny \u017eivot, zmenila bratislavsk\u00fa adresu za rak\u00fasku a stala sa riadite\u013ekou Slovensk\u00e9ho in\u0161tit\u00fatu vo Viedni. Ako sa jej v [&hellip;]<\/p>\n","protected":false},"author":7,"featured_media":59766,"comment_status":"closed","ping_status":"closed","sticky":false,"template":"","format":"standard","meta":{"footnotes":""},"categories":[5,48],"tags":[],"class_list":["post-59765","post","type-post","status-publish","format-standard","has-post-thumbnail","hentry","category-celebrity-magazine","category-umenie-a-kultura","eq-blocks"],"_links":{"self":[{"href":"https:\/\/www.slovaklinesmagazin.sk\/cms\/wp-json\/wp\/v2\/posts\/59765","targetHints":{"allow":["GET"]}}],"collection":[{"href":"https:\/\/www.slovaklinesmagazin.sk\/cms\/wp-json\/wp\/v2\/posts"}],"about":[{"href":"https:\/\/www.slovaklinesmagazin.sk\/cms\/wp-json\/wp\/v2\/types\/post"}],"author":[{"embeddable":true,"href":"https:\/\/www.slovaklinesmagazin.sk\/cms\/wp-json\/wp\/v2\/users\/7"}],"replies":[{"embeddable":true,"href":"https:\/\/www.slovaklinesmagazin.sk\/cms\/wp-json\/wp\/v2\/comments?post=59765"}],"version-history":[{"count":1,"href":"https:\/\/www.slovaklinesmagazin.sk\/cms\/wp-json\/wp\/v2\/posts\/59765\/revisions"}],"predecessor-version":[{"id":59767,"href":"https:\/\/www.slovaklinesmagazin.sk\/cms\/wp-json\/wp\/v2\/posts\/59765\/revisions\/59767"}],"wp:featuredmedia":[{"embeddable":true,"href":"https:\/\/www.slovaklinesmagazin.sk\/cms\/wp-json\/wp\/v2\/media\/59766"}],"wp:attachment":[{"href":"https:\/\/www.slovaklinesmagazin.sk\/cms\/wp-json\/wp\/v2\/media?parent=59765"}],"wp:term":[{"taxonomy":"category","embeddable":true,"href":"https:\/\/www.slovaklinesmagazin.sk\/cms\/wp-json\/wp\/v2\/categories?post=59765"},{"taxonomy":"post_tag","embeddable":true,"href":"https:\/\/www.slovaklinesmagazin.sk\/cms\/wp-json\/wp\/v2\/tags?post=59765"}],"curies":[{"name":"wp","href":"https:\/\/api.w.org\/{rel}","templated":true}]}}