{"id":59784,"date":"2014-07-22T21:36:13","date_gmt":"2014-07-22T19:36:13","guid":{"rendered":"http:\/\/slovaklinesmagazin.sk\/cms\/?p=59784"},"modified":"2014-11-04T10:52:45","modified_gmt":"2014-11-04T08:52:45","slug":"koncert-anastacia-vo-viedni-13-11-2014","status":"publish","type":"post","link":"https:\/\/www.slovaklinesmagazin.sk\/cms\/2014\/07\/koncert-anastacia-vo-viedni-13-11-2014\/","title":{"rendered":"Koncert ANASTACIA- koncert je presunut\u00fd na janu\u00e1r 2015"},"content":{"rendered":"<p>V\u00e1\u017een\u00ed z\u00e1kazn\u00edci,<\/p>\n<p>vzh\u013eadom k chorobe, ktor\u00e1 znemo\u017e\u0148uje Anastacii pokra\u010dova\u0165 v turn\u00e9, sa koncerty pres\u00favaj\u00fa na janu\u00e1r 2015.<\/p>\n<p>Nov\u00e9 term\u00edny su nasledovn\u00e9:<\/p>\n<p>Sobota, 17.01.2015\u00a0\u00a0\u00a0\u00a0\u00a0\u00a0\u00a0Z\u00fcrich \u2013 Kongresshaus<\/p>\n<p>Pondelok, 19.01.2015\u00a0\u00a0 M\u00fcnchen \u2013 Kesselhaus<\/p>\n<p>Utorok,\u00a020.01.2015\u00a0\u00a0\u00a0\u00a0\u00a0\u00a0 K\u00f6ln \u2013 Palladium<\/p>\n<p>Pondelok, 26.01.2015\u00a0\u00a0\u00a0Frankfurt \u2013 Jahrhunderthalle<\/p>\n<p>Streda, 28.01.2015\u00a0\u00a0\u00a0\u00a0\u00a0\u00a0\u00a0\u00a0<strong>Wien \u2013 Stadthalle D (nie Stadthalle F)<\/strong><\/p>\n<p>Zak\u00fapen\u00e9\u00a0vstupenky\u00a0MUSIA\u00a0by\u0165 zru\u0161en\u00e9 a vr\u00e1ten\u00e9 v mieste zak\u00fapenia od 4.11.2014 do 21.11.2014.<\/p>\n<p>Priamo na mieste si m\u00f4\u017eete zak\u00fapi\u0165 vstupenky na nov\u00fd term\u00edn.<\/p>\n<p><a href=\"http:\/\/eventim.sk\">eventim.sk<\/a><\/p>\n","protected":false},"excerpt":{"rendered":"<p>V\u00e1\u017een\u00ed z\u00e1kazn\u00edci, vzh\u013eadom k chorobe, ktor\u00e1 znemo\u017e\u0148uje Anastacii pokra\u010dova\u0165 v turn\u00e9, sa koncerty pres\u00favaj\u00fa na janu\u00e1r 2015. Nov\u00e9 term\u00edny su nasledovn\u00e9: Sobota, 17.01.2015\u00a0\u00a0\u00a0\u00a0\u00a0\u00a0\u00a0Z\u00fcrich \u2013 Kongresshaus Pondelok, 19.01.2015\u00a0\u00a0 M\u00fcnchen \u2013 Kesselhaus Utorok,\u00a020.01.2015\u00a0\u00a0\u00a0\u00a0\u00a0\u00a0 K\u00f6ln \u2013 Palladium Pondelok, 26.01.2015\u00a0\u00a0\u00a0Frankfurt \u2013 Jahrhunderthalle Streda, 28.01.2015\u00a0\u00a0\u00a0\u00a0\u00a0\u00a0\u00a0\u00a0Wien \u2013 Stadthalle D (nie Stadthalle F) Zak\u00fapen\u00e9\u00a0vstupenky\u00a0MUSIA\u00a0by\u0165 zru\u0161en\u00e9 a vr\u00e1ten\u00e9 v mieste zak\u00fapenia od 4.11.2014 [&hellip;]<\/p>\n","protected":false},"author":7,"featured_media":59785,"comment_status":"closed","ping_status":"closed","sticky":false,"template":"","format":"standard","meta":{"footnotes":""},"categories":[53],"tags":[],"class_list":["post-59784","post","type-post","status-publish","format-standard","has-post-thumbnail","hentry","category-ponuky","eq-blocks"],"_links":{"self":[{"href":"https:\/\/www.slovaklinesmagazin.sk\/cms\/wp-json\/wp\/v2\/posts\/59784","targetHints":{"allow":["GET"]}}],"collection":[{"href":"https:\/\/www.slovaklinesmagazin.sk\/cms\/wp-json\/wp\/v2\/posts"}],"about":[{"href":"https:\/\/www.slovaklinesmagazin.sk\/cms\/wp-json\/wp\/v2\/types\/post"}],"author":[{"embeddable":true,"href":"https:\/\/www.slovaklinesmagazin.sk\/cms\/wp-json\/wp\/v2\/users\/7"}],"replies":[{"embeddable":true,"href":"https:\/\/www.slovaklinesmagazin.sk\/cms\/wp-json\/wp\/v2\/comments?post=59784"}],"version-history":[{"count":7,"href":"https:\/\/www.slovaklinesmagazin.sk\/cms\/wp-json\/wp\/v2\/posts\/59784\/revisions"}],"predecessor-version":[{"id":61183,"href":"https:\/\/www.slovaklinesmagazin.sk\/cms\/wp-json\/wp\/v2\/posts\/59784\/revisions\/61183"}],"wp:featuredmedia":[{"embeddable":true,"href":"https:\/\/www.slovaklinesmagazin.sk\/cms\/wp-json\/wp\/v2\/media\/59785"}],"wp:attachment":[{"href":"https:\/\/www.slovaklinesmagazin.sk\/cms\/wp-json\/wp\/v2\/media?parent=59784"}],"wp:term":[{"taxonomy":"category","embeddable":true,"href":"https:\/\/www.slovaklinesmagazin.sk\/cms\/wp-json\/wp\/v2\/categories?post=59784"},{"taxonomy":"post_tag","embeddable":true,"href":"https:\/\/www.slovaklinesmagazin.sk\/cms\/wp-json\/wp\/v2\/tags?post=59784"}],"curies":[{"name":"wp","href":"https:\/\/api.w.org\/{rel}","templated":true}]}}