{"id":59989,"date":"2014-08-01T08:12:43","date_gmt":"2014-08-01T06:12:43","guid":{"rendered":"http:\/\/slovaklinesmagazin.sk\/cms\/?p=59989"},"modified":"2014-08-01T08:28:41","modified_gmt":"2014-08-01T06:28:41","slug":"ponuky-v-7-prirodnych-parkoch","status":"publish","type":"post","link":"https:\/\/www.slovaklinesmagazin.sk\/cms\/2014\/08\/ponuky-v-7-prirodnych-parkoch\/","title":{"rendered":"Ponuky v 7 pr\u00edrodn\u00fdch parkoch"},"content":{"rendered":"<p>Dohodou o spolupr\u00e1ci pod heslom \u201eNatur wirkt!\u201c (Pr\u00edroda p\u00f4sob\u00ed) sa zhodli z\u00e1stupcovia\u00a0siedmich \u0161tajersk\u00fdch pr\u00edrodn\u00fdch parkov, s partnermi v oblasti ochrany pr\u00edrody a cestovn\u00e9ho<br \/>\nruchu, v kooper\u00e1cii s biol\u00f3gmi a sprievodcami pr\u00edrodou a partnersk\u00fdmi podnikmi v oblasti\u00a0cestovn\u00e9ho ruchu na spolo\u010dnej platforme na rozv\u00edjanie bezprostredn\u00e9ho vn\u00edmania\u00a0biodiverzity v prostred\u00ed pr\u00edrodn\u00fdch parkov, na spolo\u010dnom programe sprostredkovania\u00a0pr\u00edrody pre hos\u0165\u00ed regi\u00f3nu. Prv\u00fd program sprostredkovania pr\u00edrody teda uzrel svetlo sveta a v\u00a0lete 2014 bude ma\u0165 premi\u00e9ru. Pre ka\u017ed\u00fd z pr\u00edrodn\u00fdch parkov sa vypracovala ponuka 5\u00a0programov na sprostredkovanie vn\u00edmania pr\u00edrody; k dispoz\u00edcii s\u00fa i 2 dovolenkov\u00e9 bal\u00edky na\u00a0sprostredkovanie vnemov v pr\u00edrode.<\/p>\n<p>Obsahom bal\u00edkov je napr. sprev\u00e1dzanie po \u201evlnenej n\u00e1u\u010dnej ceste\u201c (Woll-Lehrpfad) s\u00a0inform\u00e1ciami o rase oviec, technike pradenia vlny, filcovania vlny, \u010di t\u00fary za z\u00e1\u017eitkami do\u00a0vresov\u00edsk alebo za m\u00e4so\u017erav\u00fdmi rastlinami. D\u00e1 sa tu v\u0161ak vysk\u00fa\u0161a\u0165 i pr\u00edprava jed\u00e1l so\u00a0\u017eih\u013eavou alebo vysk\u00fama\u0165, pre\u010do sa syry skladuj\u00fa v b\u00fdvalej bani.<\/p>\n<p>www.naturparke-steiermark.at<\/p>\n<div id='gallery-1' class='gallery galleryid-59989 gallery-columns-2 gallery-size-thumbnail'><figure class='gallery-item'>\n\t\t\t<div class='gallery-icon landscape'>\n\t\t\t\t<a href='https:\/\/www.slovaklinesmagazin.sk\/cms\/2014\/08\/ponuky-v-7-prirodnych-parkoch\/familien-wanderung-c-tv-murau-kreischberg\/'><img loading=\"lazy\" decoding=\"async\" width=\"150\" height=\"150\" src=\"https:\/\/www.slovaklinesmagazin.sk\/cms\/wp-content\/uploads\/2014\/08\/Familien-Wanderung-C-TV-Murau-Kreischberg-150x150.jpg\" class=\"attachment-thumbnail size-thumbnail\" alt=\"\" aria-describedby=\"gallery-1-59991\" \/><\/a>\n\t\t\t<\/div>\n\t\t\t\t<figcaption class='wp-caption-text gallery-caption' id='gallery-1-59991'>\n\t\t\t\tFamilien-Wanderung \u00a9 TV Murau-Kreischberg\n\t\t\t\t<\/figcaption><\/figure><figure class='gallery-item'>\n\t\t\t<div class='gallery-icon landscape'>\n\t\t\t\t<a href='https:\/\/www.slovaklinesmagazin.sk\/cms\/2014\/08\/ponuky-v-7-prirodnych-parkoch\/hochsteirisches-lebensgefuhl-c-trv-hochsteiermark_tom-lamm-41\/'><img loading=\"lazy\" decoding=\"async\" width=\"150\" height=\"150\" src=\"https:\/\/www.slovaklinesmagazin.sk\/cms\/wp-content\/uploads\/2014\/08\/Hochsteirisches-Lebensgef\u00fchl-C-TRV-HOCHsteiermark_Tom-Lamm-41-150x150.jpg\" class=\"attachment-thumbnail size-thumbnail\" alt=\"\" aria-describedby=\"gallery-1-59992\" \/><\/a>\n\t\t\t<\/div>\n\t\t\t\t<figcaption class='wp-caption-text gallery-caption' id='gallery-1-59992'>\n\t\t\t\tHochsteirisches Lebensgef\u00fchl \u00a9 TRV HOCHsteiermark_Tom Lamm \n\t\t\t\t<\/figcaption><\/figure><figure class='gallery-item'>\n\t\t\t<div class='gallery-icon landscape'>\n\t\t\t\t<a href='https:\/\/www.slovaklinesmagazin.sk\/cms\/2014\/08\/ponuky-v-7-prirodnych-parkoch\/hochsteirisches-lebensgefuhl-c-trv-hochsteiermark_tom-lamm-95\/'><img loading=\"lazy\" decoding=\"async\" width=\"150\" height=\"150\" src=\"https:\/\/www.slovaklinesmagazin.sk\/cms\/wp-content\/uploads\/2014\/08\/Hochsteirisches-Lebensgef\u00fchl-C-TRV-HOCHsteiermark_Tom-Lamm-95-150x150.jpg\" class=\"attachment-thumbnail size-thumbnail\" alt=\"\" aria-describedby=\"gallery-1-59993\" \/><\/a>\n\t\t\t<\/div>\n\t\t\t\t<figcaption class='wp-caption-text gallery-caption' id='gallery-1-59993'>\n\t\t\t\tHochsteirisches Lebensgef\u00fchl \u00a9 TRV HOCHsteiermark_Tom Lamm \n\t\t\t\t<\/figcaption><\/figure><figure class='gallery-item'>\n\t\t\t<div class='gallery-icon landscape'>\n\t\t\t\t<a href='https:\/\/www.slovaklinesmagazin.sk\/cms\/2014\/08\/ponuky-v-7-prirodnych-parkoch\/pause_ctvb-murau-kreischberg_tom-lamm\/'><img loading=\"lazy\" decoding=\"async\" width=\"150\" height=\"150\" src=\"https:\/\/www.slovaklinesmagazin.sk\/cms\/wp-content\/uploads\/2014\/08\/Pause_cTVB-Murau-Kreischberg_Tom-Lamm-150x150.jpg\" class=\"attachment-thumbnail size-thumbnail\" alt=\"\" aria-describedby=\"gallery-1-59994\" \/><\/a>\n\t\t\t<\/div>\n\t\t\t\t<figcaption class='wp-caption-text gallery-caption' id='gallery-1-59994'>\n\t\t\t\tPause \u00a9TVB Murau-Kreischberg_Tom Lamm\n\t\t\t\t<\/figcaption><\/figure><figure class='gallery-item'>\n\t\t\t<div class='gallery-icon landscape'>\n\t\t\t\t<a href='https:\/\/www.slovaklinesmagazin.sk\/cms\/2014\/08\/ponuky-v-7-prirodnych-parkoch\/steir-lebensgfuhl_hochsteiermark-gruner-see-o-tomm-lamm-16\/'><img loading=\"lazy\" decoding=\"async\" width=\"150\" height=\"150\" src=\"https:\/\/www.slovaklinesmagazin.sk\/cms\/wp-content\/uploads\/2014\/08\/Steir.-Lebensg\u00b4f\u00fchl_Hochsteiermark-Gr\u00fcner-See-o-Tomm-Lamm-16-150x150.jpg\" class=\"attachment-thumbnail size-thumbnail\" alt=\"\" aria-describedby=\"gallery-1-59995\" \/><\/a>\n\t\t\t<\/div>\n\t\t\t\t<figcaption class='wp-caption-text gallery-caption' id='gallery-1-59995'>\n\t\t\t\tSteir. Lebensg\u00b4f\u00fchl_Hochsteiermark Gr\u00fcner See \u00a9 Tomm Lamm \n\t\t\t\t<\/figcaption><\/figure><figure class='gallery-item'>\n\t\t\t<div class='gallery-icon landscape'>\n\t\t\t\t<a href='https:\/\/www.slovaklinesmagazin.sk\/cms\/2014\/08\/ponuky-v-7-prirodnych-parkoch\/steir-lebensgfuhl_hochsteiermark-gruner-see-otomm-lamm-118\/'><img loading=\"lazy\" decoding=\"async\" width=\"150\" height=\"150\" src=\"https:\/\/www.slovaklinesmagazin.sk\/cms\/wp-content\/uploads\/2014\/08\/Steir.-Lebensg\u00b4f\u00fchl_Hochsteiermark-Gr\u00fcner-See-oTomm-Lamm-118-150x150.jpg\" class=\"attachment-thumbnail size-thumbnail\" alt=\"\" aria-describedby=\"gallery-1-59996\" \/><\/a>\n\t\t\t<\/div>\n\t\t\t\t<figcaption class='wp-caption-text gallery-caption' id='gallery-1-59996'>\n\t\t\t\tSteir. Lebensg\u00b4f\u00fchl_Hochsteiermark Gr\u00fcner See \u00a9 Tomm Lamm \n\t\t\t\t<\/figcaption><\/figure><figure class='gallery-item'>\n\t\t\t<div class='gallery-icon landscape'>\n\t\t\t\t<a href='https:\/\/www.slovaklinesmagazin.sk\/cms\/2014\/08\/ponuky-v-7-prirodnych-parkoch\/steir-lebensgfuhl_hochsteiermark-gruner-see-tomm-lamm-95\/'><img loading=\"lazy\" decoding=\"async\" width=\"150\" height=\"150\" src=\"https:\/\/www.slovaklinesmagazin.sk\/cms\/wp-content\/uploads\/2014\/08\/Steir.-Lebensg\u00b4f\u00fchl_Hochsteiermark-Gr\u00fcner-See-\u00a9-Tomm-Lamm-95-150x150.jpg\" class=\"attachment-thumbnail size-thumbnail\" alt=\"\" aria-describedby=\"gallery-1-59997\" \/><\/a>\n\t\t\t<\/div>\n\t\t\t\t<figcaption class='wp-caption-text gallery-caption' id='gallery-1-59997'>\n\t\t\t\tSteir. Lebensg\u00b4f\u00fchl_Hochsteiermark Gr\u00fcner See \u00a9 Tomm Lamm \n\t\t\t\t<\/figcaption><\/figure><figure class='gallery-item'>\n\t\t\t<div class='gallery-icon landscape'>\n\t\t\t\t<a href='https:\/\/www.slovaklinesmagazin.sk\/cms\/2014\/08\/ponuky-v-7-prirodnych-parkoch\/wanderer_c-tvb-ausseerland-salzkammergut-tom-lamm\/'><img loading=\"lazy\" decoding=\"async\" width=\"150\" height=\"150\" src=\"https:\/\/www.slovaklinesmagazin.sk\/cms\/wp-content\/uploads\/2014\/08\/Wanderer_c-TVB-Ausseerland-Salzkammergut-Tom-Lamm-150x150.jpg\" class=\"attachment-thumbnail size-thumbnail\" alt=\"\" aria-describedby=\"gallery-1-59998\" \/><\/a>\n\t\t\t<\/div>\n\t\t\t\t<figcaption class='wp-caption-text gallery-caption' id='gallery-1-59998'>\n\t\t\t\tWanderer \u00a9 TVB Ausseerland &#8211; Salzkammergut-Tom Lamm\n\t\t\t\t<\/figcaption><\/figure>\n\t\t<\/div>\n\n","protected":false},"excerpt":{"rendered":"<p>Dohodou o spolupr\u00e1ci pod heslom \u201eNatur wirkt!\u201c (Pr\u00edroda p\u00f4sob\u00ed) sa zhodli z\u00e1stupcovia\u00a0siedmich \u0161tajersk\u00fdch pr\u00edrodn\u00fdch parkov, s partnermi v oblasti ochrany pr\u00edrody a cestovn\u00e9ho ruchu, v kooper\u00e1cii s biol\u00f3gmi a sprievodcami pr\u00edrodou a partnersk\u00fdmi podnikmi v oblasti\u00a0cestovn\u00e9ho ruchu na spolo\u010dnej platforme na rozv\u00edjanie bezprostredn\u00e9ho vn\u00edmania\u00a0biodiverzity v prostred\u00ed pr\u00edrodn\u00fdch parkov, na spolo\u010dnom programe sprostredkovania\u00a0pr\u00edrody pre hos\u0165\u00ed regi\u00f3nu. [&hellip;]<\/p>\n","protected":false},"author":7,"featured_media":0,"comment_status":"closed","ping_status":"closed","sticky":false,"template":"","format":"gallery","meta":{"footnotes":""},"categories":[13],"tags":[],"class_list":["post-59989","post","type-post","status-publish","format-gallery","hentry","category-real-estate","post_format-post-format-gallery","eq-blocks"],"_links":{"self":[{"href":"https:\/\/www.slovaklinesmagazin.sk\/cms\/wp-json\/wp\/v2\/posts\/59989","targetHints":{"allow":["GET"]}}],"collection":[{"href":"https:\/\/www.slovaklinesmagazin.sk\/cms\/wp-json\/wp\/v2\/posts"}],"about":[{"href":"https:\/\/www.slovaklinesmagazin.sk\/cms\/wp-json\/wp\/v2\/types\/post"}],"author":[{"embeddable":true,"href":"https:\/\/www.slovaklinesmagazin.sk\/cms\/wp-json\/wp\/v2\/users\/7"}],"replies":[{"embeddable":true,"href":"https:\/\/www.slovaklinesmagazin.sk\/cms\/wp-json\/wp\/v2\/comments?post=59989"}],"version-history":[{"count":3,"href":"https:\/\/www.slovaklinesmagazin.sk\/cms\/wp-json\/wp\/v2\/posts\/59989\/revisions"}],"predecessor-version":[{"id":60008,"href":"https:\/\/www.slovaklinesmagazin.sk\/cms\/wp-json\/wp\/v2\/posts\/59989\/revisions\/60008"}],"wp:attachment":[{"href":"https:\/\/www.slovaklinesmagazin.sk\/cms\/wp-json\/wp\/v2\/media?parent=59989"}],"wp:term":[{"taxonomy":"category","embeddable":true,"href":"https:\/\/www.slovaklinesmagazin.sk\/cms\/wp-json\/wp\/v2\/categories?post=59989"},{"taxonomy":"post_tag","embeddable":true,"href":"https:\/\/www.slovaklinesmagazin.sk\/cms\/wp-json\/wp\/v2\/tags?post=59989"}],"curies":[{"name":"wp","href":"https:\/\/api.w.org\/{rel}","templated":true}]}}