{"id":60075,"date":"2014-08-12T08:55:46","date_gmt":"2014-08-12T06:55:46","guid":{"rendered":"http:\/\/slovaklinesmagazin.sk\/cms\/?p=60075"},"modified":"2014-08-12T08:55:46","modified_gmt":"2014-08-12T06:55:46","slug":"bad-gleichenberg-180-rokov-tradicie-kupelnictva","status":"publish","type":"post","link":"https:\/\/www.slovaklinesmagazin.sk\/cms\/2014\/08\/bad-gleichenberg-180-rokov-tradicie-kupelnictva\/","title":{"rendered":"Bad Gleichenberg &#8211; 180 rokov trad\u00edcie k\u00fape\u013en\u00edctva"},"content":{"rendered":"<p><strong>Bad Gleichenberg &#8211; 180 rokov trad\u00edcie k\u00fape\u013en\u00edctva<\/strong><\/p>\n<p>Uplynulo iba 180 rokov, ke\u010f sa toto \u00fazemie za\u010dalo vyu\u017e\u00edva\u0165 pre k\u00fape\u013en\u00edctvo, a to napriek\u00a0skuto\u010dnosti, \u017ee lie\u010div\u00e9 pramene vyu\u017e\u00edvali v regi\u00f3ne u\u017e Rimania. V roku 1882 vydal lek\u00e1r\u00a0Ignaz Werle p\u00edsomn\u00e9 vyhodnotenie o lie\u010divej sile \u017eriediel v Gleichenbergu. To in\u0161pirovalo vroku 1834 r\u00ed\u0161skeho spr\u00e1vcu gr\u00f3fstva Constantina von Wickenburg na cestu do juhov\u00fdchodn\u00e9ho \u0160tajerska, aby si vytvoril o lokalite vlastn\u00fd obraz. Pri\u0161iel \u2013 a zostal \u2013 a\u00a0spr\u00edstupnil tieto k\u00fapele pre v\u0161etk\u00fdch.<\/p>\n<p style=\"text-align: center;\"><a href=\"http:\/\/www.bad-gleichenberg.at\"><img loading=\"lazy\" decoding=\"async\" class=\"aligncenter\" src=\"http:\/\/slovaklinesmagazin.sk\/cms\/wp-content\/uploads\/2014\/08\/Historische-Trinkkur-in-Bad-Gleichenberg-1024x619.jpg\" alt=\"Historische Trinkkur in Bad Gleichenberg\" width=\"757\" height=\"458\" \/><\/a><\/p>\n<p style=\"text-align: center;\"><em>Historische Trinkkur in Bad Gleichenberg<\/em><\/p>\n<p>Netrvalo dlho a zo v\u0161etk\u00fdch k\u00fatov habsburgskej monarchie sa za\u010dalo cestova\u0165 za zdrav\u00edm\u00a0pr\u00e1ve do k\u00fape\u013eov Bad Gleichenberg. Pitn\u00e1 k\u00fara zar\u00e1nky sa stala spolo\u010denskou udalos\u0165ou. Pri poh\u00e1ri vody z prame\u0148a, za sprievodu k\u00fape\u013en\u00e9ho orchestra sa stret\u00e1vali v\u00a0Gleichenbergu v\u0161etky vtedaj\u0161ie otitulovan\u00e9 a zn\u00e1me osobnosti. K\u00fapele Bad Gleichenberg s\u00fa podnes povestn\u00e9 svojou pr\u00edjemnou lie\u010divou pan\u00f3nskou kl\u00edmou a\u00a0siedmimi lie\u010div\u00fdmi prame\u0148mi a zostali jedn\u00fdmi z najob\u013e\u00fabenej\u0161\u00edch k\u00fape\u013eov v regi\u00f3ne\u00a0lie\u010div\u00fdch prame\u0148ov <em>Thermenland Steiermark\u201c<\/em>. Obec je \u201ezasaden\u00e1\u201c vo vulkanickej krajine\u00a0z\u00e1hrad \u2013 v tzv. \u201ezelenom sal\u00f3ne\u201c, v objat\u00ed h\u00f4r. Pansk\u00e9 usadlosti z d\u00f4b klasicizmu s\u00fa\u00a0obrazom jej minulej sl\u00e1vy. Lie\u010dia sa tu rovnako ako pred dvoma storo\u010diami predov\u0161etk\u00fdm ochorenia d\u00fdchac\u00edch ciest a poko\u017eky (neurodermit\u00edda a psori\u00e1za). Novum predstavuje \u201estuden\u00e1 komora\u201c na lie\u010denie bolesti pohybov\u00e9ho \u00fastrojenstva a migr\u00e9ny. Pacient sa pri tejto terapii zdr\u017eiava kv\u00f4li zmierneniu bolesti cca tri min\u00faty pri teplote 110\u00b0.<\/p>\n<p style=\"text-align: center;\"><img loading=\"lazy\" decoding=\"async\" class=\"aligncenter\" src=\"http:\/\/slovaklinesmagazin.sk\/cms\/wp-content\/uploads\/2014\/08\/Historischer-Brunnen-im-Kurpark-Bad-Gleichenberg-Fotograf-Werner-Krug-1024x682.jpg\" alt=\"Historischer Brunnen im Kurpark Bad Gleichenberg, Fotograf Werner Krug\" width=\"776\" height=\"517\" \/><\/p>\n<p style=\"text-align: center;\"><em>Historischer Brunnen im Kurpark Bad Gleichenberg, Fotograf Werner Krug<\/em><\/p>\n<p>V tomto roku osl\u00e1via k\u00fapele jubileum \u2013 pripravuje sa mno\u017estvo podujat\u00ed. 8.3. sa kon\u00e1 v\u00a0k\u00fape\u013enom parku historick\u00e1 pitn\u00e1 k\u00fara, vr\u00e1tane k\u00fape\u013en\u00e9ho orchestra a pitia vody z\u00a0lie\u010div\u00e9ho gleichenbergsk\u00e9ho prame\u0148a. Nasleduj\u00fa cis\u00e1rske ra\u0148ajky s hudobn\u00fdm sprievodom v\u00a0Therme Bad Gleichenberg. Jedn\u00fdm z vrcholov bude ale nesporne u\u017e tradi\u010dn\u00e1 biedermajerovsk\u00e1 v\u00edkendov\u00e1 oslava v strede j\u00fana, s \u0161irokou ponukou koncertov, operetn\u00fdch predstaven\u00ed a op\u00e4tovnou pitnou k\u00farou.<\/p>\n<p><a href=\"http:\/\/www.bad-gleichenberg.at\/\">www.bad-gleichenberg.at<\/a><\/p>\n<p>Pre\u010do si nedopria\u0165 \u010fal\u0161\u00ed d\u00fa\u0161ok z\u00e1\u017eitkov? Pri n\u00e1v\u0161teve \u0161tajersk\u00fdch k\u00fape\u013eov by ste sa\u00a0mali bezpodmiene\u010dne obozn\u00e1mi\u0165 i s p\u00f4\u017eitkami \u017eivota v regi\u00f3ne \u2013 napr\u00edklad dopria\u0165 si\u00a0miestnych dobr\u00f4t, napr\u00edklad v manufakt\u00farach na v\u00fdrobu \u010dokol\u00e1dy (Zotter), \u0161unky (Vulcano) alebo octu (G\u00f6lles).<\/p>\n<p style=\"text-align: center;\"><img decoding=\"async\" class=\"aligncenter\" src=\"http:\/\/slovaklinesmagazin.sk\/cms\/wp-content\/uploads\/2014\/08\/Therme-Bad-Gleichenberg-Kirche-Park-Foto-Werner-Krug_Rechte-TVB-Region-Bad-Gleichenberg-682x1024.jpg\" alt=\"Therme Bad Gleichenberg, Kirche, Park, Foto Werner Krug_Rechte TVB Region Bad Gleichenberg\" \/><\/p>\n<p style=\"text-align: center;\"><em>Therme Bad Gleichenberg, Kirche, Park, Foto Werner Krug Rechte TVB Region Bad Gleichenberg<\/em><\/p>\n<p>&nbsp;<\/p>\n<p>&nbsp;<\/p>\n","protected":false},"excerpt":{"rendered":"<p>Bad Gleichenberg &#8211; 180 rokov trad\u00edcie k\u00fape\u013en\u00edctva Uplynulo iba 180 rokov, ke\u010f sa toto \u00fazemie za\u010dalo vyu\u017e\u00edva\u0165 pre k\u00fape\u013en\u00edctvo, a to napriek\u00a0skuto\u010dnosti, \u017ee lie\u010div\u00e9 pramene vyu\u017e\u00edvali v regi\u00f3ne u\u017e Rimania. V roku 1882 vydal lek\u00e1r\u00a0Ignaz Werle p\u00edsomn\u00e9 vyhodnotenie o lie\u010divej sile \u017eriediel v Gleichenbergu. To in\u0161pirovalo vroku 1834 r\u00ed\u0161skeho spr\u00e1vcu gr\u00f3fstva Constantina von Wickenburg na [&hellip;]<\/p>\n","protected":false},"author":7,"featured_media":60076,"comment_status":"closed","ping_status":"closed","sticky":false,"template":"","format":"standard","meta":{"footnotes":""},"categories":[13,50,44],"tags":[],"class_list":["post-60075","post","type-post","status-publish","format-standard","has-post-thumbnail","hentry","category-real-estate","category-radim-vam","category-zdravie","eq-blocks"],"_links":{"self":[{"href":"https:\/\/www.slovaklinesmagazin.sk\/cms\/wp-json\/wp\/v2\/posts\/60075","targetHints":{"allow":["GET"]}}],"collection":[{"href":"https:\/\/www.slovaklinesmagazin.sk\/cms\/wp-json\/wp\/v2\/posts"}],"about":[{"href":"https:\/\/www.slovaklinesmagazin.sk\/cms\/wp-json\/wp\/v2\/types\/post"}],"author":[{"embeddable":true,"href":"https:\/\/www.slovaklinesmagazin.sk\/cms\/wp-json\/wp\/v2\/users\/7"}],"replies":[{"embeddable":true,"href":"https:\/\/www.slovaklinesmagazin.sk\/cms\/wp-json\/wp\/v2\/comments?post=60075"}],"version-history":[{"count":1,"href":"https:\/\/www.slovaklinesmagazin.sk\/cms\/wp-json\/wp\/v2\/posts\/60075\/revisions"}],"predecessor-version":[{"id":60079,"href":"https:\/\/www.slovaklinesmagazin.sk\/cms\/wp-json\/wp\/v2\/posts\/60075\/revisions\/60079"}],"wp:featuredmedia":[{"embeddable":true,"href":"https:\/\/www.slovaklinesmagazin.sk\/cms\/wp-json\/wp\/v2\/media\/60076"}],"wp:attachment":[{"href":"https:\/\/www.slovaklinesmagazin.sk\/cms\/wp-json\/wp\/v2\/media?parent=60075"}],"wp:term":[{"taxonomy":"category","embeddable":true,"href":"https:\/\/www.slovaklinesmagazin.sk\/cms\/wp-json\/wp\/v2\/categories?post=60075"},{"taxonomy":"post_tag","embeddable":true,"href":"https:\/\/www.slovaklinesmagazin.sk\/cms\/wp-json\/wp\/v2\/tags?post=60075"}],"curies":[{"name":"wp","href":"https:\/\/api.w.org\/{rel}","templated":true}]}}