{"id":60227,"date":"2014-10-02T13:17:02","date_gmt":"2014-10-02T11:17:02","guid":{"rendered":"http:\/\/slovaklinesmagazin.sk\/cms\/?p=60227"},"modified":"2014-10-03T07:52:22","modified_gmt":"2014-10-03T05:52:22","slug":"fotografia-praca-ako-hobby","status":"publish","type":"post","link":"https:\/\/www.slovaklinesmagazin.sk\/cms\/2014\/10\/fotografia-praca-ako-hobby\/","title":{"rendered":"Fotografia \u2013 pr\u00e1ca ako hobby"},"content":{"rendered":"<p>Fotografick\u00fa s\u00fa\u0165a\u017e Najkraj\u0161\u00ed kvet tohto roku vyhrala talentovan\u00e1 fotografka So\u0148a Vere\u0161ov\u00e1. Hlasovanie prebehlo nasoci\u00e1lnej sieti facebook v priebehu leta. V\u00ed\u0165azn\u00e9 Cyklameny poch\u00e1dzaj\u00fa z jej star\u0161\u00edch albumov, dnes sa s\u00fastred\u00ed na detsk\u00fa fotografiu.<\/p>\n<p style=\"text-align: center;\"><img loading=\"lazy\" decoding=\"async\" class=\"aligncenter\" src=\"http:\/\/slovaklinesmagazin.sk\/cms\/wp-content\/uploads\/2014\/09\/20131110-Lili-153.jpg\" alt=\"\" width=\"653\" height=\"389\" \/><\/p>\n<p style=\"text-align: center;\">\n<p style=\"text-align: center;\"><img loading=\"lazy\" decoding=\"async\" class=\"aligncenter\" src=\"http:\/\/slovaklinesmagazin.sk\/cms\/wp-content\/uploads\/2014\/09\/20140125-matkovci-27.jpg\" alt=\"20140125-matkovci-27\" width=\"648\" height=\"918\" \/><\/p>\n<p>&nbsp;<\/p>\n<p><strong>Ak\u00e1 bola va\u0161a cesta k fotografii?<\/strong><\/p>\n<p>Na za\u010diatku v\u0161etk\u00e9ho boli asi \u010dasopisy o cestovan\u00ed a pr\u00edrode. V n\u00e1dhern\u00fdch ve\u013ek\u00fdch obr\u00e1zkoch som videla pr\u00edbehy, ktor\u00e9 ma fascinovali. Tro\u0161ka farieb na papieri a v nich bolo \u00faplne v\u0161etko. Dok\u00e1zali preklen\u00fa\u0165 priepasti medzi kult\u00farami, krajinami aj gener\u00e1ciami. K vlastn\u00e9mu fotografovaniu ma priviedli n\u00e1rodn\u00e9 parky v Spojen\u00fdch \u0161t\u00e1toch.\u00a0Nav\u0161t\u00edvila som ich po\u010das \u0161tudijn\u00e9ho pobytu a siln\u00e9 dojmy z diel pr\u00edrody som t\u00fa\u017eila zachyti\u0165 a posla\u0165 domov rodi\u010dom a bl\u00edzkym.Fotografia sa tak stala moj\u00edm int\u00edmnym a \u010dasto jedin\u00fdm komunika\u010dn\u00fdm prostriedkom, spojen\u00edm na dia\u013eku.<\/p>\n<p>&nbsp;<\/p>\n<p><strong>Po n\u00e1vrate domov pri\u0161lo asi ku zmene.<\/strong><\/p>\n<p>Za\u010dala som \u0161tudova\u0165 pr\u00edrodovedu na vysokej \u0161kole. No a snaha o zachytenie jej dokonalosti\u00a0 ma priviedli k makrofotografii. \u00a0Je to n\u00e1ro\u010dn\u00e1 discipl\u00edna, ale kr\u00e1sa a rozmanitos\u0165 v detailoch mi vtedy u\u010darovala.\u00a0Venovala som sa jej nieko\u013eko rokov, ale tak ako sa men\u00ed rokmi \u010dlovek, tak sa \u010dasto menia aj objekty a n\u00e1mety jeho fotografie. Vymenila som objekt\u00edvy, sk\u00fasila in\u00e9 \u017e\u00e1nre a\u017e som zakotvila v pr\u00edstave detskej fotografie. A moje hobby sa men\u00ed na pr\u00e1cu, ktor\u00e1 ma nap\u013a\u0148a.<\/p>\n<p>&nbsp;<\/p>\n<p><strong>Pre\u010do pr\u00e1ve detsk\u00e1 fotografia?<\/strong><\/p>\n<p>Spojen\u00edm viacero aspektov. Stala sa pre m\u0148a umen\u00edm, poslan\u00edm a rados\u0165ou z\u00e1rove\u0148. Zachyt\u00e1va kr\u00e1su nov\u00e9ho \u017eivota a c\u00edtim sa pocten\u00e1,ak tieto z\u00e1zra\u010dn\u00e9 chv\u00edle m\u00f4\u017eem nav\u017edy uchova\u0165. Je to op\u00e4\u0165 to int\u00edmne spojenie, ale teraz viac v \u010dase ako priestore. Fotografiou teraz sp\u00e1jam pr\u00edtomn\u00fd okamih \u010dloveka s jeho bud\u00facimi.<\/p>\n<p>&nbsp;<\/p>\n<p style=\"text-align: center;\"><img loading=\"lazy\" decoding=\"async\" class=\"aligncenter\" src=\"http:\/\/slovaklinesmagazin.sk\/cms\/wp-content\/uploads\/2014\/10\/veresova5_novy1.jpg\" alt=\"veresova5_novy1\" width=\"665\" height=\"575\" \/><\/p>\n<p>&nbsp;<\/p>\n<p><strong>Mysl\u00edte, ke\u010f si s\u00e1m raz svoje fotografie pozrie.<\/strong><\/p>\n<p>\u00c1no, v\u010faka fotografii z detstva si pripomenie rodi\u010dov, ich l\u00e1sku, nejak\u00e9 spolo\u010dn\u00e9 momenty. Svoju minulos\u0165 a s\u00e1m seba, nedotknut\u00e9ho e\u0161te svetom. Ako deti sme \u00faprimn\u00ed, otvoren\u00ed, d\u00f4verujeme, vo v\u0161etko ver\u00edme, sme milovan\u00ed bez z\u00e1sluh, sme autentick\u00ed. To rokmi zv\u00e4\u010d\u0161a mnoh\u00ed strat\u00edme.<\/p>\n<p>&nbsp;<\/p>\n<p><strong>Va\u0161im posolstvom je teda v\u00fdzva k autenticite.<\/strong><\/p>\n<p>Rada by som, aby bola. V z\u00e1beroch sa sna\u017e\u00edm o \u010distotu a jednoduchos\u0165, prisp\u00f4sobujem jej kompoz\u00edciu. Aj farby sa sna\u017e\u00edm voli\u0165 tak, aby v\u00fdsledn\u00fd obraz p\u00f4sobil harmonicky a pokojne. Aby bol vizu\u00e1lnym oddychom a ide\u00e1lne keby na\u0161iel miesto doma na stene. To by ma te\u0161ilo najviac.<\/p>\n<p>&nbsp;<\/p>\n<p><strong>Vyber\u00e1te si svoje modely?<\/strong><\/p>\n<p>Niekedy mami\u010dky sama oslov\u00edm. Fotogenick\u00fdm de\u0165om sa ned\u00e1 odola\u0165. O fotografie maj\u00fa najviac z\u00e1ujem mami\u010dky s prv\u00fdm die\u0165atom. Odfot\u00edm ich pred a \u010do najskor po p\u00f4rode. Zvy\u010dajne sa im fotenie tak zap\u00e1\u010di, \u017ee chc\u00fa pr\u00eds\u0165 s de\u0165mi aj nesk\u00f4r.<\/p>\n<p>&nbsp;<\/p>\n<p style=\"text-align: center;\"><img loading=\"lazy\" decoding=\"async\" class=\"aligncenter\" src=\"http:\/\/slovaklinesmagazin.sk\/cms\/wp-content\/uploads\/2014\/10\/veresova6novy1-682x1024.jpg\" alt=\"\" width=\"663\" height=\"995\" \/><\/p>\n<p>&nbsp;<\/p>\n<p><strong>S\u00fa nejak\u00e9\u00a0zvl\u00e1\u0161tnosti, ktor\u00e9 platia pre detsk\u00fa fotografiu?<\/strong><\/p>\n<p>Novorodeneck\u00e9 fotenie pl\u00e1nujem medzi 5-12 d\u0148om po naroden\u00ed. Hoci sa daj\u00fa fotografova\u0165 v ka\u017edom veku, rodi\u010dom odpor\u00fa\u010dam pr\u00e1ve toto obdobie z viacer\u00fdch d\u00f4vodov. Je to vek, kedy je die\u0165a prirodzene sch\u00falen\u00e9, dlh\u0161ie a pokojnej\u0161ie sp\u00ed. Vznikn\u00fa tak ve\u013emi emot\u00edvne a jemn\u00e9 fotografie. Tieto polohy u\u017e nesk\u00f4r nie je mo\u017en\u00e9 zrealizova\u0165. Pre bato\u013eat\u00e1 s\u00fa zase typick\u00e9 ve\u013ek\u00e9 roz\u017eiaren\u00e9 o\u010di a nastupuj\u00faci tzv. \u201cspolo\u010densk\u00fd\u201d \u00fasmev. Samozrejme, ke\u010f u\u017e deti za\u010dn\u00fa liez\u0165 \u010di stava\u0165 sa, reaguj\u00fa na podnety inak. Pri v\u00e4\u010d\u0161\u00edch de\u0165och mus\u00edm by\u0165 u\u017e aj troche psychol\u00f3gom. Die\u0165a sa mus\u00ed udom\u00e1cni\u0165, zvykn\u00fa\u0165 si na fotografovanie a treba ho z\u00edska\u0165 pre spolupr\u00e1cu. Fotenie v\u0161ak mus\u00ed prebehn\u00fa\u0165 dostato\u010dne r\u00fdchlo, preto\u00a0 \u017ee zapracuje \u00fanava a r\u00fdchlo stratia trpezlivos\u0165. Pohodlie a bezpe\u010dnos\u0165 die\u0165a\u0165a je za ka\u017ed\u00fdch okolnost\u00ed na prvom mieste.<\/p>\n<p>&nbsp;<\/p>\n<p><strong>Ako take fotenie prebieha?<\/strong><\/p>\n<p>Zriadila som si ateli\u00e9r v dom\u00e1com prostred\u00ed. Rodi\u010dia by samali c\u00edti\u0165 v prvom rade pr\u00edjemne. E\u0161te pred samotn\u00fdm foto term\u00ednom rodi\u010dom pribl\u00ed\u017eim ako fotografovanie prebieha a povodne ta bolo pozy skonzultujeme na ak\u00fd \u00fa\u010del by radi fotografie pou\u017eili. M\u00f4\u017eem napr\u00edklad prisp\u00f4sobi\u0165 farby tak, aby ladili s farbami ich domova.\u00a0 Fotenie trv\u00e1 asi 1-1,5 hodiny a v\u00fdsledkom je v\u00fdber asi 10-15 fotografi\u00ed, ktor\u00e9 e\u0161te softv\u00e9rovo upravujem.\u00a0 Na hodinky ale nepozer\u00e1m, d\u00f4le\u017eit\u00e1 je pre m\u0148a kvalita a spokojnos\u0165.<\/p>\n<p>&nbsp;<\/p>\n<p><strong>Pracujete aj v exteri\u00e9roch?<\/strong><\/p>\n<p>Alfou a omegou fotografie je svetlo. Pre portr\u00e9ty uprednost\u0148ujem dif\u00fazne, make svetlo. V ateli\u00e9ri si ho vytvor\u00edm technikou, v exteri\u00e9ry si na\u0148 mnohokr\u00e1t treba po\u010dka\u0165. N\u00e1js\u0165 si treba nielen vhodn\u00e9 miesto ale I \u010das. Tak\u00e9to fotenie si dohodnem s klientom operat\u00edvne, pod\u013ea po\u010dasia a preferenci\u00ed.<\/p>\n<p>&nbsp;<\/p>\n<p><strong>V minulosti sa sn\u00edmky retu\u0161ovali, \u010do sa s nimi deje dnes,pri pou\u017eit\u00ed digit\u00e1lnych zrkadloviek?<\/strong><\/p>\n<p>Dodato\u010dn\u00e1 \u00faprava fotografi\u00ed je neoddelite\u013en\u00e1 s\u00fa\u010das\u0165 procesu. Pr\u00e1ca, ktor\u00fa klient u\u017e nevid\u00ed.\u00a0Tu si ka\u017ed\u00fd raz\u00ed vlastn\u00fa cestu a sna\u017e\u00ed sa odl\u00ed\u0161i\u0165. Je to tie\u017e jeden zo sp\u00f4sobov ako vyjadri\u0165 na\u0161e vn\u00edmanie kr\u00e1sy a videnie. Kreat\u00edvny proces v ka\u017edom kroku. Som v\u0161ak n\u00e1zoru, \u017ee v tomto smere menej je mnoho kr\u00e1t viac. Najm\u00e4 pri detskej fotografii.<\/p>\n<p style=\"text-align: center;\">\u00a0<img loading=\"lazy\" decoding=\"async\" class=\"aligncenter\" src=\"http:\/\/slovaklinesmagazin.sk\/cms\/wp-content\/uploads\/2014\/09\/profilovka-2-682x1024.jpg\" alt=\"\" width=\"399\" height=\"599\" \/><\/p>\n<p style=\"text-align: center;\">Sona Vere\u0161ov\u00e1<\/p>\n<p>Sona Vere\u0161ov\u00e1 sa narodila v roku 1981, \u017eije a tvor\u00ed v Bratislave. Vy\u0161tudovala biogeografiu na Pr\u00edrodovedeckej fakulte a pracuje v oblasti navig\u00e1ci\u00ed.\u00a0 Amat\u00e9rskej fotografii sa venuje od sedemn\u00e1stich rokov, v detskej fotografii akt\u00edvne tvor\u00ed druh\u00fd rok. Vybran\u00e9 fotografie publikuje na str\u00e1nke <a href=\"http:\/\/www.sonaveresova.com\/\">www.sonaveresova.com<\/a><\/p>\n<p>&nbsp;<\/p>\n<p>&nbsp;<\/p>\n<p>&nbsp;<\/p>\n<p>&nbsp;<\/p>\n","protected":false},"excerpt":{"rendered":"<p>Fotografick\u00fa s\u00fa\u0165a\u017e Najkraj\u0161\u00ed kvet tohto roku vyhrala talentovan\u00e1 fotografka So\u0148a Vere\u0161ov\u00e1. Hlasovanie prebehlo nasoci\u00e1lnej sieti facebook v priebehu leta. V\u00ed\u0165azn\u00e9 Cyklameny poch\u00e1dzaj\u00fa z jej star\u0161\u00edch albumov, dnes sa s\u00fastred\u00ed na detsk\u00fa fotografiu. &nbsp; Ak\u00e1 bola va\u0161a cesta k fotografii? Na za\u010diatku v\u0161etk\u00e9ho boli asi \u010dasopisy o cestovan\u00ed a pr\u00edrode. V n\u00e1dhern\u00fdch ve\u013ek\u00fdch obr\u00e1zkoch som videla [&hellip;]<\/p>\n","protected":false},"author":7,"featured_media":60259,"comment_status":"closed","ping_status":"closed","sticky":false,"template":"","format":"standard","meta":{"footnotes":""},"categories":[5],"tags":[],"class_list":["post-60227","post","type-post","status-publish","format-standard","has-post-thumbnail","hentry","category-celebrity-magazine","eq-blocks"],"_links":{"self":[{"href":"https:\/\/www.slovaklinesmagazin.sk\/cms\/wp-json\/wp\/v2\/posts\/60227","targetHints":{"allow":["GET"]}}],"collection":[{"href":"https:\/\/www.slovaklinesmagazin.sk\/cms\/wp-json\/wp\/v2\/posts"}],"about":[{"href":"https:\/\/www.slovaklinesmagazin.sk\/cms\/wp-json\/wp\/v2\/types\/post"}],"author":[{"embeddable":true,"href":"https:\/\/www.slovaklinesmagazin.sk\/cms\/wp-json\/wp\/v2\/users\/7"}],"replies":[{"embeddable":true,"href":"https:\/\/www.slovaklinesmagazin.sk\/cms\/wp-json\/wp\/v2\/comments?post=60227"}],"version-history":[{"count":8,"href":"https:\/\/www.slovaklinesmagazin.sk\/cms\/wp-json\/wp\/v2\/posts\/60227\/revisions"}],"predecessor-version":[{"id":60672,"href":"https:\/\/www.slovaklinesmagazin.sk\/cms\/wp-json\/wp\/v2\/posts\/60227\/revisions\/60672"}],"wp:featuredmedia":[{"embeddable":true,"href":"https:\/\/www.slovaklinesmagazin.sk\/cms\/wp-json\/wp\/v2\/media\/60259"}],"wp:attachment":[{"href":"https:\/\/www.slovaklinesmagazin.sk\/cms\/wp-json\/wp\/v2\/media?parent=60227"}],"wp:term":[{"taxonomy":"category","embeddable":true,"href":"https:\/\/www.slovaklinesmagazin.sk\/cms\/wp-json\/wp\/v2\/categories?post=60227"},{"taxonomy":"post_tag","embeddable":true,"href":"https:\/\/www.slovaklinesmagazin.sk\/cms\/wp-json\/wp\/v2\/tags?post=60227"}],"curies":[{"name":"wp","href":"https:\/\/api.w.org\/{rel}","templated":true}]}}