{"id":60419,"date":"2014-09-22T10:31:59","date_gmt":"2014-09-22T08:31:59","guid":{"rendered":"http:\/\/slovaklinesmagazin.sk\/cms\/?p=60419"},"modified":"2014-09-22T10:37:41","modified_gmt":"2014-09-22T08:37:41","slug":"noclah-vo-vyske-2500-metrov","status":"publish","type":"post","link":"https:\/\/www.slovaklinesmagazin.sk\/cms\/2014\/09\/noclah-vo-vyske-2500-metrov\/","title":{"rendered":"Noc\u013eah pre skuto\u010dn\u00fdch vytrvalcov"},"content":{"rendered":"<p>V\u00a0septembri 2012 bola na po\u010des\u0165 tragicky zosnul\u00e9ho horolezca Lucu Vuerich vybudovan\u00e1 mal\u00e1 horsk\u00e1 chatka, ktor\u00e1 pon\u00faka zadarmo bezpe\u010dn\u00e9 \u00fato\u010disko ka\u017ed\u00e9mu, kto m\u00e1 z\u00e1ujem. Napriek tomu chata neprask\u00e1 pod n\u00e1porom z\u00e1ujemcov. Pre\u010do? Noc\u013eah sa nach\u00e1dza vo v\u00fd\u0161ke viac ako 2500 m na morom na hore Foronon del Buinz v\u00a0talianskych Alp\u00e1ch a\u00a0mus\u00edte si prejs\u0165 poriadnu \u201e\u0161treku\u201c, aby ste sa dostali k dver\u00e1m tohto netradi\u010dn\u00e9ho obydlia.<\/p>\n<p>Chatu postavili za jedin\u00fd de\u0148 Lucovi priatelia, dvan\u00e1sti profesion\u00e1lni robotn\u00edci a\u00a0horsk\u00ed z\u00e1chrann\u00ed dobrovo\u013en\u00edci. Ne\u0161lo by to bez pomoci vrtu\u013en\u00edka, ktor\u00fd previezol na vrchol potrebn\u00fd stavebn\u00fd materi\u00e1l. N\u00e1vrh chatky zostrojil architekt Giovanni Pesamosca tak, \u017ee jej tvar zabra\u0148uje hromadeniu snehu a\u00a0vchod je orientovan\u00fd na ju\u017en\u00fa stranu. Na 16 m<sup>2 <\/sup>sa pohodlne vyspia a\u017e deviati noc\u013ea\u017en\u00edci.<\/p>\n<p><strong>Chatka s\u00edce nie je \u017eiaden \u0161tvorhviezdi\u010dkov\u00fd hotel, no rann\u00fd poh\u013ead na Julsk\u00e9 Alpy je luxusn\u00fd!<\/strong><\/p>\n<p>Pre men\u0161\u00edch vytrvalcov je v\u00a0Alp\u00e1chv miernej\u0161\u00edch nadmorsk\u00fdch v\u00fd\u0161kach\u00a0 viacero podobn\u00fdch chatiek. V\u00e4\u010d\u0161inou sa v\u0161ak za prenocovanie mus\u00ed plati\u0165.<\/p>\n<p><a href=\"http:\/\/slovaklinesmagazin.sk\/cms\/wp-content\/uploads\/2014\/09\/116.jpg\"><img decoding=\"async\" class=\"alignnone\" src=\"http:\/\/slovaklinesmagazin.sk\/cms\/wp-content\/uploads\/2014\/09\/116.jpg\" alt=\"1\" \/><\/a> <a href=\"http:\/\/slovaklinesmagazin.sk\/cms\/wp-content\/uploads\/2014\/09\/29.jpg\"><img decoding=\"async\" class=\"alignnone\" src=\"http:\/\/slovaklinesmagazin.sk\/cms\/wp-content\/uploads\/2014\/09\/29.jpg\" alt=\"2\" \/><\/a> <a href=\"http:\/\/slovaklinesmagazin.sk\/cms\/wp-content\/uploads\/2014\/09\/36.jpg\"><img decoding=\"async\" class=\"alignnone\" src=\"http:\/\/slovaklinesmagazin.sk\/cms\/wp-content\/uploads\/2014\/09\/36.jpg\" alt=\"3\" \/><\/a> <a href=\"http:\/\/slovaklinesmagazin.sk\/cms\/wp-content\/uploads\/2014\/09\/46.jpg\"><img decoding=\"async\" class=\"alignnone\" src=\"http:\/\/slovaklinesmagazin.sk\/cms\/wp-content\/uploads\/2014\/09\/46.jpg\" alt=\"4\" \/><\/a> <a href=\"http:\/\/slovaklinesmagazin.sk\/cms\/wp-content\/uploads\/2014\/09\/55.jpg\"><img decoding=\"async\" class=\"alignnone\" src=\"http:\/\/slovaklinesmagazin.sk\/cms\/wp-content\/uploads\/2014\/09\/55.jpg\" alt=\"5\" \/><\/a> <a href=\"http:\/\/slovaklinesmagazin.sk\/cms\/wp-content\/uploads\/2014\/09\/64.jpg\"><img decoding=\"async\" class=\"alignnone\" src=\"http:\/\/slovaklinesmagazin.sk\/cms\/wp-content\/uploads\/2014\/09\/64.jpg\" alt=\"6\" \/><\/a> <a href=\"http:\/\/slovaklinesmagazin.sk\/cms\/wp-content\/uploads\/2014\/09\/74.jpg\"><img decoding=\"async\" class=\"alignnone\" src=\"http:\/\/slovaklinesmagazin.sk\/cms\/wp-content\/uploads\/2014\/09\/74.jpg\" alt=\"7\" \/><\/a> <a href=\"http:\/\/slovaklinesmagazin.sk\/cms\/wp-content\/uploads\/2014\/09\/84.jpg\"><img decoding=\"async\" class=\"alignnone\" src=\"http:\/\/slovaklinesmagazin.sk\/cms\/wp-content\/uploads\/2014\/09\/84.jpg\" alt=\"8\" \/><\/a><\/p>\n<p>Zdroj: designboom<\/p>\n","protected":false},"excerpt":{"rendered":"<p>V\u00a0septembri 2012 bola na po\u010des\u0165 tragicky zosnul\u00e9ho horolezca Lucu Vuerich vybudovan\u00e1 mal\u00e1 horsk\u00e1 chatka, ktor\u00e1 pon\u00faka zadarmo bezpe\u010dn\u00e9 \u00fato\u010disko ka\u017ed\u00e9mu, kto m\u00e1 z\u00e1ujem. Napriek tomu chata neprask\u00e1 pod n\u00e1porom z\u00e1ujemcov. Pre\u010do? Noc\u013eah sa nach\u00e1dza vo v\u00fd\u0161ke viac ako 2500 m na morom na hore Foronon del Buinz v\u00a0talianskych Alp\u00e1ch a\u00a0mus\u00edte si prejs\u0165 poriadnu \u201e\u0161treku\u201c, aby [&hellip;]<\/p>\n","protected":false},"author":9,"featured_media":60427,"comment_status":"closed","ping_status":"closed","sticky":false,"template":"","format":"standard","meta":{"footnotes":""},"categories":[13],"tags":[],"class_list":["post-60419","post","type-post","status-publish","format-standard","has-post-thumbnail","hentry","category-real-estate","eq-blocks"],"_links":{"self":[{"href":"https:\/\/www.slovaklinesmagazin.sk\/cms\/wp-json\/wp\/v2\/posts\/60419","targetHints":{"allow":["GET"]}}],"collection":[{"href":"https:\/\/www.slovaklinesmagazin.sk\/cms\/wp-json\/wp\/v2\/posts"}],"about":[{"href":"https:\/\/www.slovaklinesmagazin.sk\/cms\/wp-json\/wp\/v2\/types\/post"}],"author":[{"embeddable":true,"href":"https:\/\/www.slovaklinesmagazin.sk\/cms\/wp-json\/wp\/v2\/users\/9"}],"replies":[{"embeddable":true,"href":"https:\/\/www.slovaklinesmagazin.sk\/cms\/wp-json\/wp\/v2\/comments?post=60419"}],"version-history":[{"count":5,"href":"https:\/\/www.slovaklinesmagazin.sk\/cms\/wp-json\/wp\/v2\/posts\/60419\/revisions"}],"predecessor-version":[{"id":80688,"href":"https:\/\/www.slovaklinesmagazin.sk\/cms\/wp-json\/wp\/v2\/posts\/60419\/revisions\/80688"}],"wp:featuredmedia":[{"embeddable":true,"href":"https:\/\/www.slovaklinesmagazin.sk\/cms\/wp-json\/wp\/v2\/media\/60427"}],"wp:attachment":[{"href":"https:\/\/www.slovaklinesmagazin.sk\/cms\/wp-json\/wp\/v2\/media?parent=60419"}],"wp:term":[{"taxonomy":"category","embeddable":true,"href":"https:\/\/www.slovaklinesmagazin.sk\/cms\/wp-json\/wp\/v2\/categories?post=60419"},{"taxonomy":"post_tag","embeddable":true,"href":"https:\/\/www.slovaklinesmagazin.sk\/cms\/wp-json\/wp\/v2\/tags?post=60419"}],"curies":[{"name":"wp","href":"https:\/\/api.w.org\/{rel}","templated":true}]}}