{"id":60594,"date":"2014-09-30T12:16:31","date_gmt":"2014-09-30T10:16:31","guid":{"rendered":"http:\/\/slovaklinesmagazin.sk\/cms\/?p=60594"},"modified":"2014-09-30T12:16:31","modified_gmt":"2014-09-30T10:16:31","slug":"150-rokov-od-prveho-vystupu-na-matterhorn-viedli-k-vzniku-uzasnych-fotografii","status":"publish","type":"post","link":"https:\/\/www.slovaklinesmagazin.sk\/cms\/2014\/09\/150-rokov-od-prveho-vystupu-na-matterhorn-viedli-k-vzniku-uzasnych-fotografii\/","title":{"rendered":"150 rokov od prv\u00e9ho v\u00fdstupu na Matterhorn viedli k vzniku \u00fa\u017easn\u00fdch fotografi\u00ed"},"content":{"rendered":"<p>Vrchol hory Matterhorn, kde v\u00e1s ohrozuje sneh a \u013eadov\u00fd vietor, nie je ide\u00e1lne miesto na kreat\u00edvne fotografovanie. Napriek tomu stovky odv\u00e1\u017enych horolezcov s\u00fahlasili s ponukou spolupracova\u0165 s fotografom Robertom B\u00f6schom pri pr\u00edle\u017eitosti bl\u00ed\u017eiaceho sa 150. v\u00fdro\u010dia od prv\u00e9ho v\u00fdstupu na jeden z najkraj\u0161\u00edch a najmajest\u00e1tnej\u0161\u00edch vrcholov \u00c1lp.<br \/>\nMatterhorn budil svojimi nezvy\u010dajne strm\u00fdmi stenami u horolezcov re\u0161pekt a pr\u00e1ve preto bol poslednou zdolanou alpskou \u0161tvortis\u00edcovkou. Jeho zdolanie sa stalo vecou prest\u00ed\u017ee a podarilo sa to a\u017e 14. j\u00fala 1865 sedem\u010dlennej v\u00fdprave pod veden\u00edm Brita Edwarda Whympera. Napriek sk\u00fasen\u00e9mu vodcovi sa n\u00e1vrat pre \u0161tyroch \u010dlenov v\u00fdpravy stal osudn\u00fdm. Pr\u00ed\u010dinou ne\u0161\u0165astia bola nepozornos\u0165 nezn\u00e1meho mlad\u00edka D. Hadowa, ktor\u00fd sa z\u00fa\u010dastnil v\u00fdstupu v absol\u00fatne nevhodn\u00fdch top\u00e1nkach a je z\u00e1hadou, \u017ee sa medzi \u010dlenov v\u00fdpravy v\u00f4bec dostal.<br \/>\nV s\u00fa\u010dasnosti je u\u017e obdivovan\u00fd Matterhorn relat\u00edvne frekventovan\u00fdm vrcholom, ktor\u00fd zdolaj\u00fa aj sk\u00fasenej\u0161\u00ed vysokohorsk\u00ed turisti s riadnym horolezeck\u00fdm v\u00fdstrojom.<br \/>\nT\u00edm horolezcov spolu s fotografom Robertom B\u00f6schom zvl\u00e1dli n\u00e1ro\u010dn\u00e9 fotenie na z\u00e1kazku \u0161vaj\u010diarskej firmy Mammut bez probl\u00e9mov a jej v\u00fdsledok v plnej kr\u00e1se uvid\u00edte v jej kampani na rok 2015.<\/p>\n<p><a href=\"http:\/\/slovaklinesmagazin.sk\/cms\/wp-content\/uploads\/2014\/09\/136.jpg\"><img decoding=\"async\" class=\"alignnone\" src=\"http:\/\/slovaklinesmagazin.sk\/cms\/wp-content\/uploads\/2014\/09\/136.jpg\" alt=\"1\" \/><\/a> <a href=\"http:\/\/slovaklinesmagazin.sk\/cms\/wp-content\/uploads\/2014\/09\/221.jpg\"><img decoding=\"async\" class=\"alignnone\" src=\"http:\/\/slovaklinesmagazin.sk\/cms\/wp-content\/uploads\/2014\/09\/221.jpg\" alt=\"2\" \/><\/a> <a href=\"http:\/\/slovaklinesmagazin.sk\/cms\/wp-content\/uploads\/2014\/09\/315.jpg\"><img decoding=\"async\" class=\"alignnone\" src=\"http:\/\/slovaklinesmagazin.sk\/cms\/wp-content\/uploads\/2014\/09\/315.jpg\" alt=\"3\" \/><\/a> <a href=\"http:\/\/slovaklinesmagazin.sk\/cms\/wp-content\/uploads\/2014\/09\/415.jpg\"><img decoding=\"async\" class=\"alignnone\" src=\"http:\/\/slovaklinesmagazin.sk\/cms\/wp-content\/uploads\/2014\/09\/415.jpg\" alt=\"4\" \/><\/a> <a href=\"http:\/\/slovaklinesmagazin.sk\/cms\/wp-content\/uploads\/2014\/09\/513.jpg\"><img decoding=\"async\" class=\"alignnone\" src=\"http:\/\/slovaklinesmagazin.sk\/cms\/wp-content\/uploads\/2014\/09\/513.jpg\" alt=\"5\" \/><\/a> <a href=\"http:\/\/slovaklinesmagazin.sk\/cms\/wp-content\/uploads\/2014\/09\/611.jpg\"><img decoding=\"async\" class=\"alignnone\" src=\"http:\/\/slovaklinesmagazin.sk\/cms\/wp-content\/uploads\/2014\/09\/611.jpg\" alt=\"6\" \/><\/a> <a href=\"http:\/\/slovaklinesmagazin.sk\/cms\/wp-content\/uploads\/2014\/09\/79.jpg\"><img decoding=\"async\" class=\"alignnone\" src=\"http:\/\/slovaklinesmagazin.sk\/cms\/wp-content\/uploads\/2014\/09\/79.jpg\" alt=\"7\" \/><\/a> <a href=\"http:\/\/slovaklinesmagazin.sk\/cms\/wp-content\/uploads\/2014\/09\/810.jpg\"><img decoding=\"async\" class=\"alignnone\" src=\"http:\/\/slovaklinesmagazin.sk\/cms\/wp-content\/uploads\/2014\/09\/810.jpg\" alt=\"8\" \/><\/a> <a href=\"http:\/\/slovaklinesmagazin.sk\/cms\/wp-content\/uploads\/2014\/09\/98.jpg\"><img decoding=\"async\" class=\"alignnone\" src=\"http:\/\/slovaklinesmagazin.sk\/cms\/wp-content\/uploads\/2014\/09\/98.jpg\" alt=\"9\" \/><\/a> <a href=\"http:\/\/slovaklinesmagazin.sk\/cms\/wp-content\/uploads\/2014\/09\/108.jpg\"><img decoding=\"async\" class=\"alignnone\" src=\"http:\/\/slovaklinesmagazin.sk\/cms\/wp-content\/uploads\/2014\/09\/108.jpg\" alt=\"10\" \/><\/a> <a href=\"http:\/\/slovaklinesmagazin.sk\/cms\/wp-content\/uploads\/2014\/09\/1114.jpg\"><img decoding=\"async\" class=\"alignnone\" src=\"http:\/\/slovaklinesmagazin.sk\/cms\/wp-content\/uploads\/2014\/09\/1114.jpg\" alt=\"11\" \/><\/a> <a href=\"http:\/\/slovaklinesmagazin.sk\/cms\/wp-content\/uploads\/2014\/09\/1211.jpg\"><img decoding=\"async\" class=\"alignnone\" src=\"http:\/\/slovaklinesmagazin.sk\/cms\/wp-content\/uploads\/2014\/09\/1211.jpg\" alt=\"12\" \/><\/a> <a href=\"http:\/\/slovaklinesmagazin.sk\/cms\/wp-content\/uploads\/2014\/09\/137.jpg\"><img decoding=\"async\" class=\"alignnone\" src=\"http:\/\/slovaklinesmagazin.sk\/cms\/wp-content\/uploads\/2014\/09\/137.jpg\" alt=\"13\" \/><\/a><\/p>\n<p>Zdroj: Boredpanda.com<br \/>\nFoto: Robert B\u00f6sch<\/p>\n","protected":false},"excerpt":{"rendered":"<p>Vrchol hory Matterhorn, kde v\u00e1s ohrozuje sneh a \u013eadov\u00fd vietor, nie je ide\u00e1lne miesto na kreat\u00edvne fotografovanie. Napriek tomu stovky odv\u00e1\u017enych horolezcov s\u00fahlasili s ponukou spolupracova\u0165 s fotografom Robertom B\u00f6schom pri pr\u00edle\u017eitosti bl\u00ed\u017eiaceho sa 150. v\u00fdro\u010dia od prv\u00e9ho v\u00fdstupu na jeden z najkraj\u0161\u00edch a najmajest\u00e1tnej\u0161\u00edch vrcholov \u00c1lp. Matterhorn budil svojimi nezvy\u010dajne strm\u00fdmi stenami u horolezcov [&hellip;]<\/p>\n","protected":false},"author":9,"featured_media":60608,"comment_status":"closed","ping_status":"closed","sticky":false,"template":"","format":"standard","meta":{"footnotes":""},"categories":[13],"tags":[],"class_list":["post-60594","post","type-post","status-publish","format-standard","has-post-thumbnail","hentry","category-real-estate","eq-blocks"],"_links":{"self":[{"href":"https:\/\/www.slovaklinesmagazin.sk\/cms\/wp-json\/wp\/v2\/posts\/60594","targetHints":{"allow":["GET"]}}],"collection":[{"href":"https:\/\/www.slovaklinesmagazin.sk\/cms\/wp-json\/wp\/v2\/posts"}],"about":[{"href":"https:\/\/www.slovaklinesmagazin.sk\/cms\/wp-json\/wp\/v2\/types\/post"}],"author":[{"embeddable":true,"href":"https:\/\/www.slovaklinesmagazin.sk\/cms\/wp-json\/wp\/v2\/users\/9"}],"replies":[{"embeddable":true,"href":"https:\/\/www.slovaklinesmagazin.sk\/cms\/wp-json\/wp\/v2\/comments?post=60594"}],"version-history":[{"count":1,"href":"https:\/\/www.slovaklinesmagazin.sk\/cms\/wp-json\/wp\/v2\/posts\/60594\/revisions"}],"predecessor-version":[{"id":60609,"href":"https:\/\/www.slovaklinesmagazin.sk\/cms\/wp-json\/wp\/v2\/posts\/60594\/revisions\/60609"}],"wp:featuredmedia":[{"embeddable":true,"href":"https:\/\/www.slovaklinesmagazin.sk\/cms\/wp-json\/wp\/v2\/media\/60608"}],"wp:attachment":[{"href":"https:\/\/www.slovaklinesmagazin.sk\/cms\/wp-json\/wp\/v2\/media?parent=60594"}],"wp:term":[{"taxonomy":"category","embeddable":true,"href":"https:\/\/www.slovaklinesmagazin.sk\/cms\/wp-json\/wp\/v2\/categories?post=60594"},{"taxonomy":"post_tag","embeddable":true,"href":"https:\/\/www.slovaklinesmagazin.sk\/cms\/wp-json\/wp\/v2\/tags?post=60594"}],"curies":[{"name":"wp","href":"https:\/\/api.w.org\/{rel}","templated":true}]}}