{"id":60848,"date":"2014-10-15T15:28:13","date_gmt":"2014-10-15T13:28:13","guid":{"rendered":"http:\/\/slovaklinesmagazin.sk\/cms\/?p=60848"},"modified":"2014-10-15T15:33:42","modified_gmt":"2014-10-15T13:33:42","slug":"prilis-vela-vodackych-amaterov-na-vode-to-nedopadne-nikdy-dobre","status":"publish","type":"post","link":"https:\/\/www.slovaklinesmagazin.sk\/cms\/2014\/10\/prilis-vela-vodackych-amaterov-na-vode-to-nedopadne-nikdy-dobre\/","title":{"rendered":"Prili\u0161 ve\u013ea vod\u00e1ckych amat\u00e9rov na vode. To nedopadne nikdy dobre !"},"content":{"rendered":"<p><span id=\"result_box\" lang=\"sk\" tabindex=\"-1\">Legend\u00e1rna vod\u00e1cka jesenn\u00e1 akcia na ktor\u00fa sa cel\u00fa sez\u00f3nu te\u0161\u00ed \u0161irok\u00e1 vod\u00e1cka verejnos\u0165 &#8211; teda hlavne div\u00e1cka vod\u00e1cka verejnos\u0165. <\/span><\/p>\n<p><span id=\"result_box\" lang=\"sk\" tabindex=\"-1\"><\/span><span id=\"result_box\" lang=\"sk\" tabindex=\"-1\">V r\u00fdchlych perej\u00e1ch, valcoch a n\u00edzkych l\u00e1vkach \u00fazkeho zarasten\u00e9ho potoka nemaj\u00fa za\u010diato\u010dn\u00edci \u0161ancu!<br \/>\nRybn\u00edk Vav\u0159inec cel\u00fd rok naber\u00e1 vodu, aby na z\u00e1ver sez\u00f3ny pripravil vod\u00e1kom rodeo. Potok sa otvoren\u00edm stavidiel zmen\u00ed na drav\u00fd tok, ktor\u00fd sa preplet\u00e1 medzi stromami v zalesnenom \u00fadol\u00ed.<br \/>\nTrasa pretekov Vav\u0159inec &#8211; Tou\u0161ice je dlh\u00e1 16 km a obtia\u017enos\u0165 potoka je klasifikovan\u00e1 ako WW II-III.<br \/>\n<\/span><br \/>\n<iframe loading=\"lazy\" frameborder=\"0\" height=\"360\" src=\"\/\/www.youtube.com\/embed\/DoH3BZimiu4?feature=player_detailpage\" width=\"640\"><\/iframe><\/p>\n","protected":false},"excerpt":{"rendered":"<p>Legend\u00e1rna vod\u00e1cka jesenn\u00e1 akcia na ktor\u00fa sa cel\u00fa sez\u00f3nu te\u0161\u00ed \u0161irok\u00e1 vod\u00e1cka verejnos\u0165 &#8211; teda hlavne div\u00e1cka vod\u00e1cka verejnos\u0165. V r\u00fdchlych perej\u00e1ch, valcoch a n\u00edzkych l\u00e1vkach \u00fazkeho zarasten\u00e9ho potoka nemaj\u00fa za\u010diato\u010dn\u00edci \u0161ancu! Rybn\u00edk Vav\u0159inec cel\u00fd rok naber\u00e1 vodu, aby na z\u00e1ver sez\u00f3ny pripravil vod\u00e1kom rodeo. Potok sa otvoren\u00edm stavidiel zmen\u00ed na drav\u00fd tok, ktor\u00fd sa [&hellip;]<\/p>\n","protected":false},"author":7,"featured_media":60852,"comment_status":"closed","ping_status":"closed","sticky":false,"template":"","format":"standard","meta":{"footnotes":""},"categories":[1],"tags":[],"class_list":["post-60848","post","type-post","status-publish","format-standard","has-post-thumbnail","hentry","category-nezaradene","eq-blocks"],"_links":{"self":[{"href":"https:\/\/www.slovaklinesmagazin.sk\/cms\/wp-json\/wp\/v2\/posts\/60848","targetHints":{"allow":["GET"]}}],"collection":[{"href":"https:\/\/www.slovaklinesmagazin.sk\/cms\/wp-json\/wp\/v2\/posts"}],"about":[{"href":"https:\/\/www.slovaklinesmagazin.sk\/cms\/wp-json\/wp\/v2\/types\/post"}],"author":[{"embeddable":true,"href":"https:\/\/www.slovaklinesmagazin.sk\/cms\/wp-json\/wp\/v2\/users\/7"}],"replies":[{"embeddable":true,"href":"https:\/\/www.slovaklinesmagazin.sk\/cms\/wp-json\/wp\/v2\/comments?post=60848"}],"version-history":[{"count":4,"href":"https:\/\/www.slovaklinesmagazin.sk\/cms\/wp-json\/wp\/v2\/posts\/60848\/revisions"}],"predecessor-version":[{"id":60853,"href":"https:\/\/www.slovaklinesmagazin.sk\/cms\/wp-json\/wp\/v2\/posts\/60848\/revisions\/60853"}],"wp:featuredmedia":[{"embeddable":true,"href":"https:\/\/www.slovaklinesmagazin.sk\/cms\/wp-json\/wp\/v2\/media\/60852"}],"wp:attachment":[{"href":"https:\/\/www.slovaklinesmagazin.sk\/cms\/wp-json\/wp\/v2\/media?parent=60848"}],"wp:term":[{"taxonomy":"category","embeddable":true,"href":"https:\/\/www.slovaklinesmagazin.sk\/cms\/wp-json\/wp\/v2\/categories?post=60848"},{"taxonomy":"post_tag","embeddable":true,"href":"https:\/\/www.slovaklinesmagazin.sk\/cms\/wp-json\/wp\/v2\/tags?post=60848"}],"curies":[{"name":"wp","href":"https:\/\/api.w.org\/{rel}","templated":true}]}}