{"id":61261,"date":"2014-11-09T13:25:37","date_gmt":"2014-11-09T11:25:37","guid":{"rendered":"http:\/\/slovaklinesmagazin.sk\/cms\/?p=61261"},"modified":"2014-11-09T13:25:37","modified_gmt":"2014-11-09T11:25:37","slug":"slovenska-filharmonia-vas-pozyva-na-koncerty-66-sezony","status":"publish","type":"post","link":"https:\/\/www.slovaklinesmagazin.sk\/cms\/2014\/11\/slovenska-filharmonia-vas-pozyva-na-koncerty-66-sezony\/","title":{"rendered":"Slovensk\u00e1 filharm\u00f3nia v\u00e1s poz\u00fdva na koncerty 66. Sez\u00f3ny"},"content":{"rendered":"<p>Ak m\u00e1te chu\u0165 z\u00e1js\u0165 v Bratislave za kult\u00farou, ur\u010dite nezabudnite nav\u0161t\u00edvi\u0165 prekr\u00e1sne zrekon\u0161truovan\u00fa bratislavsk\u00fa Redutu, kde sa pravidelne konaj\u00fa koncerty klasickej hudby<\/p>\n<p>V septembri tohto roku Slovensk\u00e1 filharm\u00f3nia otvorila svoju 66. koncertn\u00fa sez\u00f3nu, ktor\u00e1 pon\u00faka n\u00e1v\u0161tevn\u00edkom \u0161irok\u00e9 spektrum hudobn\u00fdch podujat\u00ed do j\u00fana nasleduj\u00faceho roka. Na v\u00fdber s\u00fa symfonick\u00e9 a vok\u00e1lno- in\u0161trument\u00e1lne koncerty v Koncertnej sieni SF, koncerty pre deti, teenagerov, medzi\u017e\u00e1nrov\u00e9 ve\u010dery, komorn\u00e9 koncerty \u2013 recit\u00e1ly popredn\u00fdch interpretov a vyst\u00fapenia komorn\u00fdch zoskupen\u00ed, koncerty s\u00faborov interpretuj\u00facich hudbu na dobov\u00fdch n\u00e1strojoch, hudobno-liter\u00e1rne ve\u010dery. Vo vybran\u00e9 nede\u013en\u00e9 popoludnia v\u00e1s srde\u010dne poz\u00fdvame na organov\u00e9 koncerty \u010di koncerty legend\u00e1rneho Slovensk\u00e9ho komorn\u00e9ho orchestra. Po boku na\u0161ich telies \u2013 orchestra Slovensk\u00e1 filharm\u00f3nia a Slovensk\u00e9ho filharmonick\u00e9ho zboru sa aj v tejto sez\u00f3ne vystrieda mno\u017estvo popredn\u00fdch dom\u00e1cich a zahrani\u010dn\u00fdch dirigentov a s\u00f3listov.<\/p>\n<p>&nbsp;<\/p>\n<p style=\"text-align: center;\"><img decoding=\"async\" class=\"aligncenter\" src=\"http:\/\/slovaklinesmagazin.sk\/cms\/wp-content\/uploads\/2014\/11\/SF.png\" alt=\"Slovensk\u00e1 Filharm\u00f3nia\" \/><\/p>\n<p><strong>\u00a0<\/strong><\/p>\n<p><strong>\u00a0<\/strong><\/p>\n<p><strong>Kto bude hos\u0165ova\u0165 po boku orchestra Slovensk\u00e1 filharm\u00f3nia?<\/strong><\/p>\n<p>Slovensk\u00e1 filharm\u00f3nia sa v hlavn\u00fdch koncertn\u00fdch cykloch predstav\u00ed pod taktovkou viacer\u00fdch dirigentov \u2013 franc\u00fazskeho \u0161\u00e9fdirigenta SF Emmanuela Villauma, st\u00e1lych hos\u0165uj\u00facich dirigentov SF Rastislava \u0160t\u00fara a Leo\u0161a Sv\u00e1rovsk\u00e9ho, Pavla Baleffa, \u0161\u00e9fdirigenta Baden-Badenskej filharm\u00f3nie, dlhoro\u010dn\u00e9ho a pravideln\u00e9ho hos\u0165a sez\u00f3n Slovenskej filharm\u00f3nie Alexandra Rahbariho, \u010desk\u00e9ho dirigenta Petra Altrichtera, rak\u00faskeho dirigenta Ralfa Weikerta, s ktor\u00fdm na\u0161e s\u00fabory (SF a SFZ) ka\u017edoro\u010dne spolupracuj\u00fa na Festivale Richarda Wagnera v rak\u00faskom Welse. Po 30 rokoch sa do bratislavskej Reduty vracia ako zrel\u00fd umelec nemeck\u00fd dirigent rusk\u00e9ho p\u00f4vodu Thomas Sanderling, debutovo sa v sez\u00f3ne predstav\u00ed Dmitry Sitkovetsky, ktor\u00fd sa akt\u00edvne venuje aj hre na husliach. Po dvoch rokoch bude hos\u0165ova\u0165 v Slovenskej filharm\u00f3nii George Pehlivanian, americk\u00fd dirigent arm\u00e9nskeho p\u00f4vodu.<\/p>\n<p>Aj zlo\u017eenie s\u00f3listov bude medzin\u00e1rodn\u00e9 \u2013 v\u00a0novembri sa predstav\u00ed jeden z najv\u00fdraznej\u0161\u00edch interpretov mladej gener\u00e1cie slovensk\u00fdch klaviristov Matej Arend\u00e1rik, s\u00f3listkou decembrov\u00fdch koncertov k\u00f3rejsk\u00e1 klaviristka Soo Jung Ann, minuloro\u010dn\u00e1 v\u00ed\u0165azka Medzin\u00e1rodnej klav\u00edrnej s\u00fa\u0165a\u017ee Ludwiga van Beethovena v Bonne. Debutovo sa predstav\u00ed v bratislavskej Redute mlad\u00e1 \u010d\u00ednska hus\u013eov\u00e1 virtu\u00f3zka Tianwa Yang. \u010eal\u0161\u00edm hos\u0165om je Andrey Yaroshinsky, mlad\u00fd rusk\u00fd klav\u00edrny virtu\u00f3z, dr\u017eite\u013e 1. ceny na Medzin\u00e1rodnej klav\u00edrnej s\u00fa\u0165a\u017ei Premio Iturbi vo Valencii, po tret\u00edkr\u00e1t v\u00a0bratislavskej Redute vyst\u00fapi Andrew von Oeyen, v New Yorku \u017eij\u00faci klavirista, ktor\u00fd patr\u00ed medzi najv\u00fdraznej\u0161ie umeleck\u00e9 osobnosti svojej gener\u00e1cie. V apr\u00edli to bude rusko-izraelsk\u00fd klavirista Boris Giltburg, J\u00e9r\u00f4me Pernoo \u2013 franc\u00fazsky umelec, ktor\u00fd sa venuje hre na modernom aj barokovom n\u00e1stroji, Stefan Dohr, 1. hornista Berl\u00ednskej filharm\u00f3nie.<\/p>\n<p>\u010clenom jedn\u00e9ho z najlep\u0161\u00edch symfonick\u00fdch telies je od roku 1993. Argent\u00ednska mezzosopranistka Bernarda Fink, ktor\u00e1 sa narodila v Slovinsku. V\u00a0s\u00fa\u010dasnosti spolupracuje so svetov\u00fdmi orchestrami \u2013 Viedensk\u00e1 filharm\u00f3nia, Lond\u00fdnska filharm\u00f3nia, \u010cesk\u00e1 filharm\u00f3nia&#8230; Po \u0161tyroch rokoch bude op\u00e4\u0165 hos\u0165om sez\u00f3ny jeden z najv\u00fdraznej\u0161\u00edch predstavite\u013eov \u010deskej hus\u013eovej \u0161koly s\u00fa\u010dasnosti \u2013 Ivan \u017denat\u00fd, debutovo so Slovenskou filharm\u00f3niou vyst\u00fapi mlad\u00fd japonsk\u00fd violon\u010delista Dai Miyata. Na j\u00fanovej dvojici koncertov vyst\u00fapi klav\u00edrny virtu\u00f3z a gener\u00e1lny riadite\u013e SF Marian Lap\u0161ansk\u00fd. Vo vok\u00e1lno-in\u0161trument\u00e1lnych dielach to bud\u00fa popredn\u00ed opern\u00ed spev\u00e1ci, ktor\u00ed vyst\u00fapia so Slovenskou filharm\u00f3niou a Slovensk\u00fdm fil harmonick\u00fdm zborom \u2013 Ivan Kusnjer, Roman Jan\u00e1l, Tom\u00e1\u0161 Juh\u00e1sz, rusk\u00e1 sopranistka Marina Shaguch, Ter\u00e9zia Kru\u017eliakov\u00e1, popredn\u00fd slovensk\u00fd basista Peter Mikul\u00e1\u0161, Eva Horny\u00e1kov\u00e1, Adriana Koh\u00fatkov\u00e1, Martin Malachovsk\u00fd a Tom\u00e1\u0161 \u010cern\u00fd. V ponuke nech\u00fdbaj\u00fa sviato\u010dn\u00e9 koncerty \u2013 Viano\u010dn\u00e9, Silvestrovsk\u00fd, Novoro\u010dn\u00fd a samozrejme, popul\u00e1rnej\u0161ie tematicky laden\u00e9 koncerty \u2013 napr\u00edklad mimoriadne ob\u013e\u00faben\u00e9 a\u00a0\u017eiadan\u00e9 koncerty filmovej hudby. Te\u0161\u00edme sa na v\u00e1\u0161 potlesk na koncertoch v bratislavskej REDUTE.<\/p>\n<p>&nbsp;<\/p>\n<p>&nbsp;<\/p>\n<p><strong>Program koncertov \/ november<\/strong><\/p>\n<p>&nbsp;<\/p>\n<p><strong>6., 7. \u0161tvrtok, piatok <\/strong>Koncertn\u00e1 sie\u0148 SF, 19.00 h Slovensk\u00e1 filharm\u00f3nia Thomas Sanderling dirigent Jozef Lupt\u00e1\u010dik klarinet B\u00e1lint Kov\u00e1cs viola<\/p>\n<ol>\n<li>Brahms Tragick\u00e1 predohra op. 81 M. Bruch Koncert pre klarinet, violu a orchester e mol op. 88<\/li>\n<li>Brahms Klav\u00edrne kvarteto g mol op. 25 (orch. A. Sch\u00f6nberg)<\/li>\n<\/ol>\n<p><strong>\u00a0<\/strong><\/p>\n<ol>\n<li><strong> utorok<\/strong><\/li>\n<\/ol>\n<p>Mal\u00e1 s\u00e1la SF, 19.00 h Franti\u0161ek Novotn\u00fd husle Igor Arda\u0161ev klav\u00edr Muchovo kvarteto E. W. Korngold Mnoho kriku pre ni\u010d, suita pre husle a\u00a0klav\u00edr R. Strauss Son\u00e1ta Es dur pre husle a klav\u00edr op. 18 E. Chausson Koncert D dur pre husle, klav\u00edr a sl\u00e1\u010dikov\u00e9 kvarteto op. 21<\/p>\n<p><strong>\u00a0<\/strong><\/p>\n<ol start=\"4\">\n<li><strong> piatok<\/strong><\/li>\n<\/ol>\n<p>Koncertn\u00e1 sie\u0148 SF, 19.00 h Slovensk\u00e1 filharm\u00f3nia Szymon Bywalec dirigent Peter Zwiebel viola Koncert v r\u00e1mci XXVII. Ro\u010dn\u00edka festivalu Nov\u00e1 slovensk\u00e1 hudba<\/p>\n<p><strong>\u00a0<\/strong><\/p>\n<ol start=\"5\">\n<li><strong> sobota<\/strong><\/li>\n<\/ol>\n<p>Koncertn\u00e1 sie\u0148 SF, 16.00 h \u010clenovia orchestra Slovensk\u00e1 filharm\u00f3nia Marek Pia\u010dek dirigent Detsk\u00ed \u00fa\u010dinkuj\u00faci zo ZU\u0160 Rajec a\u00a0ZU\u0160 L. \u00c1rvaya \u017dilina Zuzana Kolenov\u00e1 pedagogick\u00e9 vedenie Martin Vanek moder\u00e1tor V spolupr\u00e1ci s kult\u00farnym uzlom Stanica \u017dilina-Z\u00e1rie\u010die Marek Pia\u010dek 2\u2018 16\u201c a pol: Vesm\u00edrna odysea, s\u00fa\u010dasn\u00e1 opera<\/p>\n<p><strong>\u00a0<\/strong><\/p>\n<p><strong>20.,21. \u0161tvrtok, piatok<\/strong><\/p>\n<p>Koncertn\u00e1 sie\u0148 SF, 19.00 h Slovensk\u00e1 filharm\u00f3nia Pavel Baleff dirigent Matej Arend\u00e1rik klav\u00edr J. Brahms Koncert pre klav\u00edr a\u00a0orchester \u010d. 1 d mol op. 15 P. I. \u010cajkovskij Symf\u00f3nia \u010d. 1 g mol Zimn\u00e9 sny op. 1<\/p>\n<p><strong>\u00a0<\/strong><\/p>\n<ol start=\"3\">\n<li><strong> nede\u013ea<\/strong><\/li>\n<\/ol>\n<p>Mal\u00e1 s\u00e1la SF, 16.00 h Slovensk\u00fd komorn\u00fd orchester Ewald Danel umeleck\u00fd ved\u00faci \/ husle F. Mendelssohn-Bartholdy Symf\u00f3nia \u010d. 8 D dur D. Kardo\u0161 Partita pre 12 sl\u00e1\u010dikov\u00fdch n\u00e1strojov op. 43 N. Wilhelm Gade Okteto F dur op. 17<\/p>\n<p><strong>\u00a0<\/strong><\/p>\n<ol start=\"5\">\n<li><strong> utorok<\/strong><\/li>\n<\/ol>\n<p>Mal\u00e1 s\u00e1la SF, 19.00 h Koncert v spolupr\u00e1ci s\u00a0International Holland Music Sessions Trio Cleonice L. van Beethoven Klav\u00edrne trio G dur op. 1 \u010d. 2 R. Wernick Klav\u00edrne trio \u010d. 2 The Traits of Messina B. Smetana Klav\u00edrne trio g mol op. 15<\/p>\n<p><strong>\u00a0<\/strong><\/p>\n<p><strong>27., 28. \u0161tvrtok, piatok<\/strong><\/p>\n<p>Koncertn\u00e1 sie\u0148 SF, 19.00 h Slovensk\u00e1 filharm\u00f3nia Dmitry Sitkovetsky dirigent \/ husle L. van Beethoven Koncert pre husle a orchester D dur op.61 S. Rachmaninov Symfonick\u00e9 tance op. 45<\/p>\n<p>&nbsp;<\/p>\n<p>&nbsp;<\/p>\n<p><strong>Program koncertov \/ december<\/strong><\/p>\n<p><strong>\u00a0<\/strong><\/p>\n<ol start=\"2\">\n<li><strong> utorok<\/strong><\/li>\n<\/ol>\n<p>Mal\u00e1 s\u00e1la SF, 19.00 h Dalibor Karvay husle Igor F\u00e1bera hoboj Katar\u00edna Turnerov\u00e1 harfa Richard Stanke hovoren\u00e9 slovo Franc\u00fazsky impresionizmus v\u00a0hudbe i po\u00e9zii<\/p>\n<p><strong>\u00a0<\/strong><\/p>\n<p><strong>4., 5. \u0161tvrtok, piatok<\/strong><\/p>\n<p>Koncertn\u00e1 sie\u0148 SF, 19.00 h Slovensk\u00e1 filharm\u00f3nia Emmanuel Villaume dirigent Soo-Jung Ann klav\u00edr Ch. W. Gluck Don Juan, baletn\u00e1 hudba L. van Beethoven Koncert pre klav\u00edr a orchester \u010d. 4 G dur op. 58 J. Brahms Symf\u00f3nia \u010d. 1 c mol op. 68<\/p>\n<p><strong>\u00a0<\/strong><\/p>\n<p><strong>11., 12. \u0161tvrtok, piatok<\/strong><\/p>\n<p>Koncertn\u00e1 sie\u0148 SF, 19.00 h Slovensk\u00e1 filharm\u00f3nia Emmanuel Villaume dirigent Jer\u00f4me Pernoo violon\u010delo B. Britten Matin\u00e9es musicales op. 24 J. Offenbach Concerto militaire pre violon\u010delo a orchester G dur R. Schumann Symf\u00f3nia \u010d. 3 Es dur R\u00fdnska op.97<\/p>\n<p><strong>\u00a0<\/strong><\/p>\n<ol start=\"4\">\n<li><strong> nede\u013ea<\/strong><\/li>\n<\/ol>\n<p>Koncertn\u00e1 sie\u0148 SF, 16.00 h Wolfgang Capek organ Organov\u00fd recit\u00e1l<\/p>\n<p><strong>\u00a0<\/strong><\/p>\n<ol start=\"6\">\n<li><strong> utorok<\/strong><\/li>\n<\/ol>\n<p>Mal\u00e1 s\u00e1la SF, 19.00 h Solamente naturali Vocale Solamente naturali Milo\u0161 Valent umeleck\u00fd ved\u00faci \/ husle Viano\u010dn\u00fd koncert J. J. Ryba \u010cesk\u00e1 m\u0161e v\u00e1no\u010dn\u00ed<\/p>\n<p><strong>\u00a0<\/strong><\/p>\n<p><strong>18., 19. \u0161tvrtok, piatok<\/strong><\/p>\n<p>Koncertn\u00e1 sie\u0148 SF, 19.00 h Slovensk\u00e1 filharm\u00f3nia Slovensk\u00fd filharmonick\u00fd zbor Emmanuel Villaume dirigent Jozef Chabro\u0148 zbormajster Andrew von Oeyen klav\u00edr Adriana Koh\u00fatkov\u00e1 sopr\u00e1n Martin Malachovsk\u00fd basbaryt\u00f3n K. Penderecki Adagietto z\u00a0opery Straten\u00fd raj W. A. Mozart Koncert pre klav\u00edr a\u00a0orchester c mol KV 491 G. Faur\u00e9 Requiem d mol op. 48<\/p>\n<p><strong>\u00a0<\/strong><\/p>\n<p><strong>21., 22. nede\u013ea, pondelok<\/strong><\/p>\n<p>Koncertn\u00e1 sie\u0148 SF, 19.00 h Slovensk\u00e1 filharm\u00f3nia Bratislavsk\u00fd chlap\u010densk\u00fd zbor Rastislav \u0160t\u00far dirigent Magdal\u00e9na Rov\u0148\u00e1kov\u00e1 zbormajsterka Miriam Garajov\u00e1 sopr\u00e1n Viano\u010dn\u00e9 koledy<\/p>\n<p><strong>\u00a0<\/strong><\/p>\n<p><strong>31., streda<\/strong><\/p>\n<p>Koncertn\u00e1 sie\u0148 SF, 19.00 h Slovensk\u00e1 filharm\u00f3nia Rastislav \u0160t\u00far dirigent Eva Horny\u00e1kov\u00e1 sopr\u00e1n Otokar Klein tenor Silvestrovsk\u00fd koncert J. Strauss a\u00a0s\u00fa\u010dasn\u00edci<\/p>\n<p>&nbsp;<\/p>\n<p>&nbsp;<\/p>\n<p><em>Vstupenky na koncerty s\u00fa v predaji v pokladnici Slovenskej filharm\u00f3nie, Reduta, N\u00e1m. Eugena Sucho\u0148a 1, Bratislava, otvoren\u00e1 je Po: 9.00 \u2013 14.00, Ut \u2013 Pia: 13.00 \u2013 19.00, rezerv\u00e1cie 02\/20475233, e-mail: vstupenky@ filharmonia.sk, po\u010das celej 66. koncertnej sez\u00f3ny je mo\u017en\u00e9 zak\u00fapi\u0165 si vstupenky ONLINE na webovej str\u00e1nke www.filharmonia.sk \u2013 cez syst\u00e9m N\u00c1V\u0160TEVN\u00cdK.sk a vyu\u017e\u00edva\u0165 pohodln\u00fd online predaj. VIAC INFORM\u00c1CI\u00cd N\u00c1JDETE na str\u00e1nke www.filharmonia.sk<\/em><\/p>\n<p>&nbsp;<\/p>\n<p>Fotografia na titulke:<\/p>\n<p>Emmanuel Villaume, \u0161\u00e9fdirigent SF | foto: Peter Brenkus<\/p>\n","protected":false},"excerpt":{"rendered":"<p>Ak m\u00e1te chu\u0165 z\u00e1js\u0165 v Bratislave za kult\u00farou, ur\u010dite nezabudnite nav\u0161t\u00edvi\u0165 prekr\u00e1sne zrekon\u0161truovan\u00fa bratislavsk\u00fa Redutu, kde sa pravidelne konaj\u00fa koncerty klasickej hudby V septembri tohto roku Slovensk\u00e1 filharm\u00f3nia otvorila svoju 66. koncertn\u00fa sez\u00f3nu, ktor\u00e1 pon\u00faka n\u00e1v\u0161tevn\u00edkom \u0161irok\u00e9 spektrum hudobn\u00fdch podujat\u00ed do j\u00fana nasleduj\u00faceho roka. Na v\u00fdber s\u00fa symfonick\u00e9 a vok\u00e1lno- in\u0161trument\u00e1lne koncerty v Koncertnej sieni [&hellip;]<\/p>\n","protected":false},"author":7,"featured_media":61263,"comment_status":"closed","ping_status":"closed","sticky":false,"template":"","format":"standard","meta":{"footnotes":""},"categories":[48],"tags":[],"class_list":["post-61261","post","type-post","status-publish","format-standard","has-post-thumbnail","hentry","category-umenie-a-kultura","eq-blocks"],"_links":{"self":[{"href":"https:\/\/www.slovaklinesmagazin.sk\/cms\/wp-json\/wp\/v2\/posts\/61261","targetHints":{"allow":["GET"]}}],"collection":[{"href":"https:\/\/www.slovaklinesmagazin.sk\/cms\/wp-json\/wp\/v2\/posts"}],"about":[{"href":"https:\/\/www.slovaklinesmagazin.sk\/cms\/wp-json\/wp\/v2\/types\/post"}],"author":[{"embeddable":true,"href":"https:\/\/www.slovaklinesmagazin.sk\/cms\/wp-json\/wp\/v2\/users\/7"}],"replies":[{"embeddable":true,"href":"https:\/\/www.slovaklinesmagazin.sk\/cms\/wp-json\/wp\/v2\/comments?post=61261"}],"version-history":[{"count":1,"href":"https:\/\/www.slovaklinesmagazin.sk\/cms\/wp-json\/wp\/v2\/posts\/61261\/revisions"}],"predecessor-version":[{"id":61264,"href":"https:\/\/www.slovaklinesmagazin.sk\/cms\/wp-json\/wp\/v2\/posts\/61261\/revisions\/61264"}],"wp:featuredmedia":[{"embeddable":true,"href":"https:\/\/www.slovaklinesmagazin.sk\/cms\/wp-json\/wp\/v2\/media\/61263"}],"wp:attachment":[{"href":"https:\/\/www.slovaklinesmagazin.sk\/cms\/wp-json\/wp\/v2\/media?parent=61261"}],"wp:term":[{"taxonomy":"category","embeddable":true,"href":"https:\/\/www.slovaklinesmagazin.sk\/cms\/wp-json\/wp\/v2\/categories?post=61261"},{"taxonomy":"post_tag","embeddable":true,"href":"https:\/\/www.slovaklinesmagazin.sk\/cms\/wp-json\/wp\/v2\/tags?post=61261"}],"curies":[{"name":"wp","href":"https:\/\/api.w.org\/{rel}","templated":true}]}}