{"id":61824,"date":"2014-12-05T16:12:02","date_gmt":"2014-12-05T14:12:02","guid":{"rendered":"http:\/\/slovaklinesmagazin.sk\/cms\/?p=61824"},"modified":"2014-12-05T16:17:19","modified_gmt":"2014-12-05T14:17:19","slug":"orlicke-hory-oblecene-do-adventu-to-je-zarucena-romantika","status":"publish","type":"post","link":"https:\/\/www.slovaklinesmagazin.sk\/cms\/2014\/12\/orlicke-hory-oblecene-do-adventu-to-je-zarucena-romantika\/","title":{"rendered":"Orlick\u00e9 hory oble\u010den\u00e9 do adventu,  to je zaru\u010den\u00e1 romantika!"},"content":{"rendered":"<p>V\u016fn\u011b adventu \u2013 koncerty, jarmarky, v\u00fdstavy, tipy na z\u00e1\u017eitky, zimn\u00ed radov\u00e1nky a relaxace, tradice \u00fasteck\u00fdch betl\u00e9m\u016f, origin\u00e1ln\u00ed d\u00e1rky z Orlick\u00fdch hor<\/p>\n<p>Orlick\u00e9 hory z\u00edsk\u00e1vaj\u00ed st\u00e1le na oblib\u011b, a to d\u00edky jejich podmaniv\u00e9 p\u0159\u00edrod\u011b, klidu a p\u0159\u00edv\u011btiv\u00fdm lidem. V \u010dase adventn\u00edm jsou pak tyto p\u0159ednosti obzvl\u00e1\u0161\u0165 v\u00edt\u00e1ny, nebo\u0165 jsou pot\u0159ebn\u00fdm protip\u00f3lem sou\u010dasn\u00e9ho p\u0159edv\u00e1no\u010dn\u00edho shonu. Vra\u0165te V\u00e1noc\u016fm jejich p\u016fvodn\u00ed v\u00fdznam. Na chv\u00edli se zastavte a zregenerujte sv\u00e9 s\u00edly pr\u00e1v\u011b v Orlick\u00fdch hor\u00e1ch a Podorlicku!<\/p>\n<p>V Orlick\u00fdch hor\u00e1ch a Podorlicku najdete spoustu m\u00edst, kter\u00e1 V\u00e1m p\u0159irostou k srdci. Jin\u00e9 jsou na ja\u0159e, v l\u00e9t\u011b, jin\u00e9 na podzim \u010di v zim\u011b. Poj\u010fte s n\u00e1mi n\u011bkter\u00e1 z nich objevit pr\u00e1v\u011b v dob\u011b p\u0159\u00edchodu zimy a tradi\u010dn\u00edch sv\u00e1tk\u016f. Krom\u011b kr\u00e1sn\u00e9 p\u0159\u00edrody na V\u00e1s \u010dekaj\u00ed v\u00e1no\u010dn\u011b vyzdoben\u00e1 m\u011bsta a malebn\u00e9 vesni\u010dky, tradi\u010dn\u00ed jarmarky, staro\u010desk\u00e9 zvyky, v\u00fdstavy a adventn\u00ed koncerty. Ka\u017ed\u00fd si zde najde to sv\u00e9!<\/p>\n<p><strong>Advent &#8211; \u010das dlouh\u00fdch noc\u00ed. Rozj\u00edmejte, tvo\u0159te a hlavn\u011b relaxujte!<\/strong><\/p>\n<p>V minulosti by v tento \u010das do orlick\u00fdch chalup proklouzla doba p\u016fstu, ticha a pokory. Byl to \u010das stmelen\u00ed rodiny, kter\u00e1 se sch\u00e1zela ve sv\u011btni\u010dce, kde se vykon\u00e1valy drobn\u00e9 ru\u010dn\u00ed pr\u00e1ce, ale tak\u00e9 doba pro na\u010derp\u00e1n\u00ed vnit\u0159n\u00ed energie. V dob\u011b postn\u00ed se s n\u00ed muselo obzvl\u00e1\u0161t\u011b \u0161et\u0159it! Dnes je tomu ji\u017e jinak, rodinu posiluj\u00ed spole\u010dn\u00e9 z\u00e1\u017eitky \u010dasto mimo domov, b\u011b\u017en\u00fd shon aspo\u0148 na chv\u00edli zklidn\u00ed adventn\u00ed koncerty, v\u00e1no\u010dn\u00ed v\u00fdstavy a jarmarky. N\u00e1vrat k tradic\u00edm a \u0159emesl\u016fm pr\u00e1v\u011b v tuto dobu z\u00edsk\u00e1v\u00e1 je\u0161t\u011b v\u00edce na oblib\u011b. Snad pro ten nostalgick\u00fd a zd\u00e1nliv\u00fd klid jsou tolik p\u0159ita\u017eliv\u00e9.<\/p>\n<p style=\"text-align: center;\"><img loading=\"lazy\" decoding=\"async\" class=\"aligncenter\" src=\"http:\/\/slovaklinesmagazin.sk\/cms\/wp-content\/uploads\/2014\/12\/Advent-Mezi-horami_adventni-koncerty-1024x682.jpg\" alt=\"Advent Mezi horami_adventni koncerty\" width=\"768\" height=\"512\" \/><\/p>\n<p style=\"text-align: center;\">Advent Mezi horami &#8211; adventni koncerty<\/p>\n<p>Chcete-li Va\u0161e p\u0159edv\u00e1no\u010dn\u00ed lad\u011bn\u00ed spojit s pozn\u00e1n\u00edm \u010desko-polsk\u00e9ho pohrani\u010d\u00ed, napl\u00e1nujte si tradi\u010dn\u00ed Advent Mezi horami. \u201eKoncerty jsou spojen\u00e9 s v\u00e1no\u010dn\u00edmi jarmarky a konaj\u00ed se v\u017edy v sobotu p\u0159ed adventn\u00ed ned\u011bl\u00ed, a to na r\u016fzn\u00fdch m\u00edstech p\u0159i \u010desko-polsk\u00e9 hranici. Prvn\u00ed z koncert\u016f ji\u017e tradi\u010dn\u011b za\u010d\u00edn\u00e1 v Orlick\u00e9m Z\u00e1ho\u0159\u00ed, kde se krom\u011b v\u00e1no\u010dn\u00edho stromu rozsv\u00edt\u00ed i kr\u00e1sn\u00fd d\u0159ev\u011bn\u00fd betl\u00e9m v \u017eivotn\u00ed velikosti\u201c, zve na zah\u00e1jen\u00ed cel\u00e9ho cyklu adventn\u00edch koncert\u016f pan\u00ed Jana Maty\u00e1\u0161ov\u00e1 z Informa\u010dn\u00edho centra v Orlick\u00e9m Z\u00e1ho\u0159\u00ed. Pomysln\u00e9 sv\u011btlo adventu pot\u00e9 putuje do polsk\u00e9ho Ziele\u0144ce, kde mimo jin\u00e9 rozsv\u00edt\u00ed betl\u00e9m p\u016fvodem pr\u00e1v\u011b z Orlick\u00e9ho Z\u00e1ho\u0159\u00ed, pokra\u010duje v Barto\u0161ovic\u00edch v Orlick\u00fdch hor\u00e1ch s v\u00e1no\u010dn\u00edm jarmarkem zdej\u0161\u00edch chr\u00e1n\u011bn\u00fdch d\u00edlen a kon\u010d\u00ed v Neratov\u011b, v kostele s kr\u00e1snou akustikou a d\u00edky prosklen\u00e9 st\u0159e\u0161e p\u0159\u00edmo pod hv\u011bzdnou oblohou.<\/p>\n<p>Na Podorlicku pat\u0159\u00ed mezi ty nejzn\u00e1m\u011bj\u0161\u00ed a obl\u00edben\u00e9 Lan\u0161krounsk\u00fd advent, spojen\u00fd p\u0159edev\u0161\u00edm s osobnost\u00ed medi\u00e1ln\u011b zn\u00e1m\u00e9ho a p\u0159\u00e1telsk\u00e9ho lan\u0161krounsk\u00e9ho d\u011bkana Zbigniewa Czendlika. Rozmanit\u00fd program je z\u00e1\u017eitkem pro celou rodinu. Ka\u017edou adventn\u00ed ned\u011bli zde m\u016f\u017eete v\u017edy ve stejn\u00fd \u010das pro\u017e\u00edt adventn\u00ed koncerty v kostele sv.V\u00e1clava, nav\u0161t\u00edvit staro\u010desk\u00e9 trhy v prostor\u00e1ch n\u00e1dvo\u0159\u00ed lan\u0161krounsk\u00e9ho z\u00e1mku nebo tv\u016fr\u010d\u00ed d\u00edlny v M\u011bstsk\u00e9m muzeu na n\u00e1m\u011bst\u00ed, a v\u0161e zakon\u010dit p\u0159\u00edjemn\u00fdm posezen\u00edm v n\u011bkter\u00e9 ze zdej\u0161\u00edch kav\u00e1ren \u010di restaurac\u00ed. \u010cek\u00e1 na V\u00e1s v\u00fdroba pap\u00edrov\u00fdch ozdob, and\u00edlk\u016f, vesel\u00fdch zvone\u010dk\u016f, ale tak\u00e9 v\u00fdroba v\u00e1no\u010dn\u00edho cukrov\u00ed nebo pleten\u00ed v\u00e1no\u010dek.<\/p>\n<p>&nbsp;<\/p>\n<p style=\"text-align: center;\"><img loading=\"lazy\" decoding=\"async\" class=\"aligncenter\" src=\"http:\/\/slovaklinesmagazin.sk\/cms\/wp-content\/uploads\/2014\/12\/Advent-Mezi-horami_jarmark-na-KOPECKU_Bartosovice-v-Orl.h._autor-Sdruzeni-Neratov-1024x882.jpg\" alt=\"\" width=\"779\" height=\"671\" \/><\/p>\n<p>Ty prav\u00e9 staro\u010desk\u00e9 V\u00e1noce za\u017eijete na tradi\u010dn\u00edm Z\u00e1meck\u00e9m jarmarku v Rokytnici v Orlick\u00fdch hor\u00e1ch. Jedine\u010dn\u00e1 atmosf\u00e9ra p\u0159\u00edle\u017eitostn\u011b zp\u0159\u00edstupn\u011bn\u00e9ho z\u00e1mku a aran\u017em\u00e1 v duchu staro\u010desk\u00fdch V\u00e1noc na v\u00e1s d\u00fdchne d\u00e1vnou minulost\u00ed. B\u00fdval\u00e9 kon\u00edrny o\u017eij\u00ed tvo\u0159iv\u00fdmi d\u00edlnami, kde se m\u016f\u017eete zapojit do v\u00fdroby v\u00e1no\u010dn\u00edch ozdob, sv\u00ed\u010dek, pap\u00edrov\u00fdch vlo\u010dek a dal\u0161\u00edch v\u00e1no\u010dn\u00edch tradic, a n\u00e1dvo\u0159\u00ed z\u00e1mku zase probud\u00ed v\u00e1no\u010dn\u00ed jarmark, \u017eiv\u00e1 hudba i nejr\u016fzn\u011bj\u0161\u00ed dobroty.<\/p>\n<p><strong>Vypravte se za z\u00e1\u017eitky<\/strong><\/p>\n<p>D\u011bti miluj\u00ed p\u0159\u00edb\u011bhy a cht\u011bj\u00ed z\u00e1\u017eitky, a p\u0159edv\u00e1no\u010dn\u00ed \u010das se tipy jenom hem\u017e\u00ed. Prvn\u00edm v\u00e1no\u010dn\u00edm zv\u011bstov\u00e1n\u00edm je rozsv\u011bcen\u00ed v\u00e1no\u010dn\u00edch strom\u016f, kter\u00e1 se odehr\u00e1vaj\u00ed t\u00e9m\u011b\u0159 v ka\u017ed\u00e9m m\u011bst\u011b a vesni\u010dce, doprov\u00e1z\u00ed je jarmarky, \u017eiv\u00e9 betl\u00e9my, zp\u00edv\u00e1n\u00ed koled \u010di oh\u0148ostroje. Na jeden takov\u00fd m\u016f\u017eete vyrazit t\u0159eba do Letohradu. Atmosf\u00e9ru dotvo\u0159\u00ed kr\u00e1sn\u00e9 n\u00e1m\u011bst\u00ed s barokn\u00edmi domy, proch\u00e1zka z\u00e1meck\u00fdm parkem nebo Zlat\u00e1 uli\u010dka s ateli\u00e9ry. V\u00fdlet lze nav\u00edc obohatit n\u00e1v\u0161t\u011bvou zdej\u0161\u00edho vyhl\u00e1\u0161en\u00e9ho Muzea \u0159emesel nebo bl\u00edzk\u00e9 Tvrze Orlice. Program pro celou rodinu zde nab\u00edz\u00ed i v zim\u011b, a ukon\u010d\u00edte-li z\u00e1\u017eitek posezen\u00edm u dobr\u00e9ho pit\u00ed a j\u00eddla ve stylov\u00e9 restauraci, nebude to m\u00edt chybu! V muzeu budete obdivovat celou \u0161k\u00e1lu r\u016fznorod\u00fdch \u0159emesel a p\u0159enesete se v \u010dase do doby na\u0161ich p\u0159edk\u016f. Do minulosti se vr\u00e1t\u00edte i p\u0159i prohl\u00eddce tvrze, kde krom\u011b p\u0159ekr\u00e1sn\u00fdch interi\u00e9r\u016f uvid\u00edte nap\u0159\u00edklad dobovou kuchy\u0148, odv\u00e1\u017en\u00ed si mohou vyzkou\u0161et pr\u00e1ci na d\u0159ev\u011bn\u00e9m lisu historick\u00e9 kniha\u0159sk\u00e9 d\u00edlny a d\u011bti pobav\u00ed expozice Kouzeln\u00fd les, kter\u00e1 je interaktivn\u00ed a z\u00e1bavnou formou pou\u010d\u00ed o na\u0161\u00ed p\u0159\u00edrod\u011b i zv\u00ed\u0159\u00e1tk\u00e1ch. Tradi\u010dn\u00ed v\u00e1no\u010dn\u00ed v\u00fdstavu po\u0159\u00e1d\u00e1 tak\u00e9 m\u00edstn\u00ed M\u011bstsk\u00e9 muzeum, kter\u00e9 letos p\u0159edstav\u00ed mimo jin\u00e9 historick\u00e9 hra\u010dky a adventn\u00ed kalend\u00e1\u0159e.<\/p>\n<p style=\"text-align: center;\">\n<p>Vypr\u00e1v\u011bli jste d\u011btem ji\u017e n\u011bkdy Betl\u00e9msk\u00fd p\u0159\u00edb\u011bh? Jestli ano, tak ur\u010dit\u011b ne na z\u00e1mku! Z\u00e1mek Pot\u0161tejn otev\u00edr\u00e1 sv\u00e9 br\u00e1ny ka\u017edou adventn\u00ed sobotu a seznamuje nejen d\u011bti formou obl\u00edben\u00fdch hran\u00fdch prohl\u00eddek s p\u0159\u00edb\u011bhem V\u00e1noc. Putov\u00e1n\u00ed s and\u011blem Arielem a malou hol\u010di\u010dkou Barunkou v\u00e1no\u010dn\u011b vyzdoben\u00fdm z\u00e1mkem v duchu star\u00fdch \u010desk\u00fdch tradic, t\u0159eba s pot\u0161tejnskou medovinou \u010di v\u00e1no\u010dn\u00edm pun\u010dem, je skv\u011bl\u00fdm z\u00e1\u017eitkem pro celou rodinu. Chyb\u011bt nebude samoz\u0159ejm\u011b \u017eiv\u00fd i z\u00e1meck\u00fd betl\u00e9m v \u017eivotn\u00ed velikosti, a cel\u00fd z\u00e1mek provon\u00ed dobroty pan\u00ed cukr\u00e1\u0159ky Evel\u00edny ze z\u00e1meck\u00e9 cukr\u00e1rny. Nezapome\u0148te v\u0161ak na v\u010dasnou rezervaci!<\/p>\n<p style=\"text-align: center;\"><img loading=\"lazy\" decoding=\"async\" class=\"aligncenter\" src=\"http:\/\/slovaklinesmagazin.sk\/cms\/wp-content\/uploads\/2014\/12\/Zamek-Potstejn-v-zime-1024x691.jpg\" alt=\"Zamek Potstejn v zime\" width=\"792\" height=\"534\" \/><\/p>\n<p style=\"text-align: center;\">Zamek Potstejn v zime<\/p>\n<p>Ka\u017edoro\u010dn\u00edm z\u00e1\u017eitkem stovek d\u011bt\u00ed i dosp\u011bl\u00fdch je tradi\u010dn\u00ed Mikul\u00e1\u0161sk\u00e1 j\u00edzda historick\u00fdm vlakem z Letohradu do Lichkova a zp\u011bt, a\u0165 ji\u017e \u00fa\u010dastn\u00edk\u016f j\u00edzdy nebo jen jako div\u00e1k\u016f, kte\u0159\u00ed napjat\u011b o\u010dek\u00e1vaj\u00ed houk\u00e1n\u00ed a pr\u016fjezd parn\u00ed lokomotivy. Jedn\u00e1 se o nejstar\u0161\u00ed takovouto akci na trat\u00edch \u010cesk\u00fdch drah v \u010cR. Prvn\u00ed j\u00edzda se uskute\u010dnila jednu mrazivou sobotu v roce 1989 pr\u00e1v\u011b v Letohrad\u011b a na t\u00e9to trase! Nechyb\u00ed tradi\u010dn\u00ed obch\u016fzka Mikul\u00e1\u0161e s and\u011blem a \u010derty, v\u010detn\u011b zaslou\u017een\u00e9 nad\u00edlky. Pozor, po\u010det vstupenek je v\u0161ak omezen\u00fd!<\/p>\n<p><strong>Origin\u00e1ln\u00ed d\u00e1rky z Orlick\u00fdch hor<\/strong><\/p>\n<p>V Orlick\u00fdch hor\u00e1ch \u017eije plno \u0161ikovn\u00fdch \u0159emesln\u00edk\u016f a najdete zde \u0159adu p\u0159ekr\u00e1sn\u00fdch ateli\u00e9r\u016f a d\u00edlen, kde si m\u016f\u017eete krom\u011b vlastn\u00ed inspirace a zakoupen\u00ed v\u00fdrobk\u016f, \u0159emeslo tak\u00e9 doslova osahat. Pod dohledem \u0159emesln\u00fdch mistr\u016f si m\u016f\u017eete vyrobit pr\u00e1v\u011b tu va\u0161i vlastn\u00ed rolni\u010dku, vyrobit si misku \u010di namalovat si hrne\u010dek. V\u017edy\u0165 nejlep\u0161\u00ed d\u00e1rek je ten s l\u00e1skou vyroben\u00fd a takov\u00fd, kter\u00fd \u010dlov\u011bk pro toho druh\u00e9ho vyrob\u00ed s\u00e1m. Za vskutku origin\u00e1ln\u00edmi d\u00e1rky a v\u00e1no\u010dn\u00ed atmosf\u00e9rou va\u017ete sv\u00e9 cesty nap\u0159\u00edklad do \u00fatuln\u00e9ho Ateli\u00e9ru RENATA v Opo\u010dn\u011b, kde je hlavn\u00edm t\u00e9matem dekorace a design. Z tradi\u010dn\u00edch region\u00e1ln\u00edch v\u00fdrobk\u016f jmenujme tak\u00e9 v\u00fdbornou Frol\u00edkovu k\u00e1vu z Borohr\u00e1dku nebo Vambereckou krajku. A chcete-li se zapojit do vlastn\u00ed tvorby, pak nev\u00e1hejte a objednejte se nap\u0159\u00edklad do Ateli\u00e9ru zvona\u0159e a hrn\u010d\u00ed\u0159ky v De\u0161tn\u00e9m nebo bra\u0161n\u00e1\u0159sk\u00e9 d\u00edlny pana Hemrl\u00edka v Rokytnici v Orl.h. Nebudete litovat! Krom\u011b d\u00e1rk\u016f co maj\u00ed du\u0161i, V\u00e1s \u010dek\u00e1 p\u0159\u00edjemn\u00fd z\u00e1\u017eitek a radost z vlastn\u00edho d\u00edlka. Vyb\u00edrat origin\u00e1ln\u00ed d\u00e1rky zdej\u0161\u00edch \u0159emesln\u00edk\u016f i chr\u00e1n\u011bn\u00fdch d\u00edlen m\u016f\u017eete na v\u00e1no\u010dn\u00edch jarmarc\u00edch. \u00dasteck\u00fd advent, kter\u00fd tradi\u010dn\u011b prob\u00edh\u00e1 na M\u00edrov\u00e9m n\u00e1m\u011bst\u00ed v \u00dast\u00ed n.O., p\u0159in\u00e1\u0161\u00ed 1. adventn\u00ed ned\u011bli krom\u011b \u017eehn\u00e1n\u00ed v\u011bnc\u016f a kulturn\u00edho programu s L\u00e1\u010fou Kerndlem, tak\u00e9 v\u00e1no\u010dn\u00ed jarmark neziskov\u00fdch organizac\u00ed. Shl\u00e9dnout a koupit si tak m\u016f\u017eete plno roztomil\u00fdch a s l\u00e1skou d\u011blan\u00fdch v\u00fdrobk\u016f z d\u00edlen zdravotn\u011b posti\u017een\u00fdch, senior\u016f i d\u011bt\u00ed z m\u00edstn\u00edch \u0161kol a \u0161kolek.<\/p>\n<p><strong>Tradice \u00fasteck\u00fdch betl\u00e9m\u016f, velk\u00fd Utz\u016fv betl\u00e9m i miniatury z cel\u00e9ho sv\u011bta!<\/strong><\/p>\n<p>K V\u00e1noc\u016fm pat\u0159\u00ed betl\u00e9my. A zdej\u0161\u00ed \u201e\u00fasteck\u00e9\u201c betl\u00e9my jsou pojmem nejen v \u010cR, ale i v zahrani\u010d\u00ed. V\u00edce ne\u017e 150 let star\u00e1 tradice malov\u00e1n\u00ed a stav\u011bn\u00ed betl\u00e9m\u016f se v \u00fasteck\u00fdch i \u010deskot\u0159ebovsk\u00fdch dom\u00e1cnostech zachovala dodnes, a to v\u010detn\u011b tradice tzv. \u201echozen\u00ed po betl\u00e9mech\u201c. \u201eTehdy se soused\u00e9 v pov\u00e1no\u010dn\u00edm \u010dase nav\u0161t\u011bvovali a navz\u00e1jem si oce\u0148ovali d\u00edla star\u00fdch i sou\u010dasn\u00fdch mistr\u016f betlem\u00e1\u0159sk\u00e9ho um\u011bn\u00ed. V \u00dast\u00ed n.O. je ka\u017edoro\u010dn\u011b v dom\u00e1cnostech stav\u011bno p\u0159ibli\u017en\u011b 40 betl\u00e9m\u016f, mnohdy p\u0159es 4 m dlouh\u00e9 se stovkami figurek. A tato poetick\u00e1 tradice je st\u00e1le \u017eiv\u00e1, je v\u0161ak pot\u0159eba v\u010das se nahl\u00e1sit\u201c, s nad\u0161en\u00edm komentuje pan\u00ed Jarmila S\u00fcsserov\u00e1, \u0159editelka zdej\u0161\u00edho M\u011bstsk\u00e9ho muzea, kter\u00e9 s\u00eddl\u00ed v p\u0159ekr\u00e1sn\u00e9 Hernychov\u011b vile. Najdete zde tak\u00e9 v\u00edce ne\u017e des\u00edtku betl\u00e9m\u016f v r\u00e1mci st\u00e1l\u00fdch sb\u00edrek a leto\u0161n\u00ed V\u00e1noce nad\u011bl\u00ed vskutku exkluzivn\u00ed expozici v\u011bnovanou miniaturn\u00edm betl\u00e9m\u016fm z cel\u00e9ho sv\u011bta. Sou\u010d\u00e1st\u00ed expozice bude tak\u00e9 i jeden betl\u00e9m \u201e\u00fasteck\u00fd\u201c, co\u017e je vzhledem k jejich b\u011b\u017en\u011b n\u011bkolikametrov\u00fdm rozm\u011br\u016fm, naprostou raritou. Uvid\u00edte tak uk\u00e1zky skute\u010dn\u00e9 precizn\u00ed pr\u00e1ce a doslova milimetrov\u00e9 ove\u010dky!<\/p>\n<p>Obdivovatel\u00e9 a p\u0159\u00edznivci betlem\u00e1\u0159sk\u00e9ho \u0159emesla zam\u00ed\u0159\u00ed sv\u00e9 cesty tak\u00e9 do Ole\u0161nice v Orlick\u00fdch hor\u00e1ch na nov\u011b zrekonstruovan\u00fd mechanick\u00fd Utz\u016fv betl\u00e9m, kter\u00fd je unik\u00e1tn\u00edm d\u00edlem z \u0159ezb\u00e1\u0159sk\u00e9ho, v\u00fdtvarn\u00e9ho i technick\u00e9ho hlediska. Dokument\u00e1rn\u00ed film umo\u017en\u00ed nav\u00edc nahl\u00e9dnout do jinak nep\u0159\u00edstupn\u00fdch m\u00edst jeho dokonal\u00e9 mechaniky, kter\u00e1 p\u0159ed\u010d\u00ed i proslaven\u00fd Probo\u0161t\u016fv betl\u00e9m v T\u0159ebechovic\u00edch. Pr\u00e1v\u011b mechanick\u00fdmi betl\u00e9my dr\u017e\u00edme prvenstv\u00ed ve sv\u011btov\u00e9m m\u011b\u0159\u00edtku. Na v\u00fdstavu betl\u00e9m\u016f m\u016f\u017eete ji\u017e tradi\u010dn\u011b vyrazit tak\u00e9 do \u010cesk\u00e9 T\u0159ebov\u00e9, \u017damberka nebo Rychnova n. Kn.<\/p>\n<p><strong>V\u00e1noce po \u0160t\u011bdr\u00e9m dnu teprve za\u010d\u00ednaj\u00ed!<\/strong><\/p>\n<p>\u0160t\u011bdr\u00fd den je p\u0159edve\u010der V\u00e1noc a tradi\u010dn\u011b vrchol\u00ed p\u016flno\u010dn\u00ed m\u0161\u00ed, po t\u00e9 ji\u017e kon\u010d\u00ed obdob\u00ed p\u016fstu a za\u010d\u00ednaj\u00ed oslavy narozen\u00ed Je\u017e\u00ed\u0161ka \u2013 tedy ty prav\u00e9 V\u00e1noce se spoustou v\u016fn\u00ed, chut\u00ed a koled. V tuto dobu rodiny tr\u00e1v\u00ed nejv\u00edce \u010dasu spolu, nav\u0161t\u011bvuj\u00ed sv\u00e9 nejbli\u017e\u0161\u00ed, za kter\u00fdmi mnohdy dalece cestuj\u00ed. P\u0159i sv\u00fdch cest\u00e1ch se nechte inspirovat a napl\u00e1nujte zast\u00e1vku tak\u00e9 v Orlick\u00fdch hor\u00e1ch \u010di jejich podh\u016f\u0159\u00ed. Nese\u010fte doma, poznejte nov\u00e1 kr\u00e1sn\u00e1 m\u00edsta nebo oboha\u0165te tento \u010das t\u0159eba o n\u011bjak\u00fd ten kulturn\u00ed z\u00e1\u017eitek!<\/p>\n<p>K V\u00e1noc\u016fm neodmysliteln\u011b pat\u0159\u00ed \u010cesk\u00e1 m\u0161e v\u00e1no\u010dn\u00ed Jakuba Jana Ryby. Lahod\u00ed-li tedy tato hudba Va\u0161emu uchu, nasm\u011brujte sv\u00e9 cesty na Hej mist\u0159e! do Opo\u010dna nebo Letohradu. A pokud jste ji\u017e p\u0159ejeden\u00ed v\u00e1no\u010dn\u00edho cukrov\u00ed, prot\u00e1hn\u011bte sv\u00e1 t\u011bla a zazp\u00edvejte si! Vydejte se nap\u0159\u00edklad jako kdysi v\u0161ichni poutn\u00edci p\u011bkn\u011b \u201epo sv\u00fdch\u201c nebo na koni za V\u00e1no\u010dn\u00edm zp\u00edv\u00e1n\u00edm na Mari\u00e1nskou horu do Horn\u00ed \u010cermn\u00e9. Ka\u017edoro\u010dn\u011b se z Lan\u0161krouna na tuto 6-ti km proch\u00e1zku vyd\u00e1 v\u00edce ne\u017e 200 \u201epoutn\u00edk\u016f\u201c. C\u00edlem je n\u00e1dhern\u011b vyzdoben\u00fd poutn\u00ed kostel Narozen\u00ed Panny Marie, kter\u00fd se nach\u00e1z\u00ed p\u0159\u00edmo na hlavn\u00edm evropsk\u00e9m rozvod\u00ed. Do zp\u00edv\u00e1n\u00ed se m\u016f\u017eete zapojit tak\u00e9, texty koled dostanete u vstupu do kostela. N\u011bkte\u0159\u00ed si p\u0159in\u00e1\u0161ej\u00ed sv\u00ed\u010dky a dotv\u00e1\u0159ej\u00ed a\u017e dojemnou atmosf\u00e9ru. Nenechte si uj\u00edt tento z\u00e1\u017eitek a neopakovatelnou atmosf\u00e9ru V\u00e1noc, nejen m\u00edstem ale i lidmi!<\/p>\n<p>Dal\u0161\u00edm z cel\u00e9 \u0159ady v\u00e1no\u010dn\u00edch tip\u016f je podhorsk\u00e9 m\u011bsto Dobru\u0161ka, proslaven\u00e9 p\u0159edev\u0161\u00edm d\u00edky rodi\u0161ti Jir\u00e1skova F.L.V\u011bka, kter\u00fd je jedn\u00edm ze symbol\u016f nejen samotn\u00e9ho m\u011bsta, ale p\u0159ipom\u00edn\u00e1 dal\u0161\u00edm generac\u00edm, \u017ee hrdost \u010desk\u00e9ho n\u00e1roda by nem\u011bla b\u00fdt jen historick\u00fdm pojmem, ale samoz\u0159ejmou sou\u010d\u00e1st\u00ed ka\u017ed\u00e9ho z n\u00e1s. Krom\u011b rodn\u00e9ho domku s kupeck\u00fdm kr\u00e1mkem, zde m\u016f\u017eete nav\u0161t\u00edvit tak\u00e9 v \u010cR jedinou zp\u0159\u00edstupn\u011bnou \u201emikvi\u201c neboli \u017eidovskou ritu\u00e1ln\u00ed l\u00e1ze\u0148, \u017eidovskou synagogu, odm\u011bnit se kr\u00e1sn\u00fdm v\u00fdhledem na panorama Orlick\u00fdch hor z radni\u010dn\u00ed v\u011b\u017ee nebo se proj\u00edt lipovou alej\u00ed k malebn\u00e9mu kostel\u00edku Sv. Ducha. V tento \u010das zde nav\u00edc m\u016f\u017eete vyb\u00edrat z pestr\u00e9ho cyklu v\u00e1no\u010dn\u00edch program\u016f. Nebude chyb\u011bt v\u00e1no\u010dn\u00ed koncert, vzpom\u00ednka na star\u00e9 \u201edobr\u00e9 \u010dasy\u201c p\u0159i v\u00fdstav\u011b V\u00e1noce prvn\u00ed republiky, a zaj\u00edmav\u00e1 vypr\u00e1v\u011bn\u00ed o evropsk\u00fdch legend\u00e1ch nebo o V\u00e1noc\u00edch na\u0161ich prad\u011bde\u010dk\u016f. Milovn\u00edky pivn\u00edho moku pot\u011b\u0161\u00ed zdej\u0161\u00ed staro\u010desk\u00fd pivov\u00e1rek s Rampu\u0161\u00e1kem a relaxac\u00ed pro v\u0161echny bude nov\u011b zrekonstruovan\u00fd kryt\u00fd baz\u00e9n se saunou, p\u00e1rou i whirpool.<\/p>\n<p><strong>Zimn\u00ed radov\u00e1nky a relaxace<\/strong><\/p>\n<p>V dob\u011b adventu bychom silami m\u011bli \u0161et\u0159it, co nejv\u00edce relaxovat a na\u010derpat pot\u0159ebnou energii. Ale ka\u017ed\u00fd si tu svou energii z\u00edsk\u00e1v\u00e1 jinak. Pat\u0159\u00edte-li k t\u011bm, kter\u00e9 dob\u00edj\u00ed pr\u00e1v\u011b aktivn\u00ed pohyb, m\u016f\u017eete vesele vyb\u00edrat. Orlick\u00e9 hory nab\u00edz\u00ed skv\u011bl\u00e9 vy\u017eit\u00ed pro ly\u017ea\u0159e, b\u011b\u017eka\u0159e i brusla\u0159e, ale rovn\u011b\u017e pro snowboardisty a vyznava\u010de freestylu. Najdete zde jedny z nejlep\u0161\u00edch b\u011b\u017eeck\u00fdch ter\u00e9n\u016f, v\u00edce ne\u017e 250 km upravovan\u00fdch trat\u00ed pro klasiku i skate. Klenotem v\u0161ech tras je pak Jir\u00e1skova h\u0159ebenov\u00e1 trasa, m\u011b\u0159\u00ed 30 km a odm\u011bnou jsou \u00fa\u017easn\u00e9 v\u00fdhledy do \u010desk\u00e9 kotliny i do polsk\u00e9ho Kladska. Volit m\u016f\u017eete z komfortn\u00edch horsk\u00fdch ly\u017ea\u0159sk\u00fdch st\u0159edisek jako je De\u0161tn\u00e9, \u0158\u00ed\u010dky nebo Bukov\u00e1 hora, kter\u00e1 bav\u00ed nejen rodiny ale i n\u00e1ro\u010dn\u00e9 ly\u017ea\u0159e, a do nov\u00e9 sez\u00f3ny p\u0159ich\u00e1z\u00ed op\u011bt s \u0159adou novinek. T\u011b\u0161it se m\u016f\u017eete na nov\u00e9 apres ski bary, roz\u0161\u00ed\u0159en\u00ed sjezdovek, nov\u00e9 snowparky i kidparky. Ide\u00e1ln\u00ed rodinn\u00e9 ly\u017eov\u00e1n\u00ed nab\u00edz\u00ed tak\u00e9 cel\u00e1 \u0159ada men\u0161\u00edch ly\u017ea\u0159sk\u00fdch are\u00e1l\u016f v hor\u00e1ch i podh\u016f\u0159\u00ed jako jsou nap\u0159\u00edklad skiare\u00e1ly v Ole\u0161nici v Orlick\u00fdch hor\u00e1ch nebo Ski Pekl\u00e1k v \u010cesk\u00e9 T\u0159ebov\u00e9. Samoz\u0159ejmost\u00ed jsou d\u011btsk\u00e9 vleky, ly\u017ea\u0159sk\u00e9 \u0161koly, p\u016fj\u010dovny a zimn\u00ed bary. Pro vyznava\u010de adrenalinu nechyb\u00ed \u0161pi\u010dkov\u00e9 snowparky, j\u00edzdy na sn\u011b\u017en\u00fdch sk\u00fatrech \u010di ter\u00e9nn\u00edch \u010dty\u0159kolk\u00e1ch. Romantiky naopak nadchne proj\u00ed\u017e\u010fka se ps\u00edm sp\u0159e\u017een\u00edm, j\u00edzda na historick\u00fdch roha\u010dk\u00e1ch nebo v\u00fdlet na sn\u011b\u017enic\u00edch zimn\u00ed p\u0159\u00edrodou. Nechyb\u00ed zimn\u00ed stadiony s nab\u00eddkou ve\u0159ejn\u00e9ho bruslen\u00ed. Pro pot\u0159ebn\u00fd odpo\u010dinek a regeneraci zde najdete komplexn\u00ed nab\u00eddku kvalitn\u00edch wellness slu\u017eeb, finsk\u00e9 sauny, v\u00ed\u0159ivky, mas\u00e1\u017ee a aromakoupele, ale tak\u00e9 relaxaci ve venkovn\u00ed vyh\u0159\u00edvan\u00e9 k\u00e1di. Relaxaci za ka\u017ed\u00e9ho po\u010das\u00ed a celodenn\u00ed vy\u017eit\u00ed poskytnou d\u00edky spektru dopl\u0148kov\u00fdch wellness slu\u017eeb modern\u00ed kryt\u00e9 plaveck\u00e9 baz\u00e9ny, kter\u00e9 najdete p\u0159edev\u0161\u00edm v podh\u016f\u0159\u00ed nap\u0159. v Rychnov\u011b n.Kn\u011b\u017enou nebo \u010cesk\u00e9 T\u0159ebov\u00e9. N\u00e1v\u0161t\u011bvu kryt\u00e9ho baz\u00e9nu v \u00dast\u00ed nad Orlic\u00ed pak ocen\u00ed p\u0159edev\u0161\u00edm ekzematici, nebo\u0165 baz\u00e9n je jedin\u00fdm v regionu vyu\u017e\u00edvaj\u00edc\u00ed technologii slan\u00e9 vody na rozd\u00edl od standardn\u00edho chl\u00f3rov\u00e1n\u00ed. Pro obdob\u00ed adventu a V\u00e1noc na V\u00e1s zde \u010dek\u00e1 nap\u0159\u00edklad Saunov\u00e1n\u00ed s ritu\u00e1ly nebo \u0160t\u011bp\u00e1nsk\u00e1 vodn\u00ed noc. Vyb\u00edrejte a pl\u00e1nujte z pestr\u00e9 nab\u00eddky na\u00a0<a href=\"http:\/\/www.mojeorlickehory.cz\" target=\"_blank\"> MOJEORLICKEHORY.CZ<\/a><\/p>\n<p style=\"text-align: center;\">\u00a0<img loading=\"lazy\" decoding=\"async\" class=\"aligncenter\" src=\"http:\/\/slovaklinesmagazin.sk\/cms\/wp-content\/uploads\/2014\/12\/zimni-priroda_Mezivrsi-1024x768.jpg\" alt=\"zimni priroda_Mezivrsi\" width=\"732\" height=\"549\" \/><\/p>\n<p>Hory pat\u0159\u00ed tradi\u010dn\u011b k nejobl\u00edben\u011bj\u0161\u00edm m\u00edst\u016fm oslav konce roku, skr\u00fdvaj\u00ed romantiku v horsk\u00fdch chalup\u00e1ch, skv\u011blou nab\u00eddku wellness slu\u017eeb zdej\u0161\u00edch hotel\u016f i mo\u017enost tr\u00e1vit silvestrovsk\u00e9 vesel\u00ed p\u0159\u00edmo na sjezdovce. Na silvestrovsk\u00fd pobyt se v\u0161ak nemus\u00edte ob\u00e1vat vyrazit ani do podh\u016f\u0159\u00ed. Netradi\u010dn\u00ed silvestrovsk\u00fd pobyt nab\u00edz\u00ed nap\u0159\u00edklad Apartm\u00e1ny na vr\u0161ku v Libchav\u00e1ch. T\u011b\u0161it se zde m\u016f\u017eete na lekci nordic walking, piknikov\u00fd ko\u0161 i silvestrovsk\u00e9 uzen\u00ed masa. Do Orlick\u00fdch hor jedete zhruba 2 hodiny z Prahy, ale vyplat\u00ed se sem zajet i na den. Pokud si v\u0161ak chcete u\u017e\u00edt n\u011bjakou dal\u0161\u00ed z\u00e1bavu, napl\u00e1nujte si prodlou\u017een\u00fd v\u00edkend nebo rovnou cel\u00fd t\u00fdden. Stoj\u00ed to za to!<\/p>\n<p>&nbsp;<\/p>\n<p><span style=\"color: #ff0000;\"><strong>TIP: M\u00e1te ji\u017e KARTU HOSTA?<\/strong><\/span><\/p>\n<p>V\u00edte, \u017ee v Orlick\u00fdch hor\u00e1ch a Podorlicku v\u00e1s odm\u011bn\u00ed za to, \u017ee jste p\u0159ijeli na n\u00e1v\u0161t\u011bvu?<\/p>\n<p>P\u0159i sv\u00e9m pobytu z\u00edsk\u00e1te zdarma nejen slevovou kartu, ale kdy\u017e si spr\u00e1vn\u011b vyberete ubytovac\u00ed za\u0159\u00edzen\u00ed, m\u016f\u017eete si sv\u016fj pobyt zp\u0159\u00edjemnit slu\u017ebami zdarma, kter\u00e9 v\u00e1m ubytovatel na kartu nahraje. T\u011b\u0161it se m\u016f\u017eete na slevy na ly\u017eov\u00e1n\u00ed, mno\u017estv\u00ed wellness procedur, vstupy do muze\u00ed, adrenalinov\u00e9 j\u00edzdy na \u010dty\u0159kolk\u00e1ch \u010di mo\u017enost vyzkou\u0161et si novinky ve fitness. Neubytovali jste se? Nevad\u00ed, zajd\u011bte do n\u011bkter\u00e9ho z na\u0161ich informa\u010dn\u00edch center a kartu si kupte \u2013 je na ni p\u0159ipraven hodnotn\u00fd d\u00e1rek pro ka\u017ed\u00e9ho milovn\u00edka z\u00e1bavy.<\/p>\n<p><a href=\"http:\/\/www.orlickakarta.cz\" target=\"_blank\">V\u00cdCE NA ORLICKAKARTA.CZ<\/a><\/p>\n<p>MOJEORLICKEHORY.CZ Ji\u017e p\u00e1t\u00fdm rokem je spu\u0161t\u011bn web s turistick\u00fdmi informacemi a tipy z destinace, a od prosince se p\u0159\u00edznivci zimn\u00ed sez\u00f3ny mohou t\u011b\u0161it na zbrusu novou microsite <a href=\"http:\/\/www.kdyzjemizima.cz\" target=\"_blank\">WWW.KDYZJEMIZIMA.CZ<\/a> s ucelenou zimn\u00ed nab\u00eddkou, zaru\u010den\u00fdmi tipy na ubytov\u00e1n\u00ed i zimn\u00ed akce v Orlick\u00fdch hor\u00e1ch a Podorlicku.<\/p>\n","protected":false},"excerpt":{"rendered":"<p>V\u016fn\u011b adventu \u2013 koncerty, jarmarky, v\u00fdstavy, tipy na z\u00e1\u017eitky, zimn\u00ed radov\u00e1nky a relaxace, tradice \u00fasteck\u00fdch betl\u00e9m\u016f, origin\u00e1ln\u00ed d\u00e1rky z Orlick\u00fdch hor Orlick\u00e9 hory z\u00edsk\u00e1vaj\u00ed st\u00e1le na oblib\u011b, a to d\u00edky jejich podmaniv\u00e9 p\u0159\u00edrod\u011b, klidu a p\u0159\u00edv\u011btiv\u00fdm lidem. V \u010dase adventn\u00edm jsou pak tyto p\u0159ednosti obzvl\u00e1\u0161\u0165 v\u00edt\u00e1ny, nebo\u0165 jsou pot\u0159ebn\u00fdm protip\u00f3lem sou\u010dasn\u00e9ho p\u0159edv\u00e1no\u010dn\u00edho shonu. Vra\u0165te V\u00e1noc\u016fm [&hellip;]<\/p>\n","protected":false},"author":7,"featured_media":61825,"comment_status":"closed","ping_status":"closed","sticky":false,"template":"","format":"standard","meta":{"footnotes":""},"categories":[13,45,56],"tags":[],"class_list":["post-61824","post","type-post","status-publish","format-standard","has-post-thumbnail","hentry","category-real-estate","category-nas-tip","category-priroda","eq-blocks"],"_links":{"self":[{"href":"https:\/\/www.slovaklinesmagazin.sk\/cms\/wp-json\/wp\/v2\/posts\/61824","targetHints":{"allow":["GET"]}}],"collection":[{"href":"https:\/\/www.slovaklinesmagazin.sk\/cms\/wp-json\/wp\/v2\/posts"}],"about":[{"href":"https:\/\/www.slovaklinesmagazin.sk\/cms\/wp-json\/wp\/v2\/types\/post"}],"author":[{"embeddable":true,"href":"https:\/\/www.slovaklinesmagazin.sk\/cms\/wp-json\/wp\/v2\/users\/7"}],"replies":[{"embeddable":true,"href":"https:\/\/www.slovaklinesmagazin.sk\/cms\/wp-json\/wp\/v2\/comments?post=61824"}],"version-history":[{"count":4,"href":"https:\/\/www.slovaklinesmagazin.sk\/cms\/wp-json\/wp\/v2\/posts\/61824\/revisions"}],"predecessor-version":[{"id":61835,"href":"https:\/\/www.slovaklinesmagazin.sk\/cms\/wp-json\/wp\/v2\/posts\/61824\/revisions\/61835"}],"wp:featuredmedia":[{"embeddable":true,"href":"https:\/\/www.slovaklinesmagazin.sk\/cms\/wp-json\/wp\/v2\/media\/61825"}],"wp:attachment":[{"href":"https:\/\/www.slovaklinesmagazin.sk\/cms\/wp-json\/wp\/v2\/media?parent=61824"}],"wp:term":[{"taxonomy":"category","embeddable":true,"href":"https:\/\/www.slovaklinesmagazin.sk\/cms\/wp-json\/wp\/v2\/categories?post=61824"},{"taxonomy":"post_tag","embeddable":true,"href":"https:\/\/www.slovaklinesmagazin.sk\/cms\/wp-json\/wp\/v2\/tags?post=61824"}],"curies":[{"name":"wp","href":"https:\/\/api.w.org\/{rel}","templated":true}]}}