{"id":61849,"date":"2014-12-11T09:10:27","date_gmt":"2014-12-11T07:10:27","guid":{"rendered":"http:\/\/slovaklinesmagazin.sk\/cms\/?p=61849"},"modified":"2014-12-11T09:10:27","modified_gmt":"2014-12-11T07:10:27","slug":"v-cervenci-2015-bude-plzen-hostit-spickove-evropske-kapely-na-rock-for-people-europe","status":"publish","type":"post","link":"https:\/\/www.slovaklinesmagazin.sk\/cms\/2014\/12\/v-cervenci-2015-bude-plzen-hostit-spickove-evropske-kapely-na-rock-for-people-europe\/","title":{"rendered":"V \u010dervenci 2015 bude Plze\u0148 hostit \u0161pi\u010dkov\u00e9 evropsk\u00e9 kapely na Rock for People Europe"},"content":{"rendered":"<p>Obl\u00edben\u00fd letn\u00ed hudebn\u00ed festival Rock for People, kter\u00fd se tradi\u010dn\u011b kon\u00e1 v\u00a0Hradci Kr\u00e1lov\u00e9, chyst\u00e1 v\u00a0p\u0159\u00ed\u0161t\u00edm roce roz\u0161\u00ed\u0159en\u00ed. Speci\u00e1ln\u00ed evropsk\u00e1 edice se odehraje 3. &#8211; 5. \u010dervence 2015 v\u00a0Plzni v\u00a0r\u00e1mci Evropsk\u00e9ho hlavn\u00edho m\u011bsta kultury v\u00a0are\u00e1lu kreativn\u00ed z\u00f3ny DEPO2015 &#8211; b\u00fdval\u00e9ho depa M\u011bstsk\u00fdch dopravn\u00edch podnik\u016f, kulturn\u00edho centra Pap\u00edrna a okol\u00ed \u0159eky Radbuzy. Festival dostane m\u011bstskou podobu, co\u017e je tak\u00e9 jeden z\u00a0d\u016fle\u017eit\u00fdch c\u00edl\u016f projektu Plze\u0148 2015, a to p\u0159il\u00e1kat do m\u011bsta n\u00e1v\u0161t\u011bvn\u00edky, kte\u0159\u00ed tu str\u00e1v\u00ed p\u0159\u00edjemn\u011b \u010das a z\u00e1rove\u0148 p\u0159inesou p\u0159\u00edjmy do m\u011bsta.<\/p>\n<p>&nbsp;<\/p>\n<p style=\"text-align: center;\"><img decoding=\"async\" class=\"aligncenter\" src=\"http:\/\/slovaklinesmagazin.sk\/cms\/wp-content\/uploads\/2014\/12\/plzen_-_brana_pivovaru_plzensky_prazdroj_800x570.jpg\" alt=\"plzen_-_brana_pivovaru_plzensky_prazdroj_[800x570]\" \/><\/p>\n<p style=\"text-align: center;\">Plze\u0148 &#8211; br\u00e1na pivovaru Plzensk\u00fd Prazdroj<\/p>\n<p>\u201eN\u00e1\u0161 t\u00fdm bere p\u0159\u00edle\u017eitost zapojit se do programu Evropsk\u00e9ho hlavn\u00edho m\u011bsta kultury jako v\u00fdzvu, p\u0159i kter\u00e9 z\u00faro\u010d\u00edme sv\u00e9 dosavadn\u00ed bohat\u00e9 zku\u0161enosti v nov\u00e9m prost\u0159ed\u00ed. Chyst\u00e1me akci s\u00a0evropsk\u00fdm rozm\u011brem, kter\u00e1 p\u0159il\u00e1k\u00e1 do Plzn\u011b \u0161pi\u010dkov\u00e9 evropsk\u00e9 kapely dopln\u011bn\u00e9 o talenty ze v\u0161ech 28 \u010dlensk\u00fdch zem\u00ed Evropsk\u00e9 unie. Prostor ale dostanou i \u010desk\u00e9 kapely a samoz\u0159ejm\u011b nezapomeneme i na kapely p\u0159\u00edmo z\u00a0Plzn\u011b a okol\u00ed. V\u00a0line-upu se objev\u00ed prov\u011b\u0159en\u00e1 jm\u00e9na, kter\u00e1 u\u017e historicky vystoupila na Rock for People nebo na n\u011b m\u00e1me dobr\u00e9 kontakty od zahrani\u010dn\u00edch producent\u016f,\u201c uv\u00e1d\u00ed za po\u0159adatele Rock for People Michal Thomes. Festival Rock for People je jedin\u00fdm \u010desk\u00fdm z\u00e1stupcem Evropsk\u00e9 asociace hudebn\u00edch festival\u016f YOUROPE.<\/p>\n<p>Pr\u00e1v\u011b evropsk\u00fd rozm\u011br festivalu si z\u00e1stupci Plzn\u011b 2015 cen\u00ed. Partnerstv\u00ed se zaveden\u00fdm a respektovan\u00fdm hudebn\u00edm festivalem je garanc\u00ed kvalitn\u00edho programu. Festival je z\u00e1rove\u0148 ide\u00e1ln\u00ed platformou pro hudebn\u00ed vy\u017eit\u00ed, kter\u00e9 si \u00fa\u010dastn\u00edci mohou u\u017e\u00edt v\u00edc ne\u017e jen jednor\u00e1zov\u00fd koncert. Po\u0159adatel\u00e9 Rock for People nav\u00edc jako prvn\u00ed p\u0159i\u0161li s\u00a0nab\u00eddkou vz\u00edt po\u0159adatelsk\u00e9 riziko na sebe a spolupr\u00e1ci s\u00a0Evropsk\u00fdm hlavn\u00edm m\u011bstem kultury pojmout koproduk\u010dn\u011b.<\/p>\n<p>&nbsp;<\/p>\n<p style=\"text-align: center;\"><img decoding=\"async\" class=\"aligncenter\" src=\"http:\/\/slovaklinesmagazin.sk\/cms\/wp-content\/uploads\/2014\/12\/plzen_-_pohled_na_historicky_stred_mesta__od_sadu_5._kvetna__800x638.jpg\" alt=\"plzen_-_pohled_na_historicky_stred_mesta__od_sadu_5._kvetna__[800x638]\" \/><\/p>\n<p style=\"text-align: center;\">Plze\u0148 &#8211; poh\u013ead na historick\u00fd stred mesta od sadu 5.kv\u011btna<\/p>\n<p>\u0158editel spole\u010dnosti Plze\u0148 2015 Ji\u0159\u00ed Such\u00e1nek zd\u016fraz\u0148uje: \u201ePlze\u0148 2015 ani m\u011bsto Plze\u0148 do festivalu Rock for People Europe sponzorsky nevkl\u00e1d\u00e1 \u017e\u00e1dn\u00e9 finan\u010dn\u00ed prost\u0159edky. Jedn\u00e1 se o koprodukci v celkov\u00e9 v\u00fd\u0161i 3 milion\u016f korun, kterou spole\u010dnost Plze\u0148 2015 z\u00edskala od priv\u00e1tn\u00edch sponzor\u016f. Tato \u010d\u00e1stka se v p\u0159\u00edpad\u011b \u00fasp\u011bchu festivalu vr\u00e1t\u00ed cel\u00e1 do rozpo\u010dtu projektu Evropsk\u00e9 hlavn\u00ed m\u011bsto kultury a p\u0159\u00edpadn\u00fd zisk bude pou\u017eit na rozvoj kultury v Plzni.\u201c<\/p>\n<p>\u201eV\u011b\u0159\u00edme, \u017ee si Plze\u0148 vezme festival za sv\u016fj a rokem 2015 zde neskon\u010d\u00ed. Bereme rok 2015 jako jedine\u010dnou p\u0159\u00edle\u017eitost otestovat v\u00a0Plzni nov\u00fd form\u00e1t akce, kter\u00fd nem\u00e1 v\u00a0\u010cesk\u00e9 republice obdoby. \u017de \u201em\u011bstsk\u00fd festival\u201c je spr\u00e1vn\u00e1 \u00favaha ale ukazuje nap\u0159\u00edklad v\u00a0podobn\u00e9m duchu organizovan\u00fd festival Lolapalooza, kter\u00fd se p\u0159\u00ed\u0161t\u00ed rok poprv\u00e9 p\u0159edstav\u00ed v\u00a0Berl\u00edn\u011b. Rock For People Europe z\u00e1rove\u0148 pova\u017eujeme za spr\u00e1vnou odpov\u011b\u010f na opr\u00e1vn\u011bn\u00fd po\u017eadavek ve\u0159ejnosti na velkou hudebn\u00ed akci, kter\u00fd jsme po celou dobu p\u0159\u00edprav intenzivn\u011b vn\u00edmali. A krom\u011b toho are\u00e1l b\u00fdval\u00e9ho depa M\u011bstsk\u00fdch dopravn\u00edch podnik\u016f, kter\u00fd v\u00a0p\u0159\u00ed\u0161t\u00edm roce otev\u00edr\u00e1me jako Kreativn\u00ed z\u00f3nu DEPO2015, budujeme p\u0159edev\u0161\u00edm pro v\u00fdstavy a kreativn\u00ed d\u00edlny i koncerty nejen pro rok 2015, ale s viz\u00ed do budoucna,&#8220; dopl\u0148uje programov\u00fd \u0159editel Plzn\u011b 2015 Ji\u0159\u00ed Sul\u017eenko.<\/p>\n<p>&nbsp;<\/p>\n<p style=\"text-align: center;\"><img decoding=\"async\" class=\"aligncenter\" src=\"http:\/\/slovaklinesmagazin.sk\/cms\/wp-content\/uploads\/2014\/12\/plzen_-_pohled_na_mesto_800x533.jpg\" alt=\"plzen_-_pohled_na_mesto_[800x533]\" \/><\/p>\n<p style=\"text-align: center;\">Plze\u0148 &#8211; poh\u013ead na mesto<\/p>\n<p>\u201eV\u00a0okol\u00ed depa bude po t\u0159i letn\u00ed ve\u010dery \u017eivo, pro rezidenty ale samoz\u0159ejm\u011b chyst\u00e1me zv\u00fdhodn\u011bn\u00e9 vstupy. Prostor v\u00a0bl\u00edzkosti centra jsme zvolili i s\u00a0ohledem na to, \u017ee na\u0161\u00edm \u00fakolem je p\u0159il\u00e1kat lidi do m\u011bsta. Chceme, aby n\u00e1v\u0161t\u011bvn\u00edci festivalu mezi kapelami vyrazili na prohl\u00eddku m\u011bsta, \u0161li se pod\u00edvat do Loosov\u00fdch interi\u00e9r\u016f, na exkurzi do pivovaru, dali si ob\u011bd v\u00a0n\u011bkter\u00e9 z\u00a0vyhl\u00e1\u0161en\u00fdch plze\u0148sk\u00fdch hosp\u016fdek. Pokud by se festival konal za m\u011bstem, tento \u00fakol nespln\u00edme. S\u00a0po\u0159adateli Rock for people se bav\u00edme o tom, \u017ee p\u0159\u00edmo na festivalu bude fungovat infocentrum, kde n\u00e1v\u0161t\u011bvn\u00edci budou moci z\u00edskat informace o m\u011bst\u011b \u010di i p\u0159\u00edmo si objednat prohl\u00eddky. To v\u00fdrazn\u011b zv\u00fd\u0161\u00ed ekonomick\u00fd p\u0159\u00ednos festivalu pro m\u011bsto, stejn\u011b jako p\u0159\u00edjmy z\u00a0ubytov\u00e1n\u00ed a dal\u0161\u00edch slu\u017eeb,\u201c vysv\u011btluje Sul\u017eenko.<\/p>\n<p style=\"text-align: center;\"><img decoding=\"async\" class=\"aligncenter\" src=\"http:\/\/slovaklinesmagazin.sk\/cms\/wp-content\/uploads\/2014\/12\/plzen_800x572.jpg\" alt=\"\" \/><\/p>\n<p style=\"text-align: center;\">Plze\u0148<\/p>\n<p>Po\u0159\u00e1d\u00e1n\u00ed t\u00e9to speci\u00e1ln\u00ed edice festivalu v\u00a0dal\u0161\u00edch letech se odv\u00edj\u00ed od \u00fasp\u011bchu akce. Na prvn\u00edm ro\u010dn\u00edku Rock for People Europe v Plzni vystoup\u00ed mezi \u0161edes\u00e1tkou a sedmdes\u00e1tkou \u00fa\u010dinkuj\u00edc\u00edch ze v\u0161ech st\u00e1t\u016f Evropsk\u00e9 unie; c\u00edlem je p\u0159edstavit, co se d\u011bje zaj\u00edmav\u00e9ho na poli sou\u010dasn\u00e9 hudby v\u00a0r\u016fzn\u00fdch zem\u00edch. Prvn\u00ed jm\u00e9na interpret\u016f budou potvrzen\u00e1 na za\u010d\u00e1tku roku 2015. Vstupenky na festival se ale za\u010dnou prod\u00e1vat u\u017e do V\u00e1noc.<\/p>\n<p>&nbsp;<\/p>\n<p><strong>Fotografie<\/strong>: arch\u00edv CzechTourism<\/p>\n<p><strong>Fotografia na titulke<\/strong>: Plze\u0148 &#8211; br\u00e1na pivovaru Plze\u0148sk\u00fd Prazdroj<\/p>\n<p>&nbsp;<\/p>\n","protected":false},"excerpt":{"rendered":"<p>Obl\u00edben\u00fd letn\u00ed hudebn\u00ed festival Rock for People, kter\u00fd se tradi\u010dn\u011b kon\u00e1 v\u00a0Hradci Kr\u00e1lov\u00e9, chyst\u00e1 v\u00a0p\u0159\u00ed\u0161t\u00edm roce roz\u0161\u00ed\u0159en\u00ed. Speci\u00e1ln\u00ed evropsk\u00e1 edice se odehraje 3. &#8211; 5. \u010dervence 2015 v\u00a0Plzni v\u00a0r\u00e1mci Evropsk\u00e9ho hlavn\u00edho m\u011bsta kultury v\u00a0are\u00e1lu kreativn\u00ed z\u00f3ny DEPO2015 &#8211; b\u00fdval\u00e9ho depa M\u011bstsk\u00fdch dopravn\u00edch podnik\u016f, kulturn\u00edho centra Pap\u00edrna a okol\u00ed \u0159eky Radbuzy. Festival dostane m\u011bstskou podobu, co\u017e [&hellip;]<\/p>\n","protected":false},"author":7,"featured_media":61850,"comment_status":"closed","ping_status":"closed","sticky":false,"template":"","format":"standard","meta":{"footnotes":""},"categories":[13,45,53],"tags":[],"class_list":["post-61849","post","type-post","status-publish","format-standard","has-post-thumbnail","hentry","category-real-estate","category-nas-tip","category-ponuky","eq-blocks"],"_links":{"self":[{"href":"https:\/\/www.slovaklinesmagazin.sk\/cms\/wp-json\/wp\/v2\/posts\/61849","targetHints":{"allow":["GET"]}}],"collection":[{"href":"https:\/\/www.slovaklinesmagazin.sk\/cms\/wp-json\/wp\/v2\/posts"}],"about":[{"href":"https:\/\/www.slovaklinesmagazin.sk\/cms\/wp-json\/wp\/v2\/types\/post"}],"author":[{"embeddable":true,"href":"https:\/\/www.slovaklinesmagazin.sk\/cms\/wp-json\/wp\/v2\/users\/7"}],"replies":[{"embeddable":true,"href":"https:\/\/www.slovaklinesmagazin.sk\/cms\/wp-json\/wp\/v2\/comments?post=61849"}],"version-history":[{"count":1,"href":"https:\/\/www.slovaklinesmagazin.sk\/cms\/wp-json\/wp\/v2\/posts\/61849\/revisions"}],"predecessor-version":[{"id":61855,"href":"https:\/\/www.slovaklinesmagazin.sk\/cms\/wp-json\/wp\/v2\/posts\/61849\/revisions\/61855"}],"wp:featuredmedia":[{"embeddable":true,"href":"https:\/\/www.slovaklinesmagazin.sk\/cms\/wp-json\/wp\/v2\/media\/61850"}],"wp:attachment":[{"href":"https:\/\/www.slovaklinesmagazin.sk\/cms\/wp-json\/wp\/v2\/media?parent=61849"}],"wp:term":[{"taxonomy":"category","embeddable":true,"href":"https:\/\/www.slovaklinesmagazin.sk\/cms\/wp-json\/wp\/v2\/categories?post=61849"},{"taxonomy":"post_tag","embeddable":true,"href":"https:\/\/www.slovaklinesmagazin.sk\/cms\/wp-json\/wp\/v2\/tags?post=61849"}],"curies":[{"name":"wp","href":"https:\/\/api.w.org\/{rel}","templated":true}]}}