{"id":61857,"date":"2014-12-11T09:25:52","date_gmt":"2014-12-11T07:25:52","guid":{"rendered":"http:\/\/slovaklinesmagazin.sk\/cms\/?p=61857"},"modified":"2014-12-11T09:25:52","modified_gmt":"2014-12-11T07:25:52","slug":"v-cesku-zacina-tradicni-masopust-uzijte-si-pruvody-masek-ci-bohemsky-festival","status":"publish","type":"post","link":"https:\/\/www.slovaklinesmagazin.sk\/cms\/2014\/12\/v-cesku-zacina-tradicni-masopust-uzijte-si-pruvody-masek-ci-bohemsky-festival\/","title":{"rendered":"V \u010cesku za\u010d\u00edn\u00e1 tradi\u010dn\u00ed masopust, u\u017eijte si pr\u016fvody masek \u010di boh\u00e9msk\u00fd festival"},"content":{"rendered":"<p>Tan\u010d\u00edc\u00ed ma\u0161kary v ulic\u00edch, honosn\u00e9 b\u00e1ly, nekon\u010d\u00edc\u00ed hodov\u00e1n\u00ed. To v\u0161echno si budete moci vychutnat za\u010d\u00e1tkem roku v\u00a0\u010cesk\u00e9 republice, kde nast\u00e1v\u00e1 obdob\u00ed masopustu. Krom\u011b tradi\u010dn\u00edch oslav, zapsan\u00fdch na seznamu UNESCO, bude hlavn\u00ed m\u011bsto hostit karneval, kter\u00fd v\u00e1s p\u0159enese do doby Mozarta \u010di Casanovy.<\/p>\n<p>Chladn\u00e9 zimn\u00ed dny rozproud\u00ed v\u00a0 \u010cesku obdob\u00ed z\u00e1bavy a hostin \u2013 <strong>masopust<\/strong>. Ten i letos vyvrchol\u00ed bujar\u00fdmi pr\u016fvody masek, kter\u00e9 od konce ledna budete moci v\u00a0r\u016fzn\u00fdch koutech zem\u011b. Oslavy se chystaj\u00ed nap\u0159\u00edklad v\u00a0<strong>\u010cesk\u00e9m Krumlov\u011b<\/strong>, na v\u00fdchodo\u010desk\u00e9m <strong>Hlinecku<\/strong>, ale i v\u00a0\u010desk\u00e9 metropoli, kde vypukne boh\u00e9msk\u00fd <strong>Carnevale Praha<\/strong> s\u00a0noblesn\u00edm valent\u00fdnsk\u00fdm plesem.<\/p>\n<p>&nbsp;<\/p>\n<p style=\"text-align: center;\"><img decoding=\"async\" class=\"aligncenter\" src=\"http:\/\/slovaklinesmagazin.sk\/cms\/wp-content\/uploads\/2014\/12\/Masopust-Hlinecko_Luk\u00e1\u0161-\u017dentel-2.jpg\" alt=\"\" \/><\/p>\n<p style=\"text-align: center;\">Masopust &#8211; Hlinecko<\/p>\n<p>&nbsp;<\/p>\n<p><strong>Masopust p\u0159in\u00e1\u0161el na stoly zab\u00edja\u010dkov\u00e9 hody a do rodin svatby <\/strong><\/p>\n<p>Oslavy masopustu nejsou v\u00a0\u010cesku \u017e\u00e1dn\u00e1 novinka. Prvn\u00ed zm\u00ednka o nich se datuje ji\u017e do 13. stolet\u00ed a pravd\u011bpodobn\u011b nav\u00e1zaly na starov\u011bk\u00e9 uct\u00edv\u00e1n\u00ed boha v\u00edna Bakcha. I kdy\u017e dnes mnoz\u00ed pova\u017euj\u00ed za masopust jenom ma\u0161karn\u00ed pr\u016fvod, obdob\u00ed veselen\u00ed se v\u017edy za\u010d\u00ednalo u\u017e 6. ledna a pobaven\u00ed v\u00a0ulic\u00edch bylo pouze jeho vyvrcholen\u00edm. B\u011bhem masopustn\u00edch dn\u00ed bylo ve zvyku uspo\u0159\u00e1dat v rodin\u011b svatbu \u010di zab\u00edja\u010dku, proto\u017ee b\u011bhem roku pak na radov\u00e1nky nebyl \u010das.<\/p>\n<p>&nbsp;<\/p>\n<p><strong>Tradi\u010dn\u00ed pr\u016fvod: ma\u0161kary m\u011bly zajistit \u0161t\u011bst\u00ed \u010di potomka<\/strong><\/p>\n<p>Je\u0161t\u011b p\u0159edt\u00edm, ne\u017e masky zaplnily ulice tancem a zp\u011bvem, bylo pot\u0159eba se po\u0159\u00e1dn\u011b pohostit, a to na Tu\u010dn\u00fd \u010dtvrtek. \u0158\u00edkalo se, \u017ee kdy\u017e se v\u00a0tento den \u010dlov\u011bk dosyta najedl, byl pak po cel\u00fd rok siln\u00fd. Po hodov\u00e1n\u00ed nastalo o\u010dek\u00e1van\u00e9 \u00fater\u00fd, kdy mu\u017ei v mask\u00e1ch koledovali od domu k\u00a0domu. Za vystoupen\u00ed je v\u017edy \u010dekala odm\u011bna v\u00a0podob\u011b zab\u00edja\u010dkov\u00fdch dobrot, koblih \u010di p\u00e1lenky.<\/p>\n<p>&nbsp;<\/p>\n<p style=\"text-align: center;\"><img decoding=\"async\" class=\"aligncenter\" src=\"http:\/\/slovaklinesmagazin.sk\/cms\/wp-content\/uploads\/2014\/12\/Masopust-Hlinecko_Luk\u00e1\u0161-\u017dentel-5.jpg\" alt=\"\" \/><\/p>\n<p style=\"text-align: center;\">Masopust &#8211; Hlinecko<\/p>\n<p>&nbsp;<\/p>\n<p>V\u0161echny masky v pr\u016fvodu m\u011bly sv\u016fj \u00fakol a postaven\u00ed. Nesm\u011bl chyb\u011bt strakat\u00fd se \u017eenu\u0161kou, ji\u017e u ka\u017ed\u00e9ho domu pop\u0159\u00e1li zdrav\u00ed a \u0161t\u011bst\u00ed. Traduje se, \u017ee kolik punt\u00edk\u016f m\u00e1 na sob\u011b strakat\u00fd, tolik \u0161\u0165astn\u00fdch dn\u016f n\u00e1s v roce \u010dek\u00e1. Naopak slam\u011bn\u00fd \u017eehnal \u017een\u00e1m, kter\u00e9 tou\u017eily po d\u011btech. Do\u00a0pr\u016fvodu se zapojila tak\u00e9 \u010dtve\u0159ice turk\u016f, kte\u0159\u00ed museli p\u0159i tanci vysoko sk\u00e1kat, jinak by nevyrostlo obil\u00ed. Obch\u016fzka se pak zakon\u010dila pora\u017een\u00edm ma\u0161kary &#8211; kobyly a z\u00e1bavou a\u017e do p\u016flnoci.<\/p>\n<p>&nbsp;<\/p>\n<p><strong>Cel\u00e9 Hlinecko o\u017eije starod\u00e1vn\u00fdm ritu\u00e1lem zapsan\u00fdm na seznamu UNESCO<\/strong><\/p>\n<p>Pokud byste cht\u011bli za\u017e\u00edt pravou masopustn\u00ed z\u00e1bavu, vydejte se 150 kilometr\u016f v\u00fdchodn\u011b od Prahy, na Hlinecko. V\u00a0tamn\u00edch vesnic\u00edch obch\u016fzky zachov\u00e1vaj\u00ed tradice z\u00a0konce 19. stolet\u00ed, a proto se dostaly na seznam sv\u011btov\u00e9ho d\u011bdictv\u00ed UNESCO. Potk\u00e1te tam v\u0161echny tradi\u010dn\u00ed masky a zdej\u0161\u00ed atmosf\u00e9ra v\u00e1s p\u0159enese v\u00a0\u010dase. Prvn\u00ed pr\u016fvody za\u010d\u00ednaj\u00ed ji\u017e 31. ledna na Vesel\u00e9m Kopci \u010di v Hamrech.<\/p>\n<p style=\"text-align: center;\">\n<p>N\u011bkolikadenn\u00ed veselen\u00ed nab\u00eddne tak\u00e9 malebn\u00fd \u010cesk\u00fd Krumlov, jeho\u017e ulice obsad\u00ed v\u00a0polovin\u011b \u00fanora nejenom masky, ale i divadeln\u00edci \u010di kejkl\u00ed\u0159i. Na zdej\u0161\u00edm st\u0159edov\u011bk\u00e9m jarmarku budete moci ochutnat typick\u00e9 zab\u00edja\u010dkov\u00e9 dobroty jako jelita \u010di jitrnice.<\/p>\n<p style=\"text-align: center;\">\n<p>V\u00edce o masopustu na Hlinecku: <a href=\"http:\/\/www.hlinecko.cz\/menu_historie\/menu_kalendar.htm\" target=\"_blank\">http:\/\/www.hlinecko.cz\/menu_historie\/menu_kalendar.htm<\/a><\/p>\n<p>&nbsp;<\/p>\n<p><strong>Praha se vr\u00e1t\u00ed do hv\u011bzdn\u00e9ho obdob\u00ed b\u00e1l\u016f a koncert\u016f<\/strong><\/p>\n<p>V\u00a0\u010desk\u00e9 metropoli vyvrchol\u00ed masopust boh\u00e9msk\u00fdm festivalem Carnevale Praha oslavuj\u00edc\u00edm kreativitu a vzne\u0161enost. Od 6. do 17. \u00fanora v\u00e1s m\u011bsto vt\u00e1hne do reje masek, klaun\u016f \u010di akrobat\u016f a jen m\u00e1lokdo odol\u00e1 jeho s\u00edle. Krom\u011b z\u00e1bavy v ulic\u00edch nab\u00eddne festival i \u0159adu koncert\u016f a b\u00e1l\u016f v\u00a0aristokratick\u00e9m duchu, b\u011bh zlat\u00fdch prasat pra\u017esk\u00fdmi ulicemi \u010di p\u0159ehl\u00eddku masopustn\u00ed kuchyn\u011b. N\u011bkter\u00e9 z\u00a0karnevalov\u00fdch akc\u00ed se budou konat v\u00a0Clam-Gallasov\u011b pal\u00e1ci, ve kter\u00e9m vystupoval mimo jin\u00e9 Wolfgang Amadeus Mozart \u010di Ludwig van Beethoven. V\u00a0leto\u0161n\u00edm roce m\u016f\u017eete n\u00e1v\u0161t\u011bvu romantick\u00e9 Prahy dokonce spojit s ma\u0161karn\u00edm plesem Crystal Ball konaj\u00edc\u00edm se na sv\u00e1tek v\u0161ech zamilovan\u00fdch. A nezapom\u00ednejte, \u017ee l\u00e1ska proch\u00e1z\u00ed \u017ealudkem, proto nav\u0161tivte festivalov\u00e9 restaurace se speci\u00e1ln\u00edm menu pln\u00fdm rafinovan\u00fdch chut\u00ed.<\/p>\n<p>&nbsp;<\/p>\n<p style=\"text-align: center;\"><img loading=\"lazy\" decoding=\"async\" class=\"aligncenter\" src=\"http:\/\/slovaklinesmagazin.sk\/cms\/wp-content\/uploads\/2014\/12\/Masopust-Praha_Luk\u00e1\u0161-\u017dentel-1-1024x682.jpg\" alt=\"\" width=\"799\" height=\"532\" \/><\/p>\n<p style=\"text-align: center;\">Masopust &#8211; Praha<\/p>\n<p style=\"text-align: center;\">\n<p style=\"text-align: center;\"><img loading=\"lazy\" decoding=\"async\" class=\"aligncenter\" src=\"http:\/\/slovaklinesmagazin.sk\/cms\/wp-content\/uploads\/2014\/12\/Masopust-Praha_Luk\u00e1\u0161-\u017dentel-2-1024x682.jpg\" alt=\"\" width=\"799\" height=\"532\" \/><\/p>\n<p style=\"text-align: center;\">Masopust &#8211; Praha<\/p>\n<p>&nbsp;<\/p>\n<p>V\u00edce o festivalu <a href=\"http:\/\/middleczech.kr-stredocesky.cz\/wp-content\/uploads\/Podrobn%C3%A9-informace-k-festivalu-Carnevale-2014.pdf\" target=\"_blank\">http:\/\/middleczech.kr-stredocesky.cz\/wp-content\/uploads\/Podrobn%C3%A9-informace-k-festivalu-Carnevale-2014.pdf<\/a><\/p>\n<p>&nbsp;<\/p>\n<p>Masopust je sou\u010d\u00e1st\u00ed autentick\u00fdch tradic, kter\u00e9 v\u00a0\u010cesku m\u016f\u017eete za\u017e\u00edt v\u0161emi smysly. Sd\u00edlejte s\u00a0p\u0159\u00e1teli p\u0159\u00edb\u011bhy \u010desk\u00fdch tradic, kter\u00e9 budete v\u00a0\u010cesku objevovat.<\/p>\n<p>&nbsp;<\/p>\n<p><strong>Autor fotografi\u00ed<\/strong>: Luk\u00e1\u0161 \u017dentel, CzechTourism<\/p>\n<p>&nbsp;<\/p>\n<p>&nbsp;<\/p>\n","protected":false},"excerpt":{"rendered":"<p>Tan\u010d\u00edc\u00ed ma\u0161kary v ulic\u00edch, honosn\u00e9 b\u00e1ly, nekon\u010d\u00edc\u00ed hodov\u00e1n\u00ed. To v\u0161echno si budete moci vychutnat za\u010d\u00e1tkem roku v\u00a0\u010cesk\u00e9 republice, kde nast\u00e1v\u00e1 obdob\u00ed masopustu. Krom\u011b tradi\u010dn\u00edch oslav, zapsan\u00fdch na seznamu UNESCO, bude hlavn\u00ed m\u011bsto hostit karneval, kter\u00fd v\u00e1s p\u0159enese do doby Mozarta \u010di Casanovy. Chladn\u00e9 zimn\u00ed dny rozproud\u00ed v\u00a0 \u010cesku obdob\u00ed z\u00e1bavy a hostin \u2013 masopust. Ten [&hellip;]<\/p>\n","protected":false},"author":7,"featured_media":61858,"comment_status":"closed","ping_status":"closed","sticky":false,"template":"","format":"standard","meta":{"footnotes":""},"categories":[13,46,45],"tags":[],"class_list":["post-61857","post","type-post","status-publish","format-standard","has-post-thumbnail","hentry","category-real-estate","category-gastronomia","category-nas-tip","eq-blocks"],"_links":{"self":[{"href":"https:\/\/www.slovaklinesmagazin.sk\/cms\/wp-json\/wp\/v2\/posts\/61857","targetHints":{"allow":["GET"]}}],"collection":[{"href":"https:\/\/www.slovaklinesmagazin.sk\/cms\/wp-json\/wp\/v2\/posts"}],"about":[{"href":"https:\/\/www.slovaklinesmagazin.sk\/cms\/wp-json\/wp\/v2\/types\/post"}],"author":[{"embeddable":true,"href":"https:\/\/www.slovaklinesmagazin.sk\/cms\/wp-json\/wp\/v2\/users\/7"}],"replies":[{"embeddable":true,"href":"https:\/\/www.slovaklinesmagazin.sk\/cms\/wp-json\/wp\/v2\/comments?post=61857"}],"version-history":[{"count":1,"href":"https:\/\/www.slovaklinesmagazin.sk\/cms\/wp-json\/wp\/v2\/posts\/61857\/revisions"}],"predecessor-version":[{"id":61865,"href":"https:\/\/www.slovaklinesmagazin.sk\/cms\/wp-json\/wp\/v2\/posts\/61857\/revisions\/61865"}],"wp:featuredmedia":[{"embeddable":true,"href":"https:\/\/www.slovaklinesmagazin.sk\/cms\/wp-json\/wp\/v2\/media\/61858"}],"wp:attachment":[{"href":"https:\/\/www.slovaklinesmagazin.sk\/cms\/wp-json\/wp\/v2\/media?parent=61857"}],"wp:term":[{"taxonomy":"category","embeddable":true,"href":"https:\/\/www.slovaklinesmagazin.sk\/cms\/wp-json\/wp\/v2\/categories?post=61857"},{"taxonomy":"post_tag","embeddable":true,"href":"https:\/\/www.slovaklinesmagazin.sk\/cms\/wp-json\/wp\/v2\/tags?post=61857"}],"curies":[{"name":"wp","href":"https:\/\/api.w.org\/{rel}","templated":true}]}}