{"id":61884,"date":"2014-12-11T19:30:26","date_gmt":"2014-12-11T17:30:26","guid":{"rendered":"http:\/\/slovaklinesmagazin.sk\/cms\/?p=61884"},"modified":"2014-12-11T19:32:11","modified_gmt":"2014-12-11T17:32:11","slug":"make-up-a-la-afrika","status":"publish","type":"post","link":"https:\/\/www.slovaklinesmagazin.sk\/cms\/2014\/12\/make-up-a-la-afrika\/","title":{"rendered":"Make-up \u00e0 la Afrika"},"content":{"rendered":"<p>Nielen v\u00a0civilizovanom svete dbaj\u00fa \u017eeny a\u00a0mu\u017ei o\u00a0svoj vzh\u013ead. Aj v\u00a0primit\u00edvnych kme\u0148och klad\u00fa na starostlivos\u0165 o\u00a0vlasy, telo a v\u00fdber \u0161iat ve\u013ek\u00fd d\u00f4raz. Obyvatelia kme\u0148u Karo v\u00a0ju\u017enej Eti\u00f3pii s\u00fa mimoriadne za\u0165a\u017een\u00ed na svoj zov\u0148aj\u0161ok a\u00a0zanedban\u00e1 viz\u00e1\u017e vedie a\u017e k\u00a0vyl\u00fa\u010deniu zo spolo\u010dnosti.<\/p>\n<p>Najm\u00e4 mlad\u00ed \u010dlenovia si d\u00e1vaj\u00fa z\u00e1le\u017ea\u0165 na starostlivo nama\u013eovanej tv\u00e1ri hlinkou. Mu\u017ei si r\u00f4znofarebnou hlinkou zafarbia aj vlasy, \u00fa\u010des si dotvoria p\u0161tros\u00edmi perami, aby svoju korunu kr\u00e1sy zv\u00fdrazili. Na bedr\u00e1ch nosia tradi\u010dn\u00fa kr\u00e1tku suk\u0148u a\u00a0aby demon\u0161trovali svoju silu, okolo p\u00e1su im nech\u00fdba p\u00e1s s\u00a0n\u00e1bojmi a\u00a0na pleci samopal. \u017deny si vlasy zapletaj\u00fa do drobn\u00fdch vrk\u00f4\u010dikov a\u00a0takisto ich nama\u017e\u00fa hlinkou. Spodn\u00fa peru im zdob\u00ed klinec- na\u0161a obdoba piercingu. Obliekaj\u00fa si najm\u00e4 ko\u017ee a najviac si v\u0161ak ulietavaj\u00fa na r\u00f4znych pestrofarebn\u00fdch n\u00e1hrdeln\u00edkoch a\u00a0n\u00e1ramkoch.<\/p>\n<p>T\u00e1to mal\u00e1 komunita m\u00e1 u\u017e len necel\u00fdch \u0161tyristo \u010dlenov, no mo\u017eno pr\u00e1ve v\u010faka tomu sa vytrvalo sna\u017eia dodr\u017eiava\u0165 svoje trad\u00edcie a\u00a0kult\u00faru. \u017dij\u00fa v\u00a0povod\u00ed rieky Omo, s\u00fa to zru\u010dn\u00ed po\u013enohospod\u00e1ri, ryb\u00e1ri a\u00a0v\u00fdrobcovia dreven\u00fdch lodiek.<\/p>\n<p><a href=\"http:\/\/slovaklinesmagazin.sk\/cms\/wp-content\/uploads\/2014\/12\/120.jpg\"><img loading=\"lazy\" decoding=\"async\" class=\"alignnone\" src=\"http:\/\/slovaklinesmagazin.sk\/cms\/wp-content\/uploads\/2014\/12\/120.jpg\" alt=\"1\" width=\"800\" height=\"533\" \/><\/a> <a href=\"http:\/\/slovaklinesmagazin.sk\/cms\/wp-content\/uploads\/2014\/12\/217.jpg\"><img loading=\"lazy\" decoding=\"async\" class=\"alignnone\" src=\"http:\/\/slovaklinesmagazin.sk\/cms\/wp-content\/uploads\/2014\/12\/217.jpg\" alt=\"2\" width=\"800\" height=\"533\" \/><\/a> <a href=\"http:\/\/slovaklinesmagazin.sk\/cms\/wp-content\/uploads\/2014\/12\/315.jpg\"><img loading=\"lazy\" decoding=\"async\" class=\"alignnone\" src=\"http:\/\/slovaklinesmagazin.sk\/cms\/wp-content\/uploads\/2014\/12\/315.jpg\" alt=\"3\" width=\"800\" height=\"504\" \/><\/a> <a href=\"http:\/\/slovaklinesmagazin.sk\/cms\/wp-content\/uploads\/2014\/12\/415.jpg\"><img loading=\"lazy\" decoding=\"async\" class=\"alignnone\" src=\"http:\/\/slovaklinesmagazin.sk\/cms\/wp-content\/uploads\/2014\/12\/415.jpg\" alt=\"4\" width=\"800\" height=\"1200\" \/><\/a> <a href=\"http:\/\/slovaklinesmagazin.sk\/cms\/wp-content\/uploads\/2014\/12\/56.jpg\"><img loading=\"lazy\" decoding=\"async\" class=\"alignnone\" src=\"http:\/\/slovaklinesmagazin.sk\/cms\/wp-content\/uploads\/2014\/12\/56.jpg\" alt=\"5\" width=\"801\" height=\"534\" \/><\/a> <a href=\"http:\/\/slovaklinesmagazin.sk\/cms\/wp-content\/uploads\/2014\/12\/65.jpg\"><img loading=\"lazy\" decoding=\"async\" class=\"alignnone\" src=\"http:\/\/slovaklinesmagazin.sk\/cms\/wp-content\/uploads\/2014\/12\/65.jpg\" alt=\"6\" width=\"801\" height=\"533\" \/><\/a> <a href=\"http:\/\/slovaklinesmagazin.sk\/cms\/wp-content\/uploads\/2014\/12\/75.jpg\"><img loading=\"lazy\" decoding=\"async\" class=\"alignnone\" src=\"http:\/\/slovaklinesmagazin.sk\/cms\/wp-content\/uploads\/2014\/12\/75.jpg\" alt=\"7\" width=\"800\" height=\"533\" \/><\/a> <a href=\"http:\/\/slovaklinesmagazin.sk\/cms\/wp-content\/uploads\/2014\/12\/86.jpg\"><img loading=\"lazy\" decoding=\"async\" class=\"alignnone\" src=\"http:\/\/slovaklinesmagazin.sk\/cms\/wp-content\/uploads\/2014\/12\/86.jpg\" alt=\"8\" width=\"800\" height=\"533\" \/><\/a> <a href=\"http:\/\/slovaklinesmagazin.sk\/cms\/wp-content\/uploads\/2014\/12\/105.jpg\"><img loading=\"lazy\" decoding=\"async\" class=\"alignnone\" src=\"http:\/\/slovaklinesmagazin.sk\/cms\/wp-content\/uploads\/2014\/12\/105.jpg\" alt=\"10\" width=\"799\" height=\"532\" \/><\/a><\/p>\n<p>Foto: Einat<\/p>\n<p>&nbsp;<\/p>\n<p>&nbsp;<\/p>\n","protected":false},"excerpt":{"rendered":"<p>Nielen v\u00a0civilizovanom svete dbaj\u00fa \u017eeny a\u00a0mu\u017ei o\u00a0svoj vzh\u013ead. Aj v\u00a0primit\u00edvnych kme\u0148och klad\u00fa na starostlivos\u0165 o\u00a0vlasy, telo a v\u00fdber \u0161iat ve\u013ek\u00fd d\u00f4raz. Obyvatelia kme\u0148u Karo v\u00a0ju\u017enej Eti\u00f3pii s\u00fa mimoriadne za\u0165a\u017een\u00ed na svoj zov\u0148aj\u0161ok a\u00a0zanedban\u00e1 viz\u00e1\u017e vedie a\u017e k\u00a0vyl\u00fa\u010deniu zo spolo\u010dnosti. Najm\u00e4 mlad\u00ed \u010dlenovia si d\u00e1vaj\u00fa z\u00e1le\u017ea\u0165 na starostlivo nama\u013eovanej tv\u00e1ri hlinkou. Mu\u017ei si r\u00f4znofarebnou hlinkou zafarbia [&hellip;]<\/p>\n","protected":false},"author":9,"featured_media":61895,"comment_status":"closed","ping_status":"closed","sticky":false,"template":"","format":"standard","meta":{"footnotes":""},"categories":[13,48],"tags":[],"class_list":["post-61884","post","type-post","status-publish","format-standard","has-post-thumbnail","hentry","category-real-estate","category-umenie-a-kultura","eq-blocks"],"_links":{"self":[{"href":"https:\/\/www.slovaklinesmagazin.sk\/cms\/wp-json\/wp\/v2\/posts\/61884","targetHints":{"allow":["GET"]}}],"collection":[{"href":"https:\/\/www.slovaklinesmagazin.sk\/cms\/wp-json\/wp\/v2\/posts"}],"about":[{"href":"https:\/\/www.slovaklinesmagazin.sk\/cms\/wp-json\/wp\/v2\/types\/post"}],"author":[{"embeddable":true,"href":"https:\/\/www.slovaklinesmagazin.sk\/cms\/wp-json\/wp\/v2\/users\/9"}],"replies":[{"embeddable":true,"href":"https:\/\/www.slovaklinesmagazin.sk\/cms\/wp-json\/wp\/v2\/comments?post=61884"}],"version-history":[{"count":2,"href":"https:\/\/www.slovaklinesmagazin.sk\/cms\/wp-json\/wp\/v2\/posts\/61884\/revisions"}],"predecessor-version":[{"id":61897,"href":"https:\/\/www.slovaklinesmagazin.sk\/cms\/wp-json\/wp\/v2\/posts\/61884\/revisions\/61897"}],"wp:featuredmedia":[{"embeddable":true,"href":"https:\/\/www.slovaklinesmagazin.sk\/cms\/wp-json\/wp\/v2\/media\/61895"}],"wp:attachment":[{"href":"https:\/\/www.slovaklinesmagazin.sk\/cms\/wp-json\/wp\/v2\/media?parent=61884"}],"wp:term":[{"taxonomy":"category","embeddable":true,"href":"https:\/\/www.slovaklinesmagazin.sk\/cms\/wp-json\/wp\/v2\/categories?post=61884"},{"taxonomy":"post_tag","embeddable":true,"href":"https:\/\/www.slovaklinesmagazin.sk\/cms\/wp-json\/wp\/v2\/tags?post=61884"}],"curies":[{"name":"wp","href":"https:\/\/api.w.org\/{rel}","templated":true}]}}