{"id":61925,"date":"2014-12-12T17:28:02","date_gmt":"2014-12-12T15:28:02","guid":{"rendered":"http:\/\/slovaklinesmagazin.sk\/cms\/?p=61925"},"modified":"2014-12-13T14:56:27","modified_gmt":"2014-12-13T12:56:27","slug":"amaterski-fotografi-sa-mozu-prihlasit-do-svetovej-sutaze","status":"publish","type":"post","link":"https:\/\/www.slovaklinesmagazin.sk\/cms\/2014\/12\/amaterski-fotografi-sa-mozu-prihlasit-do-svetovej-sutaze\/","title":{"rendered":"Amat\u00e9rski fotografi sa m\u00f4\u017eu prihl\u00e1si\u0165 do svetovej s\u00fa\u0165a\u017ee"},"content":{"rendered":"<p>Pre nad\u0161encov fotografi\u00ed a\u00a0fotografovania existuje mno\u017estvo s\u00fa\u0165a\u017e\u00ed, kde m\u00f4\u017eu porovna\u0165 svoje schopnosti s\u00a0ostatn\u00fdmi. Medzi najprest\u00ed\u017enej\u0161ie a\u00a0najob\u013e\u00fabenej\u0161ie s\u00fa\u0165a\u017ee patr\u00ed Sony World Photography Awards.<\/p>\n<p>Tento ro\u010dn\u00edk op\u00e4\u0165 prid\u00e1va aj otvoren\u00fa kateg\u00f3riu, kde sa m\u00f4\u017ee prihl\u00e1si\u0165 ktoko\u013evek. Amat\u00e9rski fotografi bez rozdielu veku a\u00a0n\u00e1rodnosti m\u00f4\u017eu zapoji\u0165 svoje najvydarenej\u0161ie v\u00fdtvory do 5. janu\u00e1ra 2015. Otvoren\u00e1 s\u00fa\u0165a\u017e pon\u00faka 10 r\u00f4znych kateg\u00f3ri\u00ed ako napr\u00edklad cestovanie, architekt\u00fara, \u013eudia, \u00fasmev&#8230; Z\u00e1kladn\u00fd \u010dlen m\u00f4\u017ee posla\u0165 do s\u00fa\u0165a\u017ee tri fotografie, svoje \u0161ance v\u0161ak m\u00f4\u017ee zv\u00fd\u0161i\u0165 pr\u00e9miov\u00fdm \u010dlenstvom a\u017e na dvadsa\u0165 sn\u00edmok.<\/p>\n<p>Pr\u00e1ve otvoren\u00e1 kateg\u00f3ria pon\u00faka k\u00a0nahliadnutiu s\u00fa\u0165a\u017en\u00e9 sn\u00edmky u\u017e teraz. Pozrite si niektor\u00e9 z\u00a0nich a\u00a0nechajte sa in\u0161pirova\u0165. Mo\u017eno bude v\u00a0tomto ro\u010dn\u00edku amat\u00e9rskych fotografov svieti\u0165 aj va\u0161e meno.<\/p>\n<p>Viac info <a href=\"http:\/\/worldphoto.org\/competitions\/sony-world-photography-awards-2015-open-competition\" target=\"_blank\">TU<\/a><\/p>\n<p>Orangutan v da\u017edi- Andrew Suryono, Indon\u00e9zia<\/p>\n<p><a href=\"http:\/\/slovaklinesmagazin.sk\/cms\/wp-content\/uploads\/2014\/12\/124.jpg\"><img decoding=\"async\" class=\"alignnone\" src=\"http:\/\/slovaklinesmagazin.sk\/cms\/wp-content\/uploads\/2014\/12\/124.jpg\" alt=\"1\" \/><\/a><\/p>\n<p>Palice- Ioulia Chvetsova, Franc\u00fazsko<\/p>\n<p><a href=\"http:\/\/slovaklinesmagazin.sk\/cms\/wp-content\/uploads\/2014\/12\/316.jpg\"><img decoding=\"async\" class=\"alignnone\" src=\"http:\/\/slovaklinesmagazin.sk\/cms\/wp-content\/uploads\/2014\/12\/316.jpg\" alt=\"3\" \/><\/a><\/p>\n<p>\u0164a\u017ek\u00e9 \u010dasy pre rojkov- Ahmad Zikri Mohamad Zuki, Malajzia<\/p>\n<p><a href=\"http:\/\/slovaklinesmagazin.sk\/cms\/wp-content\/uploads\/2014\/12\/57.jpg\"><img decoding=\"async\" class=\"alignnone\" src=\"http:\/\/slovaklinesmagazin.sk\/cms\/wp-content\/uploads\/2014\/12\/57.jpg\" alt=\"5\" \/><\/a><\/p>\n<p>Svitanie v p\u00fa\u0161ti- Gareth Lowndes, Nov\u00fd Z\u00e9land<\/p>\n<p><a href=\"http:\/\/slovaklinesmagazin.sk\/cms\/wp-content\/uploads\/2014\/12\/76.jpg\"><img decoding=\"async\" class=\"alignnone\" src=\"http:\/\/slovaklinesmagazin.sk\/cms\/wp-content\/uploads\/2014\/12\/76.jpg\" alt=\"7\" \/><\/a><\/p>\n<p>V dave kr\u00e1\u013eovstva tu\u010dniakov- Lisa Vaz, Portugalsko<\/p>\n<p><a href=\"http:\/\/slovaklinesmagazin.sk\/cms\/wp-content\/uploads\/2014\/12\/87.jpg\"><img decoding=\"async\" class=\"alignnone\" src=\"http:\/\/slovaklinesmagazin.sk\/cms\/wp-content\/uploads\/2014\/12\/87.jpg\" alt=\"8\" \/><\/a><\/p>\n<p>Tie\u0148 \u010dasu-Bao Vu, Vietnam<\/p>\n<p><a href=\"http:\/\/slovaklinesmagazin.sk\/cms\/wp-content\/uploads\/2014\/12\/97.jpg\"><img decoding=\"async\" class=\"alignnone\" src=\"http:\/\/slovaklinesmagazin.sk\/cms\/wp-content\/uploads\/2014\/12\/97.jpg\" alt=\"9\" \/><\/a><\/p>\n<p>Mocn\u00fd dotyk r\u00e1na- Jubair Bin Iqbal, Banglad\u00e9\u0161<\/p>\n<p><a href=\"http:\/\/slovaklinesmagazin.sk\/cms\/wp-content\/uploads\/2014\/12\/1110.jpg\"><img decoding=\"async\" class=\"alignnone\" src=\"http:\/\/slovaklinesmagazin.sk\/cms\/wp-content\/uploads\/2014\/12\/1110.jpg\" alt=\"11\" \/><\/a><\/p>\n<p>Rann\u00fd okamih-Georg May, Nemecko<\/p>\n<p><a href=\"http:\/\/slovaklinesmagazin.sk\/cms\/wp-content\/uploads\/2014\/12\/125.jpg\"><img decoding=\"async\" class=\"alignnone\" src=\"http:\/\/slovaklinesmagazin.sk\/cms\/wp-content\/uploads\/2014\/12\/125.jpg\" alt=\"12\" \/><\/a><\/p>\n<p>Rann\u00fd ritu\u00e1l- Nick Ng, Malajzia<\/p>\n<p><a href=\"http:\/\/slovaklinesmagazin.sk\/cms\/wp-content\/uploads\/2014\/12\/133.jpg\"><img decoding=\"async\" class=\"alignnone\" src=\"http:\/\/slovaklinesmagazin.sk\/cms\/wp-content\/uploads\/2014\/12\/133.jpg\" alt=\"13\" \/><\/a><\/p>\n<p>Zahalen\u00fd- Courtney Colantonio-Ray, USA<\/p>\n<p><a href=\"http:\/\/slovaklinesmagazin.sk\/cms\/wp-content\/uploads\/2014\/12\/172.jpg\"><img decoding=\"async\" class=\"alignnone\" src=\"http:\/\/slovaklinesmagazin.sk\/cms\/wp-content\/uploads\/2014\/12\/172.jpg\" alt=\"17\" \/><\/a><\/p>\n<p>Tituln\u00e9 foto: Cioplea Vlad, Rumunsko<\/p>\n","protected":false},"excerpt":{"rendered":"<p>Pre nad\u0161encov fotografi\u00ed a\u00a0fotografovania existuje mno\u017estvo s\u00fa\u0165a\u017e\u00ed, kde m\u00f4\u017eu porovna\u0165 svoje schopnosti s\u00a0ostatn\u00fdmi. Medzi najprest\u00ed\u017enej\u0161ie a\u00a0najob\u013e\u00fabenej\u0161ie s\u00fa\u0165a\u017ee patr\u00ed Sony World Photography Awards. Tento ro\u010dn\u00edk op\u00e4\u0165 prid\u00e1va aj otvoren\u00fa kateg\u00f3riu, kde sa m\u00f4\u017ee prihl\u00e1si\u0165 ktoko\u013evek. Amat\u00e9rski fotografi bez rozdielu veku a\u00a0n\u00e1rodnosti m\u00f4\u017eu zapoji\u0165 svoje najvydarenej\u0161ie v\u00fdtvory do 5. janu\u00e1ra 2015. Otvoren\u00e1 s\u00fa\u0165a\u017e pon\u00faka 10 r\u00f4znych kateg\u00f3ri\u00ed [&hellip;]<\/p>\n","protected":false},"author":9,"featured_media":61936,"comment_status":"closed","ping_status":"closed","sticky":false,"template":"","format":"standard","meta":{"footnotes":""},"categories":[48],"tags":[],"class_list":["post-61925","post","type-post","status-publish","format-standard","has-post-thumbnail","hentry","category-umenie-a-kultura","eq-blocks"],"_links":{"self":[{"href":"https:\/\/www.slovaklinesmagazin.sk\/cms\/wp-json\/wp\/v2\/posts\/61925","targetHints":{"allow":["GET"]}}],"collection":[{"href":"https:\/\/www.slovaklinesmagazin.sk\/cms\/wp-json\/wp\/v2\/posts"}],"about":[{"href":"https:\/\/www.slovaklinesmagazin.sk\/cms\/wp-json\/wp\/v2\/types\/post"}],"author":[{"embeddable":true,"href":"https:\/\/www.slovaklinesmagazin.sk\/cms\/wp-json\/wp\/v2\/users\/9"}],"replies":[{"embeddable":true,"href":"https:\/\/www.slovaklinesmagazin.sk\/cms\/wp-json\/wp\/v2\/comments?post=61925"}],"version-history":[{"count":3,"href":"https:\/\/www.slovaklinesmagazin.sk\/cms\/wp-json\/wp\/v2\/posts\/61925\/revisions"}],"predecessor-version":[{"id":61939,"href":"https:\/\/www.slovaklinesmagazin.sk\/cms\/wp-json\/wp\/v2\/posts\/61925\/revisions\/61939"}],"wp:featuredmedia":[{"embeddable":true,"href":"https:\/\/www.slovaklinesmagazin.sk\/cms\/wp-json\/wp\/v2\/media\/61936"}],"wp:attachment":[{"href":"https:\/\/www.slovaklinesmagazin.sk\/cms\/wp-json\/wp\/v2\/media?parent=61925"}],"wp:term":[{"taxonomy":"category","embeddable":true,"href":"https:\/\/www.slovaklinesmagazin.sk\/cms\/wp-json\/wp\/v2\/categories?post=61925"},{"taxonomy":"post_tag","embeddable":true,"href":"https:\/\/www.slovaklinesmagazin.sk\/cms\/wp-json\/wp\/v2\/tags?post=61925"}],"curies":[{"name":"wp","href":"https:\/\/api.w.org\/{rel}","templated":true}]}}