{"id":61982,"date":"2014-12-15T08:42:59","date_gmt":"2014-12-15T06:42:59","guid":{"rendered":"http:\/\/slovaklinesmagazin.sk\/cms\/?p=61982"},"modified":"2014-12-15T08:42:59","modified_gmt":"2014-12-15T06:42:59","slug":"vianocne-trhy-a-zimne-radovanky-vo-flandersku","status":"publish","type":"post","link":"https:\/\/www.slovaklinesmagazin.sk\/cms\/2014\/12\/vianocne-trhy-a-zimne-radovanky-vo-flandersku\/","title":{"rendered":"Viano\u010dn\u00e9 trhy a zimn\u00e9 radov\u00e1nky vo Flandersku"},"content":{"rendered":"<p>Od novembra poz\u00fdvaj\u00fa mnoh\u00e9 viano\u010dn\u00e9 trhy v mal\u00fdch a ve\u013ek\u00fdch mest\u00e1ch vo Flandersku<br \/>\nk pred\u013a\u017eenej n\u00e1v\u0161teve. Tie najkraj\u0161ie miesta tvoria kulisu pre sviato\u010dne ozdoben\u00e9 st\u00e1nky pred\u00e1vaj\u00face viano\u010dn\u00fa v\u00fdzdobu, sveteln\u00e9 re\u0165aze, vo\u0148aj\u00face varen\u00e9 v\u00edno, typick\u00e9 fl\u00e1mske \u0161peciality a tradi\u010dn\u00e9 remeseln\u00e9 v\u00fdrobky. Ved\u013ea nich l\u00e1kaj\u00fa trblietaj\u00face sa atrakcie a origin\u00e1lne podujatia, a to nie len v predviano\u010dnom \u010dase, ale a\u017e do nov\u00e9ho roku.<\/p>\n<p>&nbsp;<\/p>\n<p>Na mnoh\u00fdch miestach Flanderska sa daj\u00fa ochutna\u0165 lahodn\u00e9 \u0161peciality alebo sa vo st\u00e1nkoch<br \/>\ns umeleck\u00fdmi remeseln\u00fdmi v\u00fdrobkami daj\u00fa k\u00fapi\u0165 posledn\u00e9 viano\u010dn\u00e9 dar\u010deky. U\u017eite si romantick\u00fa jazdu na ruskom kole (napr. v Bruseli alebo Antverp\u00e1ch) alebo tam v pohode dokor\u010dulujte (napr.v Gente, Br\u00fcge alebo Oostende). To v\u0161etko pred jedine\u010dnou kulisou \u2013 \u010di u\u017e<br \/>\nv Leuven pred univerzitnou kni\u017enicou, v Mechelen v tieni Sv. Romboutsturm, alebo<br \/>\nv Antverp\u00e1ch medzi in\u00fdmi na trhu Grote Markt. V Gente sa viano\u010dn\u00e9 oslavy konaj\u00fa<br \/>\nv historickej scen\u00e9rii trhu Korenmark, Sint-Baafsplein ako aj Groentenmarkt. Tie\u017e vysvieten\u00fd hrad Grafenburg je s\u00fa\u010das\u0165ou sl\u00e1vnostnej n\u00e1lady.<\/p>\n<p>&nbsp;<\/p>\n<p>Siedmy ro\u010dn\u00edk zimnej krajiny Hasselt (15.11.-4.1.15) trv\u00e1 tohto roku sedem t\u00fd\u017ednov. Kolonel Dusartplein sa premen\u00ed v tomto \u010dase na ve\u013ek\u00fa zimn\u00fa krajinu so zastre\u0161en\u00fdm klziskom<br \/>\no ploche 1.000 m\u00b2, viano\u010dn\u00fdm trhom s\u00a0viac ako 80 \u00fa\u010dastn\u00edkmi z 11 kraj\u00edn, vr\u00e1tane koloto\u010da. Uprostred klziska stoj\u00ed ve\u013ek\u00fd viano\u010dn\u00fd strom\u010dek pln\u00fd svetiel. Mimo toho je tam origin\u00e1lne pojat\u00fd betlehem, v\u0161etky atrakcie s\u00fa viano\u010dne ozdoben\u00e9 a osvieten\u00e9.<\/p>\n<p>&nbsp;<\/p>\n<p>\u00datuln\u00fd dom deda Mr\u00e1za zv\u00e1dza k \u010darokr\u00e1snemu zimn\u00e9mu sneniu. N\u00e1vrh domu bol in\u0161pirovan\u00fd f\u00ednskymi domami v Laponsku, so svojimi zaoblen\u00fdmi tr\u00e1mami a s ve\u017eou<\/p>\n<p>so \u0161picatou strechou. V dome s\u00fa amat\u00e9rsky herci, ktor\u00fd predstavuj\u00fa deda Mr\u00e1za a jeho pomocn\u00edkov, \u0161kriatkov. Od 7.12. prij\u00edmaj\u00fa denne od 12 hod do 20 hod n\u00e1v\u0161tevy, ktor\u00e9<br \/>\nna vlastn\u00e9 o\u010di chc\u00fa vidie\u0165, ako \u017eije a pracuje dedo Mr\u00e1z. N\u00e1v\u0161teva domu deda Mr\u00e1za je zadarmo. Je to dom snov pre rodiny s de\u0165mi. Ka\u017ed\u00e9 die\u0165a obdr\u017e\u00ed od deda Mr\u00e1za dar\u010dek.<\/p>\n<p>&nbsp;<\/p>\n<p>Vo Flandr\u00e1ch kon\u010d\u00ed viano\u010dn\u00fd \u010das 6.1., dovtedy s\u00fa viano\u010dn\u00e9 trhy v Antverp\u00e1ch, Bruseli a Hasselte otvoren\u00e9 (v Gente do 4.1.2015).<\/p>\n<p>&nbsp;<\/p>\n<p>V\u00e4\u010d\u0161inou sa k\u00a0tomu konaj\u00fa aj bohat\u00e9 divadeln\u00e9 programy. V\u00a0Bruseli, Gente a Antverp\u00e1ch je 23.12 a 29.12. k\u00a0videniu Lusk\u00e1\u010dik od \u010cajkovsk\u00e9ho. Tento jedine\u010dn\u00fd viano\u010dn\u00fd balet sa odohr\u00e1va v\u00a0dych ber\u00facich kulis\u00e1ch a je v\u00fdnimo\u010dn\u00fdm z\u00e1\u017eitkom pre cel\u00fa rodinu. Festival \u013eadov\u00fdch soch v Br\u00fcgge (do 5.1.2015) zaujme tohto roku n\u00e1v\u0161tevn\u00edkov a\u017e 8 m vysok\u00fdmi postavami na t\u00e9mu \u201eM\u00e1gia z\u00a0\u013eadu a snehu\u201c. Prech\u00e1dzka medzi fantastick\u00fdmi fig\u00farami z\u00a0P\u00e1na Prste\u0148ov a Harry Potter. Medzin\u00e1rodn\u00fd t\u00edm 40 soch\u00e1rov realizovalo tento projekt 5 t\u00fd\u017ed\u0148ov k\u00fdm sa \u013eadov\u00fd stan otvoril n\u00e1vstevn\u00edkom. Tieto a\u017e do v\u00fd\u0161ky 8 m vysok\u00e9 kon\u0161trukcie s\u00fa formovan\u00e9 z mas\u00edvnych \u013eadov\u00fdch blokov a umelo vyroben\u00e9ho snehu. Audiovizu\u00e1lna dokument\u00e1cia o v\u00fdstavbe je taktie\u017e s\u00fa\u010das\u0165ou v\u00fdstavy a ukazuje, ako sa sochy formovali pomocou re\u0165azov\u00fdch p\u00edl, r\u00fd\u013eov, no\u017eov a hladi\u010diek.<\/p>\n<p>&nbsp;<\/p>\n<p>V bare z \u013eadu sa hostia zahrej\u00fa hor\u00facou \u010dokol\u00e1dou a varen\u00fdm v\u00ednom. Po ve\u013ekom \u00faspechu<br \/>\nv Par\u00ed\u017ei pr\u00edde \u201eIce Magic\u201c prv\u00fdkr\u00e1t do Bruselu. \u201eIce Magic\u201c je v\u00fdstava 6 metrov vysok\u00fdch, z\u00e1zra\u010dn\u00fdm svetom komiksov in\u0161pirovan\u00fdch s\u00f4ch z \u013eadu. Sochy s\u00fa vystaven\u00e9 v pavil\u00f3ne<br \/>\no ploche 1.000 m2, ekologicky klimatizovanom na \u20136 \u00b0C. \u201eIce Magic\u201c je medzin\u00e1rodn\u00fd festival, ktor\u00e9ho sa \u00fa\u010dastn\u00ed 23 umelcov z cel\u00e9ho sveta. Nakoniec by sme mali spomen\u00fa\u0165 impozantn\u00fd oh\u0148ostroj v Antverp\u00e1ch, ktor\u00fd 31.12. rok sl\u00e1vnostne a s bur\u00e1can\u00edm uzavrie.<\/p>\n","protected":false},"excerpt":{"rendered":"<p>Od novembra poz\u00fdvaj\u00fa mnoh\u00e9 viano\u010dn\u00e9 trhy v mal\u00fdch a ve\u013ek\u00fdch mest\u00e1ch vo Flandersku k pred\u013a\u017eenej n\u00e1v\u0161teve. Tie najkraj\u0161ie miesta tvoria kulisu pre sviato\u010dne ozdoben\u00e9 st\u00e1nky pred\u00e1vaj\u00face viano\u010dn\u00fa v\u00fdzdobu, sveteln\u00e9 re\u0165aze, vo\u0148aj\u00face varen\u00e9 v\u00edno, typick\u00e9 fl\u00e1mske \u0161peciality a tradi\u010dn\u00e9 remeseln\u00e9 v\u00fdrobky. Ved\u013ea nich l\u00e1kaj\u00fa trblietaj\u00face sa atrakcie a origin\u00e1lne podujatia, a to nie len v predviano\u010dnom [&hellip;]<\/p>\n","protected":false},"author":7,"featured_media":61983,"comment_status":"closed","ping_status":"closed","sticky":false,"template":"","format":"standard","meta":{"footnotes":""},"categories":[13],"tags":[],"class_list":["post-61982","post","type-post","status-publish","format-standard","has-post-thumbnail","hentry","category-real-estate","eq-blocks"],"_links":{"self":[{"href":"https:\/\/www.slovaklinesmagazin.sk\/cms\/wp-json\/wp\/v2\/posts\/61982","targetHints":{"allow":["GET"]}}],"collection":[{"href":"https:\/\/www.slovaklinesmagazin.sk\/cms\/wp-json\/wp\/v2\/posts"}],"about":[{"href":"https:\/\/www.slovaklinesmagazin.sk\/cms\/wp-json\/wp\/v2\/types\/post"}],"author":[{"embeddable":true,"href":"https:\/\/www.slovaklinesmagazin.sk\/cms\/wp-json\/wp\/v2\/users\/7"}],"replies":[{"embeddable":true,"href":"https:\/\/www.slovaklinesmagazin.sk\/cms\/wp-json\/wp\/v2\/comments?post=61982"}],"version-history":[{"count":1,"href":"https:\/\/www.slovaklinesmagazin.sk\/cms\/wp-json\/wp\/v2\/posts\/61982\/revisions"}],"predecessor-version":[{"id":61984,"href":"https:\/\/www.slovaklinesmagazin.sk\/cms\/wp-json\/wp\/v2\/posts\/61982\/revisions\/61984"}],"wp:featuredmedia":[{"embeddable":true,"href":"https:\/\/www.slovaklinesmagazin.sk\/cms\/wp-json\/wp\/v2\/media\/61983"}],"wp:attachment":[{"href":"https:\/\/www.slovaklinesmagazin.sk\/cms\/wp-json\/wp\/v2\/media?parent=61982"}],"wp:term":[{"taxonomy":"category","embeddable":true,"href":"https:\/\/www.slovaklinesmagazin.sk\/cms\/wp-json\/wp\/v2\/categories?post=61982"},{"taxonomy":"post_tag","embeddable":true,"href":"https:\/\/www.slovaklinesmagazin.sk\/cms\/wp-json\/wp\/v2\/tags?post=61982"}],"curies":[{"name":"wp","href":"https:\/\/api.w.org\/{rel}","templated":true}]}}