{"id":62024,"date":"2014-12-17T11:33:00","date_gmt":"2014-12-17T09:33:00","guid":{"rendered":"http:\/\/slovaklinesmagazin.sk\/cms\/?p=62024"},"modified":"2014-12-17T11:33:00","modified_gmt":"2014-12-17T09:33:00","slug":"vianocny-charitativny-herial-ladies-club-s-legendou","status":"publish","type":"post","link":"https:\/\/www.slovaklinesmagazin.sk\/cms\/2014\/12\/vianocny-charitativny-herial-ladies-club-s-legendou\/","title":{"rendered":"Viano\u010dn\u00fd charitat\u00edvny Herial Ladies Club s legendou"},"content":{"rendered":"<p>Viano\u010dn\u00fd charitat\u00edvny HLC sa konal v piatok 12. decembra 2014 o 16:30 hod. v kr\u00e1snych, zrekon\u0161truovan\u00fdch priestoroch hotela Tatra ****. Hlavn\u00fdm hos\u0165om bola legend\u00e1rna osobnos\u0165 na\u0161ej kult\u00fary, umeleck\u00fd \u0161\u00e9f s\u00faboru L\u00fa\u010dnica a jeho choreograf prof. \u0160tefan Nos\u00e1\u013e.<\/p>\n<p>V predviano\u010dnom \u010dase sa v kr\u00e1snych zrenovovan\u00fdch priestoroch hotela Tatra v samom srdci Bratislavy konal charitat\u00edvny HLC. Hotel Tatra, zn\u00e1my kedysi sl\u00e1vnym Tatra kabaretom, ale aj kinos\u00e1lou, \u010di Divadlom L plus S m\u00e1 svoj genius loci \u2013 nov\u00fa tv\u00e1r a bohat\u00fa hist\u00f3riu s tradi\u010dnou \u201estaropre\u0161purskou\u201c kuchy\u0148ou.<\/p>\n<p style=\"text-align: center;\"><img loading=\"lazy\" decoding=\"async\" class=\"\" src=\"http:\/\/slovaklinesmagazin.sk\/cms\/wp-content\/uploads\/2014\/12\/Stefan-NOsal-a-Alena-Heriabanov-1024x682.jpg\" alt=\"\" width=\"853\" height=\"568\" \/><\/p>\n<p style=\"text-align: center;\"><strong>\u0160tefan Nos\u00e1\u013e a Alena Heribanov\u00e1<\/strong><\/p>\n<p>Hlavn\u00fdm hos\u0165om bol tentoraz mu\u017e, ktor\u00fd je jedn\u00fdm z najv\u00e4\u010d\u0161\u00edch odborn\u00edkov na \u017eensk\u00fa kr\u00e1su a p\u00f4vab, slovensk\u00fd Prometheus, ktor\u00fd vymodeloval zo \u017eeny n\u00e1dhern\u00fa tane\u010dn\u00ed\u010dku, vd\u00fdchol jej neskuto\u010dn\u00fd p\u00f4vab, ladn\u00fd pohyb a \u0161arm a ktor\u00fd dok\u00e1zal po takmer 7 desa\u0165ro\u010d\u00ed svojho p\u00f4sobenia v L\u00fa\u010dnici prezentova\u0165 na dosk\u00e1ch divadiel a s\u00e1l cel\u00e9ho sveta tie najkraj\u0161ie slovensk\u00e9 diev\u010dat\u00e1 v tancoch a choreografi\u00e1ch. Odmenou boli aj s\u00fa standing ovation na v\u0161etk\u00fdch kontinentoch.<\/p>\n<p>Na svoje Vianoce v rodnej Hri\u0148ovej aj na to, \u201epre\u010do ka\u017ed\u00fd chce Tane\u010dnice z L\u00fa\u010dnice\u201c si zaspom\u00ednal prof. \u0160tefan Nos\u00e1\u013e. Rozpr\u00e1vanie 88 ro\u010dn\u00e9ho, ve\u010dne svie\u017eeho a mlad\u00e9ho umelca bolo doj\u00edmav\u00e9, vtipn\u00e9 a z\u00e1vere\u010dn\u00e1 koleda v jeho podan\u00ed navodila prav\u00fa viano\u010dn\u00fa atmosf\u00e9ru pln\u00fa prekvapen\u00ed, dar\u010dekov a dobrej n\u00e1lady.<\/p>\n<p>Po\u010das ve\u010dera sme podali pomocn\u00fa ruku ob\u010dianskym zdru\u017eeniam cel\u00e9ho Slovenska odovzdan\u00edm finan\u010dn\u00fdch \u0161ekov na podporu a pomoc zdravotne postihnut\u00fdch spoluob\u010danov. Celkom symbolicky odovzdal prv\u00fd \u0161ek prof. \u0160tefan Nos\u00e1\u013e, s\u00e1m legend\u00e1rny tane\u010dn\u00edk a choreograf, tane\u010dn\u00e9mu klubu Ellegance z Ko\u0161\u00edc a jeho umeleck\u00e9mu ved\u00facemu a choreografovi Petrovi Vida\u0161i\u010dovi a jeho tane\u010dnej partnerke na voz\u00edku Helenke Ka\u0161ickej. Tento p\u00e1r je aktu\u00e1lny majster sveta z MS v tane\u010dnom \u0161porte na voz\u00edkoch v Tokia 2013. V decembri minul\u00e9ho roka obh\u00e1jili svetov\u00e9 striebro a z\u00edskali titul majstrov sveta. Klub Ellegance zdru\u017euje tane\u010dn\u00edkov na voz\u00edkoch a m\u00e1 na svojom konte nieko\u013eko medail\u00ed z ME, a MS.<\/p>\n<p>\u017denskej kr\u00e1se sme sa venovali aj v rozhovore s obchodnou riadite\u013ekou Pierre Fabre pre Slovensko Milu\u0161ou Gallovou, ktor\u00e1 potvrdila silu prirodzenej kr\u00e1sy, ktor\u00e1 kvitne v krojoch a folkl\u00f3re a dokumentovala ju rozpr\u00e1van\u00edm o pr\u00edrodnej kozmetike franc\u00fazskych v\u00f4d AVENE, aj o najnov\u0161\u00edch produktoch pre \u017eensk\u00fa kr\u00e1su a zdravie. Zauj\u00edmav\u00e9 s\u00fa charitat\u00edvne aktivity spolo\u010dnosti Avene a pr\u00ednos k realiz\u00e1cii ekologick\u00e9ho projektu Ve\u013ek\u00e9ho zelen\u00e9ho m\u00faru, ktor\u00fd by mal pom\u00f4c\u0165 v strednej Afrike roz\u0161irovaniu Sahary a vys\u00fa\u0161anie pevn\u00edn. Na vys\u00e1dzan\u00ed stromov do tohto zelen\u00e9ho m\u00faru takmer 8000 km dlh\u00e9ho a 15 km \u0161irok\u00e9ho sa zap\u00e1jaj\u00fa t\u00ed, ktor\u00ed chc\u00fa pom\u00f4c\u0165 krajin\u00e1m tretieho sveta \u2013 Afrike a jej obyvate\u013eom.<\/p>\n<p>Projekt Alpine Centre Hotel Management prezentoval nov\u00fd typ vzdel\u00e1vania na Slovensku, s pr\u00edchu\u0165ou \u0160vaj\u010diarskych \u00c1lp a \u0161ikovnos\u0165ou autorky tejto my\u0161lienky Ing. Kamily Dolnej. Dlh\u00e9 roky sa venuje organizovaniu pobytov na\u0161ich slovensk\u00fdch \u0161tudentov v zahrani\u010d\u00ed, ich praxi v ter\u00e9ne a svoje sk\u00fasenosti uplatnila pri z\u00edskan\u00ed licencie s\u00fakromnej \u0161koly Alpine Centre Hotel Management, ktor\u00e1 bude s\u00eddli\u0165 v priestoroch Vysokej \u0161koly ekonomiky a managementu verejnej spr\u00e1vy v Bratislave. \u0160kola m\u00e1 dlhoro\u010dn\u00fa trad\u00edciu vo svete, jej absolventi nach\u00e1dzaj\u00fa 100% uplatnenie v praxi a Slovensko bude \u010fal\u0161\u00edm \u010dl\u00e1nkom re\u0165aze \u00faspe\u0161n\u00e9ho vzdel\u00e1vania mlad\u00fdch hotelov\u00fdch mana\u017e\u00e9rov.<\/p>\n<p>Charite, zdraviu a kr\u00e1se sme sa venovali aj v rozhovore s predstavite\u013emi a spolumajite\u013emi najv\u00e4\u010d\u0161ej kliniky estetickej medic\u00edny na Slovensku, ktor\u00e1 sa rozr\u00e1stla a z\u00edskala medzin\u00e1rodn\u00e9 renom\u00e9. Interklinik na \u010dele so sk\u00fasen\u00fdm riadite\u013eom MUDr. Tom\u00e1\u0161om Sternom a \u0161pi\u010dkovou dermatologi\u010dkou MUDr. Sl\u00e1vkou Feix n\u00e1m pribl\u00ed\u017eil u\u017e 20-ro\u010dn\u00fd pr\u00edbeh tejto prest\u00ed\u017enej a uzn\u00e1vanej kliniky.<\/p>\n<p style=\"text-align: center;\"><img loading=\"lazy\" decoding=\"async\" class=\"aligncenter\" src=\"http:\/\/slovaklinesmagazin.sk\/cms\/wp-content\/uploads\/2014\/12\/Tomas-Stern-Slavka-FEIX-1024x682.jpg\" alt=\"Tomas Stern, Slavka FEIX\" width=\"853\" height=\"568\" \/><\/p>\n<p style=\"text-align: center;\"><strong>Tom\u00e1\u0161 Stern a MUDr. Sl\u00e1vka Feix<\/strong><\/p>\n<p style=\"text-align: center;\">\n<p>Ke\u010f\u017ee Herial Ladies Club nie je iba o duchovn\u00fdch hodnot\u00e1ch, ale aj o gurm\u00e1nskych z\u00e1\u017eitkoch, ve\u010der pokra\u010doval degust\u00e1ciou skvel\u00fdch v\u00edn z vin\u00edc a pivn\u00edc dvojice vin\u00e1rov Ivana Lacka a Vladim\u00edra Majt\u00e1na, odborn\u00edkov, ktor\u00ed zasv\u00e4tili d\u00e1my do tajov v\u00ednneho moku, aj do tajomstva, pre\u010do bol rok 1961 v\u00fdnimo\u010dn\u00fd ro\u010dn\u00edk. Zn\u00e1mi vin\u00e1ri predstavili aj v\u00fdnimo\u010dn\u00e9 v\u00edna pre v\u00fdnimo\u010dn\u00fdch \u013eud\u00ed z cel\u00e9ho sveta.<\/p>\n<p style=\"text-align: center;\"><img loading=\"lazy\" decoding=\"async\" class=\"aligncenter\" src=\"http:\/\/slovaklinesmagazin.sk\/cms\/wp-content\/uploads\/2014\/12\/Vladimir-Majtan-Ivan-Lacko-1024x682.jpg\" alt=\"Vladimir Majtan, Ivan Lacko\" width=\"855\" height=\"570\" \/><\/p>\n<p style=\"text-align: center;\"><strong>Vladim\u00edr Majt\u00e1n a Ivan Lacko<\/strong><\/p>\n<p>Hostite\u013eka ve\u010dera, p\u00f4vabn\u00e1 pani riadite\u013eka hotela Tatra****, Mgr. Slavom\u00edra \u0160tef\u00e1nikov\u00e1 nielen\u017ee so svoj\u00edm t\u00edmom pripravila v\u00fdnimo\u010dn\u00e9 kulin\u00e1rske z\u00e1\u017eitky, ale aj porozpr\u00e1vala o svojich sk\u00fasenostiach z tatransk\u00fdch re\u0161taur\u00e1ci\u00ed a hotelov, kde doteraz p\u00f4sobila. Ako sama priznala, hotel Tatra je \u0161anca a v\u00fdzva! A v\u00fdzvy \u010dakaj\u00fa len na pripraven\u00fdch\u2026v jej pr\u00edpade bola \u0161anca premenen\u00e1. Samozrejmos\u0165ou boli aj ochutn\u00e1vky n\u00e1pojov spolo\u010dnosti McCarter, a prvotriednej slovenskej k\u00e1vy \u0160trbsk\u00e9 presso.<\/p>\n<p>S\u00fa\u010das\u0165ou charitat\u00edvneho ve\u010dera bolo spolo\u010dn\u00e9 odovzdanie \u0161eku Detsk\u00e9mu kardiocentru v Bratislave do r\u00fak jeho predsedn\u00ed\u010dky M\u00e1rii Kadle\u010d\u00edkovej s vyzbieran\u00fdm finan\u010dn\u00fdm v\u00fd\u0165a\u017ekom z Charitat\u00edvneho viano\u010dn\u00e9ho baz\u00e1ru, ktor\u00fd sa konal 29.11.2014 v hoteli Chopin***.<\/p>\n<p style=\"text-align: center;\"><img decoding=\"async\" src=\"http:\/\/slovaklinesmagazin.sk\/cms\/wp-content\/uploads\/2014\/12\/Maria-Kadlecikova_1.jpg\" alt=\"Maria Kadlecikova_1\" \/><\/p>\n<p style=\"text-align: center;\"><strong>M\u00e1ria Kadle\u00edikov\u00e1 a Ing. Miriam I\u0161tokov\u00e1<\/strong><\/p>\n<p style=\"text-align: center;\">\n<p>Kr\u00e1snou bodkou programu bola prehliadka spolo\u010densk\u00fdch \u0161iat z dielne talentovanej Ivany Marmare. Modely kombinovan\u00e9 s prav\u00fdmi luxusn\u00fdmi ko\u017eu\u0161inami La Rena, boli vhodn\u00fdm tipom na nadch\u00e1dzaj\u00face sviato\u010dn\u00e9 dni a plesov\u00fa sez\u00f3nu.<\/p>\n<p>Po skon\u010den\u00ed ofici\u00e1lnej \u010dasti sa degust\u00e1cia v\u00edn a ochutn\u00e1vka \u0161pecial\u00edt doplnen\u00e1 pr\u00edjemn\u00fdmi rozhovormi a stretnutiami takmer dvesto d\u00e1m z cel\u00e9ho Slovenska prehupla do neskor\u00fdch no\u010dn\u00fdch hod\u00edn. Advent znamen\u00e1 pr\u00edchod \u2013 pr\u00edchod Vianoc, ich \u010dara, stretnut\u00ed bl\u00edzkych, rodiny, zastaveniu sa v ka\u017edodennom zhone. Aj HLC n\u00e1m pripomenul, \u010do advent znamen\u00e1 \u2013 d\u00e1vanie a dost\u00e1vanie, rados\u0165 a l\u00e1sku, spolupatri\u010dnos\u0165, chr\u00e1m \u013eudskej ve\u013ekorysosti a porozumenia namiesto chr\u00e1mu konzumu a materi\u00e1lnych hodn\u00f4t.<\/p>\n<p>&nbsp;<\/p>\n<div id='gallery-1' class='gallery galleryid-62024 gallery-columns-3 gallery-size-thumbnail'><figure class='gallery-item'>\n\t\t\t<div class='gallery-icon landscape'>\n\t\t\t\t<a href='https:\/\/www.slovaklinesmagazin.sk\/cms\/2014\/12\/vianocny-charitativny-herial-ladies-club-s-legendou\/lc-herial-12-12-14-tatra-0386\/'><img loading=\"lazy\" decoding=\"async\" width=\"150\" height=\"150\" src=\"https:\/\/www.slovaklinesmagazin.sk\/cms\/wp-content\/uploads\/2014\/12\/LC-herial-12.12.14-tatra-0386-150x150.jpg\" class=\"attachment-thumbnail size-thumbnail\" alt=\"\" \/><\/a>\n\t\t\t<\/div><\/figure><figure class='gallery-item'>\n\t\t\t<div class='gallery-icon landscape'>\n\t\t\t\t<a href='https:\/\/www.slovaklinesmagazin.sk\/cms\/2014\/12\/vianocny-charitativny-herial-ladies-club-s-legendou\/interklinik\/'><img loading=\"lazy\" decoding=\"async\" width=\"150\" height=\"150\" src=\"https:\/\/www.slovaklinesmagazin.sk\/cms\/wp-content\/uploads\/2014\/12\/Interklinik-150x150.jpg\" class=\"attachment-thumbnail size-thumbnail\" alt=\"\" \/><\/a>\n\t\t\t<\/div><\/figure><figure class='gallery-item'>\n\t\t\t<div class='gallery-icon landscape'>\n\t\t\t\t<a href='https:\/\/www.slovaklinesmagazin.sk\/cms\/2014\/12\/vianocny-charitativny-herial-ladies-club-s-legendou\/kamila-dolna\/'><img loading=\"lazy\" decoding=\"async\" width=\"150\" height=\"150\" src=\"https:\/\/www.slovaklinesmagazin.sk\/cms\/wp-content\/uploads\/2014\/12\/Kamila-DOlna-150x150.jpg\" class=\"attachment-thumbnail size-thumbnail\" alt=\"\" \/><\/a>\n\t\t\t<\/div><\/figure><figure class='gallery-item'>\n\t\t\t<div class='gallery-icon landscape'>\n\t\t\t\t<a href='https:\/\/www.slovaklinesmagazin.sk\/cms\/2014\/12\/vianocny-charitativny-herial-ladies-club-s-legendou\/lc-herial-12-12-14-tatra-0217\/'><img loading=\"lazy\" decoding=\"async\" width=\"150\" height=\"150\" src=\"https:\/\/www.slovaklinesmagazin.sk\/cms\/wp-content\/uploads\/2014\/12\/LC-herial-12.12.14-tatra-0217-150x150.jpg\" class=\"attachment-thumbnail size-thumbnail\" alt=\"\" \/><\/a>\n\t\t\t<\/div><\/figure><figure class='gallery-item'>\n\t\t\t<div class='gallery-icon landscape'>\n\t\t\t\t<a href='https:\/\/www.slovaklinesmagazin.sk\/cms\/2014\/12\/vianocny-charitativny-herial-ladies-club-s-legendou\/lc-herial-12-12-14-tatra-0386-2\/'><img loading=\"lazy\" decoding=\"async\" width=\"150\" height=\"150\" src=\"https:\/\/www.slovaklinesmagazin.sk\/cms\/wp-content\/uploads\/2014\/12\/LC-herial-12.12.14-tatra-03861-150x150.jpg\" class=\"attachment-thumbnail size-thumbnail\" alt=\"\" \/><\/a>\n\t\t\t<\/div><\/figure><figure class='gallery-item'>\n\t\t\t<div class='gallery-icon landscape'>\n\t\t\t\t<a href='https:\/\/www.slovaklinesmagazin.sk\/cms\/2014\/12\/vianocny-charitativny-herial-ladies-club-s-legendou\/lc-herial-12-12-14-tatra-0452\/'><img loading=\"lazy\" decoding=\"async\" width=\"150\" height=\"150\" src=\"https:\/\/www.slovaklinesmagazin.sk\/cms\/wp-content\/uploads\/2014\/12\/LC-herial-12.12.14-tatra-0452-150x150.jpg\" class=\"attachment-thumbnail size-thumbnail\" alt=\"\" \/><\/a>\n\t\t\t<\/div><\/figure><figure class='gallery-item'>\n\t\t\t<div class='gallery-icon landscape'>\n\t\t\t\t<a href='https:\/\/www.slovaklinesmagazin.sk\/cms\/2014\/12\/vianocny-charitativny-herial-ladies-club-s-legendou\/lc-herial-12-12-14-tatra-0455\/'><img loading=\"lazy\" decoding=\"async\" width=\"150\" height=\"150\" src=\"https:\/\/www.slovaklinesmagazin.sk\/cms\/wp-content\/uploads\/2014\/12\/LC-herial-12.12.14-tatra-0455-150x150.jpg\" class=\"attachment-thumbnail size-thumbnail\" alt=\"\" \/><\/a>\n\t\t\t<\/div><\/figure><figure class='gallery-item'>\n\t\t\t<div class='gallery-icon portrait'>\n\t\t\t\t<a href='https:\/\/www.slovaklinesmagazin.sk\/cms\/2014\/12\/vianocny-charitativny-herial-ladies-club-s-legendou\/lc-herial-12-12-14-tatra-0566\/'><img loading=\"lazy\" decoding=\"async\" width=\"150\" height=\"150\" src=\"https:\/\/www.slovaklinesmagazin.sk\/cms\/wp-content\/uploads\/2014\/12\/LC-herial-12.12.14-tatra-0566-150x150.jpg\" class=\"attachment-thumbnail size-thumbnail\" alt=\"\" \/><\/a>\n\t\t\t<\/div><\/figure><figure class='gallery-item'>\n\t\t\t<div class='gallery-icon landscape'>\n\t\t\t\t<a href='https:\/\/www.slovaklinesmagazin.sk\/cms\/2014\/12\/vianocny-charitativny-herial-ladies-club-s-legendou\/lc-herial-12-12-14-tatra-0677\/'><img loading=\"lazy\" decoding=\"async\" width=\"150\" height=\"150\" src=\"https:\/\/www.slovaklinesmagazin.sk\/cms\/wp-content\/uploads\/2014\/12\/LC-herial-12.12.14-tatra-0677-150x150.jpg\" class=\"attachment-thumbnail size-thumbnail\" alt=\"\" \/><\/a>\n\t\t\t<\/div><\/figure><figure class='gallery-item'>\n\t\t\t<div class='gallery-icon landscape'>\n\t\t\t\t<a href='https:\/\/www.slovaklinesmagazin.sk\/cms\/2014\/12\/vianocny-charitativny-herial-ladies-club-s-legendou\/lc-herial-12-12-14-tatra-0951-2\/'><img loading=\"lazy\" decoding=\"async\" width=\"150\" height=\"150\" src=\"https:\/\/www.slovaklinesmagazin.sk\/cms\/wp-content\/uploads\/2014\/12\/LC-herial-12.12.14-tatra-0951-2-150x150.jpg\" class=\"attachment-thumbnail size-thumbnail\" alt=\"\" \/><\/a>\n\t\t\t<\/div><\/figure><figure class='gallery-item'>\n\t\t\t<div class='gallery-icon landscape'>\n\t\t\t\t<a href='https:\/\/www.slovaklinesmagazin.sk\/cms\/2014\/12\/vianocny-charitativny-herial-ladies-club-s-legendou\/lc-herial-12-12-14-tatra-0951\/'><img loading=\"lazy\" decoding=\"async\" width=\"150\" height=\"150\" src=\"https:\/\/www.slovaklinesmagazin.sk\/cms\/wp-content\/uploads\/2014\/12\/LC-herial-12.12.14-tatra-0951-150x150.jpg\" class=\"attachment-thumbnail size-thumbnail\" alt=\"\" \/><\/a>\n\t\t\t<\/div><\/figure><figure class='gallery-item'>\n\t\t\t<div class='gallery-icon landscape'>\n\t\t\t\t<a href='https:\/\/www.slovaklinesmagazin.sk\/cms\/2014\/12\/vianocny-charitativny-herial-ladies-club-s-legendou\/lc-herial-12-12-14-tatra-0977\/'><img loading=\"lazy\" decoding=\"async\" width=\"150\" height=\"150\" src=\"https:\/\/www.slovaklinesmagazin.sk\/cms\/wp-content\/uploads\/2014\/12\/LC-herial-12.12.14-tatra-0977-150x150.jpg\" class=\"attachment-thumbnail size-thumbnail\" alt=\"\" \/><\/a>\n\t\t\t<\/div><\/figure><figure class='gallery-item'>\n\t\t\t<div class='gallery-icon landscape'>\n\t\t\t\t<a href='https:\/\/www.slovaklinesmagazin.sk\/cms\/2014\/12\/vianocny-charitativny-herial-ladies-club-s-legendou\/lc-herial-12-12-14-tatra-1200\/'><img loading=\"lazy\" decoding=\"async\" width=\"150\" height=\"150\" src=\"https:\/\/www.slovaklinesmagazin.sk\/cms\/wp-content\/uploads\/2014\/12\/LC-herial-12.12.14-tatra-1200-150x150.jpg\" class=\"attachment-thumbnail size-thumbnail\" alt=\"\" \/><\/a>\n\t\t\t<\/div><\/figure><figure class='gallery-item'>\n\t\t\t<div class='gallery-icon landscape'>\n\t\t\t\t<a href='https:\/\/www.slovaklinesmagazin.sk\/cms\/2014\/12\/vianocny-charitativny-herial-ladies-club-s-legendou\/lc-herial-12-12-14-tatra-1215\/'><img loading=\"lazy\" decoding=\"async\" width=\"150\" height=\"150\" src=\"https:\/\/www.slovaklinesmagazin.sk\/cms\/wp-content\/uploads\/2014\/12\/LC-herial-12.12.14-tatra-1215-150x150.jpg\" class=\"attachment-thumbnail size-thumbnail\" alt=\"\" \/><\/a>\n\t\t\t<\/div><\/figure>\n\t\t<\/div>\n\n<p>&nbsp;<\/p>\n","protected":false},"excerpt":{"rendered":"<p>Viano\u010dn\u00fd charitat\u00edvny HLC sa konal v piatok 12. decembra 2014 o 16:30 hod. v kr\u00e1snych, zrekon\u0161truovan\u00fdch priestoroch hotela Tatra ****. Hlavn\u00fdm hos\u0165om bola legend\u00e1rna osobnos\u0165 na\u0161ej kult\u00fary, umeleck\u00fd \u0161\u00e9f s\u00faboru L\u00fa\u010dnica a jeho choreograf prof. \u0160tefan Nos\u00e1\u013e. V predviano\u010dnom \u010dase sa v kr\u00e1snych zrenovovan\u00fdch priestoroch hotela Tatra v samom srdci Bratislavy konal charitat\u00edvny HLC. Hotel [&hellip;]<\/p>\n","protected":false},"author":7,"featured_media":62030,"comment_status":"closed","ping_status":"closed","sticky":false,"template":"","format":"gallery","meta":{"footnotes":""},"categories":[1],"tags":[],"class_list":["post-62024","post","type-post","status-publish","format-gallery","has-post-thumbnail","hentry","category-nezaradene","post_format-post-format-gallery","eq-blocks"],"_links":{"self":[{"href":"https:\/\/www.slovaklinesmagazin.sk\/cms\/wp-json\/wp\/v2\/posts\/62024","targetHints":{"allow":["GET"]}}],"collection":[{"href":"https:\/\/www.slovaklinesmagazin.sk\/cms\/wp-json\/wp\/v2\/posts"}],"about":[{"href":"https:\/\/www.slovaklinesmagazin.sk\/cms\/wp-json\/wp\/v2\/types\/post"}],"author":[{"embeddable":true,"href":"https:\/\/www.slovaklinesmagazin.sk\/cms\/wp-json\/wp\/v2\/users\/7"}],"replies":[{"embeddable":true,"href":"https:\/\/www.slovaklinesmagazin.sk\/cms\/wp-json\/wp\/v2\/comments?post=62024"}],"version-history":[{"count":1,"href":"https:\/\/www.slovaklinesmagazin.sk\/cms\/wp-json\/wp\/v2\/posts\/62024\/revisions"}],"predecessor-version":[{"id":62045,"href":"https:\/\/www.slovaklinesmagazin.sk\/cms\/wp-json\/wp\/v2\/posts\/62024\/revisions\/62045"}],"wp:featuredmedia":[{"embeddable":true,"href":"https:\/\/www.slovaklinesmagazin.sk\/cms\/wp-json\/wp\/v2\/media\/62030"}],"wp:attachment":[{"href":"https:\/\/www.slovaklinesmagazin.sk\/cms\/wp-json\/wp\/v2\/media?parent=62024"}],"wp:term":[{"taxonomy":"category","embeddable":true,"href":"https:\/\/www.slovaklinesmagazin.sk\/cms\/wp-json\/wp\/v2\/categories?post=62024"},{"taxonomy":"post_tag","embeddable":true,"href":"https:\/\/www.slovaklinesmagazin.sk\/cms\/wp-json\/wp\/v2\/tags?post=62024"}],"curies":[{"name":"wp","href":"https:\/\/api.w.org\/{rel}","templated":true}]}}