{"id":64736,"date":"2015-03-27T09:22:44","date_gmt":"2015-03-27T07:22:44","guid":{"rendered":"http:\/\/slovaklinesmagazin.sk\/cms\/?p=64736"},"modified":"2015-03-27T09:24:34","modified_gmt":"2015-03-27T07:24:34","slug":"galtur-ischgl-kappl-a-see-lyziarsky-raj-v-tirolskych-alpach","status":"publish","type":"post","link":"https:\/\/www.slovaklinesmagazin.sk\/cms\/2015\/03\/galtur-ischgl-kappl-a-see-lyziarsky-raj-v-tirolskych-alpach\/","title":{"rendered":"Galt\u00fcr, Ischgl, Kappl a See &#8211; ly\u017eiarsky raj v tirolsk\u00fdch Alp\u00e1ch"},"content":{"rendered":"<p>Napriek tomu, \u017ee prv\u00fd jarn\u00fd de\u0148 sa v\u00a0kalend\u00e1ri objavil u\u017e d\u00e1vnej\u0161ie, ly\u017eiarska sez\u00f3na z\u010faleka nekon\u010d\u00ed. Hlavne u\u00a0na\u0161ich z\u00e1padn\u00fdch susedov je e\u0161te v\u00a0plnom pr\u00fade.<\/p>\n<p><strong>Galt\u00fcr<\/strong><\/p>\n<p><img loading=\"lazy\" decoding=\"async\" class=\" aligncenter\" src=\"http:\/\/slovaklinesmagazin.sk\/cms\/wp-content\/uploads\/2015\/03\/galtur-maly1.jpg\" alt=\"\" width=\"489\" height=\"325\" \/><\/p>\n<p>&nbsp;<\/p>\n<p>Galt\u00fcr, dedinka, \u00a0ktor\u00e1 sa nach\u00e1dza vo v\u00fd\u0161ke 1600 metrov nad morom v \u00fadol\u00ed Paznauntal, za\u00fato\u010d\u00ed na v\u0161etky va\u0161e zmysly. Dedinka s len 830 obyvate\u013emi sa nach\u00e1dza na zadnej strane \u00fadolia Paznaun v z\u00e1padnom Tirolsku a je to z\u00e1rve\u0148 prv\u00e9 k\u00fape\u013en\u00e9 stredisko v\u00a0Tirolsku. Ly\u017eiarsky rezort je spo\u013eahlivo pokryt\u00fd snehovou pokr\u00fdvkou, \u010d\u00edm zabezpe\u010duje svojim hos\u0165om neobmedzen\u00fd zimn\u00e9 radov\u00e1nky a pestr\u00fa \u0161k\u00e1lu \u0161portov\u00fdch mo\u017enost\u00ed.<\/p>\n<p style=\"text-align: center;\"><img decoding=\"async\" class=\"aligncenter\" src=\"http:\/\/slovaklinesmagazin.sk\/cms\/wp-content\/uploads\/2015\/03\/galtur-maly2.jpg\" alt=\"\" \/><\/p>\n<p style=\"text-align: center;\"><img loading=\"lazy\" decoding=\"async\" class=\"aligncenter\" src=\"http:\/\/slovaklinesmagazin.sk\/cms\/wp-content\/uploads\/2015\/03\/Freeriden-f\u00fcr-Kinder-in-Galt\u00fcr_credits_Silvapark-Galt\u00fcr-1024x681.jpg\" alt=\"\" width=\"850\" height=\"565\" \/><br \/>\nSilvapark Galt\u00fcr<\/p>\n<p style=\"text-align: center;\"><img loading=\"lazy\" decoding=\"async\" class=\"aligncenter\" src=\"http:\/\/slovaklinesmagazin.sk\/cms\/wp-content\/uploads\/2015\/03\/Freeriden-f\u00fcr-Anf\u00e4nger-in-Galt\u00fcr_credits_Silvapark-Galt\u00fcr-3-1024x681.jpg\" alt=\"\" width=\"851\" height=\"566\" \/><\/p>\n<p style=\"text-align: center;\">Silvapark Galt\u00fcr<\/p>\n<p style=\"text-align: center;\"><img loading=\"lazy\" decoding=\"async\" class=\"aligncenter\" src=\"http:\/\/slovaklinesmagazin.sk\/cms\/wp-content\/uploads\/2015\/03\/Freeriden-f\u00fcr-Kinder-in-Galt\u00fcr_credits_Silvapark-Galt\u00fcr-2-1024x681.jpg\" alt=\"\" width=\"844\" height=\"561\" \/><\/p>\n<p style=\"text-align: center;\">Freeride pre deti v Galt\u00fcr<\/p>\n<p>Unik\u00e1tny Silvapark bol navrhnut\u00fd tak, aby sp\u013a\u0148al cel\u00fd rad po\u017eiadaviek a je zameran\u00fd na bud\u00facnos\u0165 zimn\u00e9ho \u0161portu. \u0160es\u0165 samostatn\u00fdch z\u00f3n pon\u00faka ide\u00e1lne podmienky pre ly\u017eovanie, snowboarding, freeride a be\u017eeck\u00e9 ly\u017eovanie. Dev\u00e4\u0165 lanoviek a\u00a0vlekov\u00a0 zas prep\u00e1ja kilometre perfektne upraven\u00fdch zjazdoviek. Silvapark Galt\u00fcr z\u00e1rove\u0148\u00a0 z\u00edskal od n\u00e1v\u0161tevn\u00edkov a\u017e p\u00e4\u0165 hviezdi\u010diek za slu\u017eby pre rodiny. Na svoje si okrem dospel\u00fdch \u010dlenov rodiny pr\u00eddu najm\u00e4 deti. Z\u00a0rozpr\u00e1vkov\u00e9ho lesa ur\u010den\u00e9ho najmen\u0161\u00edch by sa chcelo od\u00eds\u0165 m\u00e1lokomu, pre teenagerov a\u00a0dospel\u00fdch\u00a0 je zhmotnen\u00edm rozpr\u00e1vkovej krajiny Action Park a\u00a0mno\u017estvo kilometrov adrenal\u00ednovej z\u00e1bavy. Ak st\u00e1le never\u00edte, \u017ee dedinka Galt\u00fcr je skuto\u010dne v\u00fdnimo\u010dn\u00e1, h\u00e1dam v\u00e1s presved\u010d\u00ed, \u017ee o\u00a0svojich dojmoch z\u00a0tohto miesta sa podelil v rom\u00e1ne Alpine Idyll aj Ernest Hemingway.<\/p>\n<p><strong>Ischgl<\/strong><\/p>\n<p><img loading=\"lazy\" decoding=\"async\" class=\" aligncenter\" src=\"http:\/\/slovaklinesmagazin.sk\/cms\/wp-content\/uploads\/2015\/03\/Ischgl_Winter_Nacht_c-TVB-Paznaun-Ischgl-1024x515.jpg\" alt=\"\" width=\"525\" height=\"264\" \/><\/p>\n<p>&nbsp;<\/p>\n<p>Ob\u013e\u00faben\u00fdm\u00a0 ly\u017eiarskym strediskom v\u00a0rak\u00faskych Alp\u00e1ch je letovisko v oblasti z\u00e1padnej Tirolsko, Ischgl. Vyzn\u00e1va\u010di akt\u00edvneho a\u00a0modern\u00e9ho \u017eivotn\u00e9ho \u0161t\u00fdlu sem, medzi hory Silvretta a\u00a0Verwall, chodia ako na klav\u00edr. A\u00a0vedia pre\u010do. Jeden z najv\u00e4\u010d\u0161\u00edch s\u00favisl\u00fdch ly\u017eiarskych are\u00e1lov v Alp\u00e1ch udivuje svojimi dokonale upraven\u00fdmi zjazdovkami, origin\u00e1lnymi freeridov\u00fdmi z\u00f3nami a obr\u00edmi z\u00e1bavn\u00fdmi parkami.<\/p>\n<p style=\"text-align: center;\"><img decoding=\"async\" class=\"aligncenter\" src=\"http:\/\/slovaklinesmagazin.sk\/cms\/wp-content\/uploads\/2015\/03\/3-SPardatschgrat_New-Gondola-Design_credits_TVB-Paznaun-Ischgl-2maly.jpg\" alt=\"3-SPardatschgrat_New Gondola Design_credits_TVB Paznaun-Ischgl (2)maly\" \/> <img decoding=\"async\" class=\"aligncenter\" src=\"http:\/\/slovaklinesmagazin.sk\/cms\/wp-content\/uploads\/2015\/03\/Bergstation-3-S-Pardatschgrat_credits_TVB-Paznaun-Ischgl-3maly.jpg\" alt=\"Bergstation 3-S Pardatschgrat_credits_TVB Paznaun-Ischgl (3)maly\" \/> <img decoding=\"async\" class=\"aligncenter\" src=\"http:\/\/slovaklinesmagazin.sk\/cms\/wp-content\/uploads\/2015\/03\/Saisonopening-in-der-Silvretta-Arena-am-27.11.2014_credits_TVB-Paznaun-Ischgl-maly.jpg\" alt=\"Saisonopening in der Silvretta Arena am 27.11.2014_credits_TVB Paznaun-Ischgl maly\" \/> <img decoding=\"async\" class=\"aligncenter\" src=\"http:\/\/slovaklinesmagazin.sk\/cms\/wp-content\/uploads\/2015\/03\/Taris-Kabine_credits_TVB-Paznaun-Ischgl-1maly.jpg\" alt=\"\" \/><\/p>\n<p>&nbsp;<\/p>\n<p>Ke\u010f u\u017e m\u00e1te ly\u017e\u00ed dos\u0165, vyme\u0148te ich sa s\u00e1nky. Po\u010das no\u010dnej s\u00e1nkova\u010dky si pri tejto detskej z\u00e1bave u\u017eijete aj skuto\u010dn\u00fd adrenal\u00edn. A\u00a0ak ste vy\u0161portovan\u00ed do s\u00fdtosti, m\u00f4\u017eete sa odreagova\u0165 v\u00a0luxusn\u00fdch obchodoch, alebo na niektorom koncerte, \u010di spolo\u010denskom podujat\u00ed, ktor\u00fdch je v\u00a0ob\u013e\u00fabenom stredisku ne\u00farekom. T\u00fato sez\u00f3nu stoj\u00ed za n\u00e1v\u0161tevu minim\u00e1lne koncert mil\u00e1\u010dika \u017eensk\u00e9ho publika, Jamesa Blunta.\u00a0 Samostatnou kapitolou\u00a0 s\u00fa v\u00a0rak\u00faskom Ischgl kulin\u00e1rske z\u00e1\u017eitky. Ak chcete pote\u0161i\u0165 svoje chu\u0165ov\u00e9 poh\u00e1riky, je z\u00a0\u010doho vybera\u0165. Ak dr\u017e\u00edte di\u00e9tu, nemajte obavy, v\u0161etky kal\u00f3rie sp\u00e1lite na svahu.<\/p>\n<p>Tento rok m\u00e1 stredisko so 45 lanovkami aj nov\u00fd \u201epr\u00edrastok\u201c. Medzin\u00e1rodn\u00e9 \u0161pi\u010dkov\u00e9 stredisko st\u00e1le zdokona\u013euje svoju infra\u0161trukt\u00faru a\u00a0nov\u00e1 lanovka s\u00a0prev\u00fd\u0161en\u00edm neuverite\u013en\u00fdch 1251 m je eur\u00f3psky\u00a0 unik\u00e1t.<\/p>\n<p><strong>Kappl a See<\/strong><\/p>\n<p><img loading=\"lazy\" decoding=\"async\" class=\" aligncenter\" src=\"http:\/\/slovaklinesmagazin.sk\/cms\/wp-content\/uploads\/2015\/03\/SkyBar-NEU-c-Bergbahnen-See-3maly.jpg\" alt=\"\" width=\"514\" height=\"290\" \/><\/p>\n<p>&nbsp;<\/p>\n<p>Ak vo va\u0161ej rodine rozhoduj\u00fa jej najmen\u0161\u00ed a\u00a0najmlad\u0161\u00ed \u010dlenovia, va\u0161e kroky ur\u010dite poved\u00fa do stred\u00edsk Kappl a\u00a0See. Dediny sa nach\u00e1dzaj\u00fa\u00a0 pri vstupe do slne\u010dn\u00e9ho \u00fadolia Paznaun na z\u00e1pade Tirolska. T\u00fd\u010dia sa nad \u00fadoliami Verwall Samnaun, \u010do\u00a0 zabezpe\u010duje n\u00e1v\u0161tevn\u00edkom malebn\u00fa panor\u00e1mu.<\/p>\n<p><strong>Rodinn\u00fd ly\u017eiarsky are\u00e1l Kappl<\/strong><\/p>\n<p>N\u00e1v\u0161tevn\u00edci, ktor\u00ed stredisko poznaj\u00fa tvrdia, \u017ee jeho hostia sa ur\u010dite nebud\u00fa nudi\u0165. S\u00fa tu detsk\u00e9 zjazdovky, ski koloto\u010d, snehov\u00e1 jasky\u0148a a mnoho in\u00fdch atrakci\u00ed. V\u00fdborn\u00e9 podmienky pre deti predstavuj\u00fa priestrann\u00e9 zjazdovky, desa\u0165 pohodln\u00fdch lanoviek, \u010di z\u00e1bavn\u00fd park Sunny Mountain, ktor\u00fd sa nach\u00e1dza uprostred ly\u017eiarskej oblasti. Rodi\u010dia sa tu m\u00f4\u017eu spo\u013eahn\u00fa\u0165 na odborn\u00fa starostlivos\u0165 o deti po\u010das celodennej ly\u017eova\u010dky. Stredisko mysl\u00ed aj na obmedzen\u00fd rodinn\u00fd rozpo\u010det. Pre svoje ratolesti tu k\u00fapia skipasy za rozumn\u00e9 ceny. V\u00fdhodn\u00e9 s\u00fa pre rodiny aj ceny ubytovania.<\/p>\n<p style=\"text-align: center;\"><img decoding=\"async\" class=\"aligncenter\" src=\"http:\/\/slovaklinesmagazin.sk\/cms\/wp-content\/uploads\/2015\/03\/Familienparadies-See_credits_TVB-Paznaun-Ischgl-2maly.jpg\" alt=\"\" \/> <img decoding=\"async\" class=\"aligncenter\" src=\"http:\/\/slovaklinesmagazin.sk\/cms\/wp-content\/uploads\/2015\/03\/Familienparadies-See_credits_TVB-Paznaun-Ischgl-3maly.jpg\" alt=\"\" \/> <img decoding=\"async\" class=\"aligncenter\" src=\"http:\/\/slovaklinesmagazin.sk\/cms\/wp-content\/uploads\/2015\/03\/SkyBar-NEU-c-Bergbahnen-See-4maly.jpg\" alt=\"\" \/><\/p>\n<p>Kappl v\u0161ak nevyh\u013ead\u00e1vaj\u00fa len\u00a0 mlad\u00e9 rodiny, ale i\u00a0ly\u017eiari za\u010diato\u010dn\u00edci, ktor\u00ed sa sem chodia\u00a0 zdokona\u013eova\u0165 v\u00a0najob\u013e\u00fabenej\u0161om zimnom \u0161porte. S\u00fa\u010das\u0165ou ly\u017eiarskych kurzov je \u00favod do lav\u00ednov\u00e9ho nebezpe\u010denstva, ktor\u00fd pom\u00e1ha riadne pos\u00fadi\u0165 bezpe\u010dnos\u0165 na hor\u00e1ch.<\/p>\n<p><strong>Rodinn\u00fd ly\u017eiarsky are\u00e1l See<\/strong><\/p>\n<p>Susedn\u00fd are\u00e1l ur\u010den\u00fd takisto pre rodiny s\u00a0de\u0165mi m\u00e1 tie\u017e \u010do pon\u00faknu\u0165 nad\u0161encom zimn\u00fdch \u0161portov a\u00a0radov\u00e1nok. Dev\u00e4\u0165 lanoviek zabezpe\u010duje vynikaj\u00face podmienky pre deti, ktor\u00e9 si svoj vz\u0165ah k\u00a0ly\u017eovaniu e\u0161te len vytv\u00e1raj\u00fa. Ly\u017eiarska \u0161kola a\u00a0\u0161k\u00f4lka pon\u00fakaj\u00fa prvotriedne slu\u017eby de\u0165om, k\u00fdm sa rodi\u010dia m\u00f4\u017eu vybl\u00e1zni\u0165 na 41 kilometroch perfektne upraven\u00fdch zjazdoviek. Aj v stredisku See \u00a0m\u00f4\u017eete okrem ly\u017e\u00ed\u00a0 a\u00a0snowboardu vyvetra\u0165 aj s\u00e1nky, alebo si u\u017ei\u0165 no\u010dn\u00e9 ly\u017eovanie.<\/p>\n<p style=\"text-align: center;\"><img decoding=\"async\" class=\"aligncenter\" src=\"http:\/\/slovaklinesmagazin.sk\/cms\/wp-content\/uploads\/2015\/03\/Familienparadies-See_credits_TVB-Paznaun-Ischgl-1maly.jpg\" alt=\"\" \/><\/p>\n<p>&nbsp;<\/p>\n<p>Fotopr\u00edbeh z novin\u00e1rskej cesty v stredisk\u00e1ch Ischgl, Galt\u00fcr &amp; See si m\u00f4\u017eete pozrie\u0165 aj <a href=\"https:\/\/www.facebook.com\/media\/set\/?set=a.776781712405471.1073741849.257692514314396&amp;type=1\" target=\"_blank\">TU<\/a><\/p>\n<p>&nbsp;<\/p>\n","protected":false},"excerpt":{"rendered":"<p>Napriek tomu, \u017ee prv\u00fd jarn\u00fd de\u0148 sa v\u00a0kalend\u00e1ri objavil u\u017e d\u00e1vnej\u0161ie, ly\u017eiarska sez\u00f3na z\u010faleka nekon\u010d\u00ed. Hlavne u\u00a0na\u0161ich z\u00e1padn\u00fdch susedov je e\u0161te v\u00a0plnom pr\u00fade. Galt\u00fcr &nbsp; Galt\u00fcr, dedinka, \u00a0ktor\u00e1 sa nach\u00e1dza vo v\u00fd\u0161ke 1600 metrov nad morom v \u00fadol\u00ed Paznauntal, za\u00fato\u010d\u00ed na v\u0161etky va\u0161e zmysly. Dedinka s len 830 obyvate\u013emi sa nach\u00e1dza na zadnej strane \u00fadolia [&hellip;]<\/p>\n","protected":false},"author":7,"featured_media":64738,"comment_status":"closed","ping_status":"closed","sticky":false,"template":"","format":"standard","meta":{"footnotes":""},"categories":[13,46,45,11,52,56,50,14],"tags":[],"class_list":["post-64736","post","type-post","status-publish","format-standard","has-post-thumbnail","hentry","category-real-estate","category-gastronomia","category-nas-tip","category-news","category-outdoor","category-priroda","category-radim-vam","category-sport","eq-blocks"],"_links":{"self":[{"href":"https:\/\/www.slovaklinesmagazin.sk\/cms\/wp-json\/wp\/v2\/posts\/64736","targetHints":{"allow":["GET"]}}],"collection":[{"href":"https:\/\/www.slovaklinesmagazin.sk\/cms\/wp-json\/wp\/v2\/posts"}],"about":[{"href":"https:\/\/www.slovaklinesmagazin.sk\/cms\/wp-json\/wp\/v2\/types\/post"}],"author":[{"embeddable":true,"href":"https:\/\/www.slovaklinesmagazin.sk\/cms\/wp-json\/wp\/v2\/users\/7"}],"replies":[{"embeddable":true,"href":"https:\/\/www.slovaklinesmagazin.sk\/cms\/wp-json\/wp\/v2\/comments?post=64736"}],"version-history":[{"count":2,"href":"https:\/\/www.slovaklinesmagazin.sk\/cms\/wp-json\/wp\/v2\/posts\/64736\/revisions"}],"predecessor-version":[{"id":64764,"href":"https:\/\/www.slovaklinesmagazin.sk\/cms\/wp-json\/wp\/v2\/posts\/64736\/revisions\/64764"}],"wp:featuredmedia":[{"embeddable":true,"href":"https:\/\/www.slovaklinesmagazin.sk\/cms\/wp-json\/wp\/v2\/media\/64738"}],"wp:attachment":[{"href":"https:\/\/www.slovaklinesmagazin.sk\/cms\/wp-json\/wp\/v2\/media?parent=64736"}],"wp:term":[{"taxonomy":"category","embeddable":true,"href":"https:\/\/www.slovaklinesmagazin.sk\/cms\/wp-json\/wp\/v2\/categories?post=64736"},{"taxonomy":"post_tag","embeddable":true,"href":"https:\/\/www.slovaklinesmagazin.sk\/cms\/wp-json\/wp\/v2\/tags?post=64736"}],"curies":[{"name":"wp","href":"https:\/\/api.w.org\/{rel}","templated":true}]}}