{"id":64765,"date":"2015-03-27T10:54:23","date_gmt":"2015-03-27T08:54:23","guid":{"rendered":"http:\/\/slovaklinesmagazin.sk\/cms\/?p=64765"},"modified":"2015-03-27T10:54:23","modified_gmt":"2015-03-27T08:54:23","slug":"aj-stara-elektronika-sa-da-spenazit","status":"publish","type":"post","link":"https:\/\/www.slovaklinesmagazin.sk\/cms\/2015\/03\/aj-stara-elektronika-sa-da-spenazit\/","title":{"rendered":"Aj star\u00e1 elektronika sa d\u00e1 spe\u0148a\u017ei\u0165"},"content":{"rendered":"<p>M\u00e1te doma star\u00fa elektroniku, ktor\u00e1 v\u00e1m len zaber\u00e1 miesto alebo je dokonca nefunk\u010dn\u00e1? Z\u00edskajte v\u010faka nej z\u013eavu na nov\u00e9 zariadenie a\u017e do v\u00fd\u0161ky 60 \u20ac s\u00a0DPH.<\/p>\n<p>Spolo\u010dnos\u0165 AGEM Computers spustila akciu \u0160ROTOVN\u00c9.<\/p>\n<p>\u201eV\u010faka \u0161rotovn\u00e9mu rob\u00edme slu\u017ebu nielen na\u0161im z\u00e1kazn\u00edkom, ale aj \u017eivotn\u00e9mu prostrediu. T\u00fato akciu organizujeme u\u017e po druh\u00fd kr\u00e1t. V\u00a0minulom roku sa n\u00e1m podarilo vyzbiera\u0165 nieko\u013eko ton elektroodpadu, \u010d\u00edm sa n\u00e1m vo ve\u013ekej miere podarilo odbremeni\u0165 pr\u00edrodu. Z\u00e1kazn\u00edci za star\u00e9 zariadenia z\u00edskali od n\u00e1s z\u013eavy v\u00a0celkovej v\u00fd\u0161ke nieko\u013eko desiatok tis\u00edc eur. Mysl\u00edm si, \u017ee v\u00a0dne\u0161nej dobe, kedy s\u00fa\u00a0finan\u010dn\u00e9 rozpo\u010dty rod\u00edn nap\u00e4t\u00e9, je ka\u017ed\u00e1 mo\u017enos\u0165 z\u013eavy v\u00edtan\u00e1,\u201c hovor\u00ed <strong>Ferdinand Rezn\u00edk<\/strong>, riadite\u013e spolo\u010dnosti.<\/p>\n<p>AGEM Computers takto pon\u00faka z\u013eavy na smartf\u00f3ny, notebooky, po\u010d\u00edta\u010de, tablety a\u00a0in\u00e9 zariadenia.<\/p>\n<p>Viac inform\u00e1ci\u00ed n\u00e1jdete na: <a href=\"http:\/\/assets.agem.sk\/srotovne\/\">http:\/\/assets.agem.sk\/srotovne\/<\/a><\/p>\n<p>&nbsp;<\/p>\n","protected":false},"excerpt":{"rendered":"<p>M\u00e1te doma star\u00fa elektroniku, ktor\u00e1 v\u00e1m len zaber\u00e1 miesto alebo je dokonca nefunk\u010dn\u00e1? Z\u00edskajte v\u010faka nej z\u013eavu na nov\u00e9 zariadenie a\u017e do v\u00fd\u0161ky 60 \u20ac s\u00a0DPH. Spolo\u010dnos\u0165 AGEM Computers spustila akciu \u0160ROTOVN\u00c9. \u201eV\u010faka \u0161rotovn\u00e9mu rob\u00edme slu\u017ebu nielen na\u0161im z\u00e1kazn\u00edkom, ale aj \u017eivotn\u00e9mu prostrediu. T\u00fato akciu organizujeme u\u017e po druh\u00fd kr\u00e1t. V\u00a0minulom roku sa n\u00e1m podarilo [&hellip;]<\/p>\n","protected":false},"author":7,"featured_media":64767,"comment_status":"closed","ping_status":"closed","sticky":false,"template":"","format":"standard","meta":{"footnotes":""},"categories":[45],"tags":[],"class_list":["post-64765","post","type-post","status-publish","format-standard","has-post-thumbnail","hentry","category-nas-tip","eq-blocks"],"_links":{"self":[{"href":"https:\/\/www.slovaklinesmagazin.sk\/cms\/wp-json\/wp\/v2\/posts\/64765","targetHints":{"allow":["GET"]}}],"collection":[{"href":"https:\/\/www.slovaklinesmagazin.sk\/cms\/wp-json\/wp\/v2\/posts"}],"about":[{"href":"https:\/\/www.slovaklinesmagazin.sk\/cms\/wp-json\/wp\/v2\/types\/post"}],"author":[{"embeddable":true,"href":"https:\/\/www.slovaklinesmagazin.sk\/cms\/wp-json\/wp\/v2\/users\/7"}],"replies":[{"embeddable":true,"href":"https:\/\/www.slovaklinesmagazin.sk\/cms\/wp-json\/wp\/v2\/comments?post=64765"}],"version-history":[{"count":1,"href":"https:\/\/www.slovaklinesmagazin.sk\/cms\/wp-json\/wp\/v2\/posts\/64765\/revisions"}],"predecessor-version":[{"id":64768,"href":"https:\/\/www.slovaklinesmagazin.sk\/cms\/wp-json\/wp\/v2\/posts\/64765\/revisions\/64768"}],"wp:featuredmedia":[{"embeddable":true,"href":"https:\/\/www.slovaklinesmagazin.sk\/cms\/wp-json\/wp\/v2\/media\/64767"}],"wp:attachment":[{"href":"https:\/\/www.slovaklinesmagazin.sk\/cms\/wp-json\/wp\/v2\/media?parent=64765"}],"wp:term":[{"taxonomy":"category","embeddable":true,"href":"https:\/\/www.slovaklinesmagazin.sk\/cms\/wp-json\/wp\/v2\/categories?post=64765"},{"taxonomy":"post_tag","embeddable":true,"href":"https:\/\/www.slovaklinesmagazin.sk\/cms\/wp-json\/wp\/v2\/tags?post=64765"}],"curies":[{"name":"wp","href":"https:\/\/api.w.org\/{rel}","templated":true}]}}