{"id":65727,"date":"2015-05-14T21:19:17","date_gmt":"2015-05-14T19:19:17","guid":{"rendered":"http:\/\/slovaklinesmagazin.sk\/cms\/?p=65727"},"modified":"2015-05-14T21:19:17","modified_gmt":"2015-05-14T19:19:17","slug":"laska-kvitne-v-kazdom-veku","status":"publish","type":"post","link":"https:\/\/www.slovaklinesmagazin.sk\/cms\/2015\/05\/laska-kvitne-v-kazdom-veku\/","title":{"rendered":"L\u00e1ska kvitne v ka\u017edom veku&#8230;"},"content":{"rendered":"<p><span lang=\"SK\"><a href=\"http:\/\/slovaklinesmagazin.sk\/cms\/wp-content\/uploads\/2015\/05\/116.jpg\"><img decoding=\"async\" class=\"alignnone\" src=\"http:\/\/slovaklinesmagazin.sk\/cms\/wp-content\/uploads\/2015\/05\/116.jpg\" alt=\"1\" \/><\/a> <a href=\"http:\/\/slovaklinesmagazin.sk\/cms\/wp-content\/uploads\/2015\/05\/27.jpg\"><img decoding=\"async\" class=\"alignnone\" src=\"http:\/\/slovaklinesmagazin.sk\/cms\/wp-content\/uploads\/2015\/05\/27.jpg\" alt=\"2\" \/><\/a> <a href=\"http:\/\/slovaklinesmagazin.sk\/cms\/wp-content\/uploads\/2015\/05\/47.jpg\"><img decoding=\"async\" class=\"alignnone\" src=\"http:\/\/slovaklinesmagazin.sk\/cms\/wp-content\/uploads\/2015\/05\/47.jpg\" alt=\"4\" \/><\/a> <a href=\"http:\/\/slovaklinesmagazin.sk\/cms\/wp-content\/uploads\/2015\/05\/56.jpg\"><img decoding=\"async\" class=\"alignnone\" src=\"http:\/\/slovaklinesmagazin.sk\/cms\/wp-content\/uploads\/2015\/05\/56.jpg\" alt=\"5\" \/><\/a> <a href=\"http:\/\/slovaklinesmagazin.sk\/cms\/wp-content\/uploads\/2015\/05\/65.jpg\"><img decoding=\"async\" class=\"alignnone\" src=\"http:\/\/slovaklinesmagazin.sk\/cms\/wp-content\/uploads\/2015\/05\/65.jpg\" alt=\"6\" \/><\/a> <a href=\"http:\/\/slovaklinesmagazin.sk\/cms\/wp-content\/uploads\/2015\/05\/76.jpg\"><img decoding=\"async\" class=\"alignnone\" src=\"http:\/\/slovaklinesmagazin.sk\/cms\/wp-content\/uploads\/2015\/05\/76.jpg\" alt=\"7\" \/><\/a> <a href=\"http:\/\/slovaklinesmagazin.sk\/cms\/wp-content\/uploads\/2015\/05\/84.jpg\"><img decoding=\"async\" class=\"alignnone\" src=\"http:\/\/slovaklinesmagazin.sk\/cms\/wp-content\/uploads\/2015\/05\/84.jpg\" alt=\"8\" \/><\/a> <a href=\"http:\/\/slovaklinesmagazin.sk\/cms\/wp-content\/uploads\/2015\/05\/94.jpg\"><img decoding=\"async\" class=\"alignnone\" src=\"http:\/\/slovaklinesmagazin.sk\/cms\/wp-content\/uploads\/2015\/05\/94.jpg\" alt=\"9\" \/><\/a> <a href=\"http:\/\/slovaklinesmagazin.sk\/cms\/wp-content\/uploads\/2015\/05\/104.jpg\"><img decoding=\"async\" class=\"alignnone\" src=\"http:\/\/slovaklinesmagazin.sk\/cms\/wp-content\/uploads\/2015\/05\/104.jpg\" alt=\"10\" \/><\/a> <a href=\"http:\/\/slovaklinesmagazin.sk\/cms\/wp-content\/uploads\/2015\/05\/117.jpg\"><img decoding=\"async\" class=\"alignnone\" src=\"http:\/\/slovaklinesmagazin.sk\/cms\/wp-content\/uploads\/2015\/05\/117.jpg\" alt=\"11\" \/><\/a> <a href=\"http:\/\/slovaklinesmagazin.sk\/cms\/wp-content\/uploads\/2015\/05\/124.jpg\"><img decoding=\"async\" class=\"alignnone\" src=\"http:\/\/slovaklinesmagazin.sk\/cms\/wp-content\/uploads\/2015\/05\/124.jpg\" alt=\"12\" \/><\/a> <a href=\"http:\/\/slovaklinesmagazin.sk\/cms\/wp-content\/uploads\/2015\/05\/133.jpg\"><img decoding=\"async\" class=\"alignnone\" src=\"http:\/\/slovaklinesmagazin.sk\/cms\/wp-content\/uploads\/2015\/05\/133.jpg\" alt=\"Larry Stahl, 84, and Florence Stahl, 87, married Feb. 18 at Vancouver's Kamlu Retirement Inn. Photo by R.J. Bahner\" \/><\/a> <a href=\"http:\/\/slovaklinesmagazin.sk\/cms\/wp-content\/uploads\/2015\/05\/143.jpg\"><img decoding=\"async\" class=\"alignnone\" src=\"http:\/\/slovaklinesmagazin.sk\/cms\/wp-content\/uploads\/2015\/05\/143.jpg\" alt=\"14\" \/><\/a>&#8230; a\u00a0nikdy nie je neskoro odhodla\u0165 sa na d\u00f4le\u017eit\u00fd krok, ak\u00fdm je spe\u010datenie vz\u00e1jomnej n\u00e1kolnosti pred olt\u00e1rom. Dvojice na t\u00fdchto fotografi\u00e1ch maj\u00fa r\u00f4zny pr\u00edbeh. Bu\u010f sa spoznali a\u017e pokro\u010dilom veku v\u00a0domove d\u00f4chodcov, pr\u00edpadne sa rozhodli obnovi\u0165 svoj man\u017eelsk\u00fd s\u013eub po mnoh\u00fdch rokov. Niektor\u00ed \u010dakali na svoje \u201e\u00e1no\u201c\u00a0 nieko\u013eko desiatok rokov od zozn\u00e1menia.\u00a0 Jeden man\u017eelsk\u00fd p\u00e1r\u00a0 sa zosob\u00e1\u0161il neuverite\u013en\u00fdch 75 rokov od prv\u00e9ho bozku, \u010fal\u0161\u00ed si dal druh\u00fa \u0161ancu 48 rokov po rozvode, in\u00fd osl\u00e1vil v\u00a0de\u0148 sob\u00e1\u0161a 100. narodeniny nevesty. T\u00edto \u013eudia s\u00fa d\u00f4kazom, \u017ee \u017eivot je nevyspytate\u013en\u00fd a\u00a0nikdy nie je\u00a0 zbyto\u010dn\u00e9 veri\u0165 v\u00a0prav\u00fa l\u00e1sku.<\/span><\/p>\n<p>&nbsp;<\/p>\n","protected":false},"excerpt":{"rendered":"<p>&#8230; a\u00a0nikdy nie je neskoro odhodla\u0165 sa na d\u00f4le\u017eit\u00fd krok, ak\u00fdm je spe\u010datenie vz\u00e1jomnej n\u00e1kolnosti pred olt\u00e1rom. Dvojice na t\u00fdchto fotografi\u00e1ch maj\u00fa r\u00f4zny pr\u00edbeh. Bu\u010f sa spoznali a\u017e pokro\u010dilom veku v\u00a0domove d\u00f4chodcov, pr\u00edpadne sa rozhodli obnovi\u0165 svoj man\u017eelsk\u00fd s\u013eub po mnoh\u00fdch rokov. Niektor\u00ed \u010dakali na svoje \u201e\u00e1no\u201c\u00a0 nieko\u013eko desiatok rokov od zozn\u00e1menia.\u00a0 Jeden man\u017eelsk\u00fd p\u00e1r\u00a0 [&hellip;]<\/p>\n","protected":false},"author":9,"featured_media":65730,"comment_status":"closed","ping_status":"closed","sticky":false,"template":"","format":"standard","meta":{"footnotes":""},"categories":[9],"tags":[],"class_list":["post-65727","post","type-post","status-publish","format-standard","has-post-thumbnail","hentry","category-lifestyle","eq-blocks"],"_links":{"self":[{"href":"https:\/\/www.slovaklinesmagazin.sk\/cms\/wp-json\/wp\/v2\/posts\/65727","targetHints":{"allow":["GET"]}}],"collection":[{"href":"https:\/\/www.slovaklinesmagazin.sk\/cms\/wp-json\/wp\/v2\/posts"}],"about":[{"href":"https:\/\/www.slovaklinesmagazin.sk\/cms\/wp-json\/wp\/v2\/types\/post"}],"author":[{"embeddable":true,"href":"https:\/\/www.slovaklinesmagazin.sk\/cms\/wp-json\/wp\/v2\/users\/9"}],"replies":[{"embeddable":true,"href":"https:\/\/www.slovaklinesmagazin.sk\/cms\/wp-json\/wp\/v2\/comments?post=65727"}],"version-history":[{"count":1,"href":"https:\/\/www.slovaklinesmagazin.sk\/cms\/wp-json\/wp\/v2\/posts\/65727\/revisions"}],"predecessor-version":[{"id":65742,"href":"https:\/\/www.slovaklinesmagazin.sk\/cms\/wp-json\/wp\/v2\/posts\/65727\/revisions\/65742"}],"wp:featuredmedia":[{"embeddable":true,"href":"https:\/\/www.slovaklinesmagazin.sk\/cms\/wp-json\/wp\/v2\/media\/65730"}],"wp:attachment":[{"href":"https:\/\/www.slovaklinesmagazin.sk\/cms\/wp-json\/wp\/v2\/media?parent=65727"}],"wp:term":[{"taxonomy":"category","embeddable":true,"href":"https:\/\/www.slovaklinesmagazin.sk\/cms\/wp-json\/wp\/v2\/categories?post=65727"},{"taxonomy":"post_tag","embeddable":true,"href":"https:\/\/www.slovaklinesmagazin.sk\/cms\/wp-json\/wp\/v2\/tags?post=65727"}],"curies":[{"name":"wp","href":"https:\/\/api.w.org\/{rel}","templated":true}]}}