{"id":65991,"date":"2015-05-28T20:19:42","date_gmt":"2015-05-28T18:19:42","guid":{"rendered":"http:\/\/slovaklinesmagazin.sk\/cms\/?p=65991"},"modified":"2015-05-28T20:38:26","modified_gmt":"2015-05-28T18:38:26","slug":"bezpecnost-na-prvom-mieste","status":"publish","type":"post","link":"https:\/\/www.slovaklinesmagazin.sk\/cms\/2015\/05\/bezpecnost-na-prvom-mieste\/","title":{"rendered":"Bezpe\u010dnos\u0165 na prvom mieste!"},"content":{"rendered":"<p><span lang=\"SK\">\u00a0To si povedali dizajn\u00e9ri \u00a0Heather a\u00a0Scott, ke\u010f\u00a0pri\u0161li n\u00e1padom na nov\u00e9 bezpe\u010dnostn\u00e9 svetlo pre cyklistov.\u00a0 Svetlo umiestnen\u00e9 pod sedadlom \u0161portovca m\u00e1 tvar mu\u017esk\u00fdch semenn\u00edkov a\u00a0hr\u00e1 \u017eiarivou \u010dervenou farbou. Reakcie na t\u00fato vychyt\u00e1vku s\u00fa r\u00f4zne. Niektor\u00ed \u00fa\u010dastn\u00edci cestnej prem\u00e1vky s\u00fa pohor\u0161en\u00ed, in\u00ed s\u00fa origin\u00e1lnym n\u00e1padom nad\u0161en\u00ed. V\u00a0oboch pr\u00edpadoch v\u0161ak plat\u00ed, \u017ee si bicykel v\u0161imli a\u00a0t\u00fdm zn\u00ed\u017eili riziko nehody na cest\u00e1ch. Autori n\u00e1padu, ktor\u00fd nielen pobav\u00ed, ale mo\u017eno aj zachr\u00e1ni \u017eivot cyklistu, maj\u00fa len jednu po\u017eiadavku- pri zap\u00ednan\u00ed svetiel bu\u010fte, pros\u00edm, ne\u017en\u00ed \ud83d\ude42 <\/span><\/p>\n<p><a href=\"http:\/\/slovaklinesmagazin.sk\/cms\/wp-content\/uploads\/2015\/05\/4.gif\"><img loading=\"lazy\" decoding=\"async\" class=\"alignnone\" src=\"http:\/\/slovaklinesmagazin.sk\/cms\/wp-content\/uploads\/2015\/05\/4.gif\" alt=\"4\" width=\"420\" height=\"238\" \/><\/a> <a href=\"http:\/\/slovaklinesmagazin.sk\/cms\/wp-content\/uploads\/2015\/05\/3.gif\"><img loading=\"lazy\" decoding=\"async\" class=\"alignnone\" src=\"http:\/\/slovaklinesmagazin.sk\/cms\/wp-content\/uploads\/2015\/05\/3.gif\" alt=\"3\" width=\"419\" height=\"229\" \/><\/a><\/p>\n<p>&nbsp;<\/p>\n","protected":false},"excerpt":{"rendered":"<p>\u00a0To si povedali dizajn\u00e9ri \u00a0Heather a\u00a0Scott, ke\u010f\u00a0pri\u0161li n\u00e1padom na nov\u00e9 bezpe\u010dnostn\u00e9 svetlo pre cyklistov.\u00a0 Svetlo umiestnen\u00e9 pod sedadlom \u0161portovca m\u00e1 tvar mu\u017esk\u00fdch semenn\u00edkov a\u00a0hr\u00e1 \u017eiarivou \u010dervenou farbou. Reakcie na t\u00fato vychyt\u00e1vku s\u00fa r\u00f4zne. Niektor\u00ed \u00fa\u010dastn\u00edci cestnej prem\u00e1vky s\u00fa pohor\u0161en\u00ed, in\u00ed s\u00fa origin\u00e1lnym n\u00e1padom nad\u0161en\u00ed. V\u00a0oboch pr\u00edpadoch v\u0161ak plat\u00ed, \u017ee si bicykel v\u0161imli a\u00a0t\u00fdm zn\u00ed\u017eili riziko [&hellip;]<\/p>\n","protected":false},"author":9,"featured_media":65993,"comment_status":"closed","ping_status":"closed","sticky":false,"template":"","format":"standard","meta":{"footnotes":""},"categories":[9],"tags":[],"class_list":["post-65991","post","type-post","status-publish","format-standard","has-post-thumbnail","hentry","category-lifestyle","eq-blocks"],"_links":{"self":[{"href":"https:\/\/www.slovaklinesmagazin.sk\/cms\/wp-json\/wp\/v2\/posts\/65991","targetHints":{"allow":["GET"]}}],"collection":[{"href":"https:\/\/www.slovaklinesmagazin.sk\/cms\/wp-json\/wp\/v2\/posts"}],"about":[{"href":"https:\/\/www.slovaklinesmagazin.sk\/cms\/wp-json\/wp\/v2\/types\/post"}],"author":[{"embeddable":true,"href":"https:\/\/www.slovaklinesmagazin.sk\/cms\/wp-json\/wp\/v2\/users\/9"}],"replies":[{"embeddable":true,"href":"https:\/\/www.slovaklinesmagazin.sk\/cms\/wp-json\/wp\/v2\/comments?post=65991"}],"version-history":[{"count":2,"href":"https:\/\/www.slovaklinesmagazin.sk\/cms\/wp-json\/wp\/v2\/posts\/65991\/revisions"}],"predecessor-version":[{"id":66043,"href":"https:\/\/www.slovaklinesmagazin.sk\/cms\/wp-json\/wp\/v2\/posts\/65991\/revisions\/66043"}],"wp:featuredmedia":[{"embeddable":true,"href":"https:\/\/www.slovaklinesmagazin.sk\/cms\/wp-json\/wp\/v2\/media\/65993"}],"wp:attachment":[{"href":"https:\/\/www.slovaklinesmagazin.sk\/cms\/wp-json\/wp\/v2\/media?parent=65991"}],"wp:term":[{"taxonomy":"category","embeddable":true,"href":"https:\/\/www.slovaklinesmagazin.sk\/cms\/wp-json\/wp\/v2\/categories?post=65991"},{"taxonomy":"post_tag","embeddable":true,"href":"https:\/\/www.slovaklinesmagazin.sk\/cms\/wp-json\/wp\/v2\/tags?post=65991"}],"curies":[{"name":"wp","href":"https:\/\/api.w.org\/{rel}","templated":true}]}}