{"id":66078,"date":"2015-06-01T10:19:51","date_gmt":"2015-06-01T08:19:51","guid":{"rendered":"http:\/\/slovaklinesmagazin.sk\/cms\/?p=66078"},"modified":"2015-06-01T13:21:30","modified_gmt":"2015-06-01T11:21:30","slug":"luhacovice-pripravuju-od-1-do-6-juna-stretnutie-rezbarskych-majstrov","status":"publish","type":"post","link":"https:\/\/www.slovaklinesmagazin.sk\/cms\/2015\/06\/luhacovice-pripravuju-od-1-do-6-juna-stretnutie-rezbarskych-majstrov\/","title":{"rendered":"Luha\u010dovice pripravuj\u00fa od 1. do 6. j\u00fana stretnutie rezb\u00e1rskych majstrov"},"content":{"rendered":"<p><strong>K\u00fapele Luha\u010dovice l\u00e1kaj\u00fa atrakt\u00edvnym kult\u00farnym letom<\/strong><\/p>\n<p>K Luha\u010doviciam ka\u017edoro\u010dne patr\u00ed Kult\u00farne leto s hudobn\u00fdmi a divadeln\u00fdmi festivalmi, ktor\u00e9 v\u00fdznamne obohacuj\u00fa spolo\u010densk\u00e9 vy\u017eitie a spestruj\u00fa k\u00fape\u013en\u00fdm hos\u0165om \u00a0pobyt. Cez v\u00edkend 8. &#8211; 10. m\u00e1ja sa za\u010dala letn\u00e1 k\u00fape\u013en\u00e1 sez\u00f3na a posv\u00e4tili miner\u00e1lne pramene. Ku kult\u00farnemu letu neodmyslite\u013ene prin\u00e1le\u017eia od m\u00e1ja do konca septembra popolud\u0148aj\u0161ie kolon\u00e1dne koncerty rozmanit\u00fdch hudobn\u00fdch \u017e\u00e1nrov od sl\u00e1\u010dikov\u00fdch komorn\u00fdch orchestrov cez swing, dixieland, dychov\u00fa hudbu, folkl\u00f3r a spev\u00e1cke zbory. V t\u00fd\u017edni od 1. do 6. j\u00fana bude pripraven\u00e9 3. <strong>Stretnutie rezb\u00e1rskych majstrov<\/strong> pod n\u00e1zvom Kr\u00e1sa v dreve ukryt\u00e1, ktor\u00e9 sa uskuto\u010dn\u00ed v k\u00fape\u013enom are\u00e1li v bl\u00edzkosti hotela Jest\u0159ab\u00ed. Informuje o tom Ing. Ji\u0159\u00ed D\u011bdek, MBA, v\u00fdkonn\u00fd riadite\u013e k\u00fape\u013eov.<\/p>\n<p style=\"text-align: center;\"><img loading=\"lazy\" decoding=\"async\" class=\"aligncenter\" src=\"http:\/\/slovaklinesmagazin.sk\/cms\/wp-content\/uploads\/2015\/06\/Hudebn\u00ed-variace-Martin-Cig\u00e1nek-1024x684.jpg\" alt=\"Hudebn\u00ed variace, Martin Cig\u00e1nek\" width=\"875\" height=\"584\" \/><br \/>\nHudebn\u00ed variace, Martin Cig\u00e1nek<\/p>\n<p>&nbsp;<\/p>\n<p>,,Hostia bud\u00fa m\u00f4c\u0165 nahliadnu\u0165 priamo pod ruky rezb\u00e1rskych majstrov a de\u0148 po dni sledova\u0165 premenu oby\u010dajn\u00e9ho, av\u0161ak n\u00e1dhern\u00e9ho pr\u00edrodn\u00e9ho materi\u00e1lu &#8211; dreva na umeleck\u00e9 dielo. T\u00e9ma rezb\u00e1rskych pr\u00e1c na rok 2015 je \u0160tyri ro\u010dn\u00e9 obdobia. Pr\u00e1cu majstrov rezb\u00e1rov dokreslia v popolud\u0148aj\u0161\u00edch hodin\u00e1ch koncerty a vyst\u00fapenia vybran\u00fdch hudobn\u00fdch s\u00faborov. \u0160es\u0165d\u0148ov\u00e9 stretnutie vyvrchol\u00ed v sobotu 6. j\u00fana vernis\u00e1\u017eou rezb\u00e1rskych diel s bohat\u00fdm programom. Hos\u0165om tohtoro\u010dn\u00e9ho Stretnutia rezb\u00e1rskych majstrov bude aj peru\u00e1nsky soch\u00e1r Alberto Gedeon Soto, ktor\u00fd bude pracova\u0165 s kame\u0148om,\u201c poz\u00fdva n\u00e1v\u0161tevn\u00edkov J. D\u011bdek.<\/p>\n<p>&nbsp;<\/p>\n<p style=\"text-align: center;\"><img loading=\"lazy\" decoding=\"async\" class=\"aligncenter\" src=\"http:\/\/slovaklinesmagazin.sk\/cms\/wp-content\/uploads\/2015\/06\/Ta-nota-Petr-Kraj\u00ed\u010dek-1024x684.jpg\" alt=\"Ta nota, Petr Kraj\u00ed\u010dek\" width=\"889\" height=\"593\" \/><br \/>\nTa nota, Petr Kraj\u00ed\u010dek<\/p>\n<p>&nbsp;<\/p>\n<p>Upozor\u0148uje z\u00e1rove\u0148 aj na \u010fal\u0161iu kult\u00farno-spolo\u010densk\u00fa udalos\u0165, ktorou bude stretnutie ochotn\u00edckych divadeln\u00fdch s\u00faborov. Pred\u013a\u017een\u00fd v\u00edkend od 11. do 13. j\u00fana bude patri\u0165 u\u017e tret\u00edkr\u00e1t <strong>Luha\u010dovick\u00e9mu divadeln\u00e9mu stretnutiu<\/strong>, pri ktorom sa predstavia tri amat\u00e9rske divadeln\u00e9 s\u00fabory z \u010ciech, Moravy a Slovenska.<\/p>\n<p>&nbsp;<\/p>\n<p>,,V roku 1908 bolo postaven\u00e9 v Luha\u010doviciach K\u00fape\u013en\u00e9 divadlo, ktor\u00e9 prin\u00e1\u0161a viac ako jedno storo\u010die kr\u00e1sne umeleck\u00e9 z\u00e1\u017eitky priaznivcom dramatick\u00e9ho i hudobn\u00e9ho \u017e\u00e1nru. Pri zrode my\u0161lienky postavi\u0165 v tunaj\u0161\u00edch k\u00fape\u013eoch divadlo, a hlavne pri jej n\u00e1slednej realiz\u00e1cii, st\u00e1l pevne a neochvejne k\u00fape\u013en\u00fd lek\u00e1r MUDr. \u017digmund Janke, ktor\u00fd sa nad\u0161ene venoval tie\u017e ochotn\u00edckemu divadlu. Nap\u00edsal nieko\u013eko hier, ktor\u00e9 re\u017e\u00edroval a dokonca v nich aj hral. U\u017e sedemn\u00e1s\u0165 rokov m\u00e1 svoj t\u00fd\u017ede\u0148 v auguste prehliadka komornej divadelnej tvorby Divadeln\u00e9 Luha\u010dovice, na ktorej sa prezentuj\u00fa profesion\u00e1lne divadl\u00e1 z \u010ceskej republiky a Slovenska. Vzh\u013eadom na to, \u017ee nielen v na\u0161om kraji, ale aj po celej republike je dlh\u00fd rad nad\u0161en\u00fdch ochotn\u00edckych divadeln\u00fdch s\u00faborov, t\u00fa\u017eiacich sa predstavi\u0165 a rozd\u00e1va\u0165 smiech \u010di slzu v oku, rozhodli sme sa ochotn\u00edkov pote\u0161i\u0165. Preto sme zaradili do j\u00fanov\u00e9ho pred\u013a\u017een\u00e9ho v\u00edkendu od 10. do 13. 6. 2015 u\u017e tret\u00ed ro\u010dn\u00edk prehliadky amat\u00e9rskych divadeln\u00fdch s\u00faborov &#8211; Luha\u010dovick\u00e9 divadeln\u00e9 stretnutie. Pevne ver\u00edme, \u017ee ich predstavenia hran\u00e9 srdcom a s nad\u0161en\u00edm, zaplnia parter aj balk\u00f3n K\u00fape\u013en\u00e9ho divadla, hoci nebud\u00fa na plag\u00e1toch men\u00e1 medi\u00e1lne zn\u00e1mych hereck\u00fdch osobnost\u00ed,\u201c hovor\u00ed J. D\u011bdek.<\/p>\n<p style=\"text-align: center;\"><img decoding=\"async\" class=\"aligncenter\" src=\"http:\/\/slovaklinesmagazin.sk\/cms\/wp-content\/uploads\/2015\/06\/LL-SimonaSta\u0161ov\u00e1-a-SvatoplukSkopal-683x1024.jpg\" alt=\"\" \/><br \/>\nSimona Sta\u0161ov\u00e1 a Svatopluk Skopal<\/p>\n<p>&nbsp;<\/p>\n<p>Z\u00e1rove\u0148 dod\u00e1va, \u017ee najvyh\u013ead\u00e1vanej\u0161\u00edm vrcholom \u201ekolon\u00e1dnej sez\u00f3ny\u201c bude vo \u0161tvrtok 18. 6. 2015 prest\u00ed\u017eny<strong> koncert<\/strong> 65 \u010dlenn\u00e9ho orchestra <strong>Hudby Hradnej str\u00e1\u017ee a Pol\u00edcie \u010ceskej republiky<\/strong>, ku ktor\u00e9mu tie\u017e patr\u00ed prehliadka motorizovanej jednotky Hradnej Str\u00e1\u017ee a uk\u00e1\u017eka programu jednotky Hradnej str\u00e1\u017ee. Program koncertu je zostaven\u00fd nielen z najzn\u00e1mej\u0161\u00edch svetov\u00fdch orchestr\u00e1lnych mel\u00f3di\u00ed, ale aj z popul\u00e1rnych piesn\u00ed, ktor\u00e9 interpretuj\u00fa popredn\u00ed spev\u00e1ci a s\u00f3listi spolupracuj\u00faci s orchestrom.<\/p>\n<p>&nbsp;<\/p>\n<h6 style=\"text-align: center;\"><img loading=\"lazy\" decoding=\"async\" class=\"aligncenter\" src=\"http:\/\/slovaklinesmagazin.sk\/cms\/wp-content\/uploads\/2015\/06\/Dasha21-1024x683.jpg\" alt=\"\" width=\"689\" height=\"459\" \/><br \/>\nKoncert poprednej \u010deskej \u00a0spev\u00e1\u010dky Dashy<\/h6>\n<p>Milovn\u00edkov v\u00e1\u017enej hudby pote\u0161\u00ed 24. ro\u010dn\u00edk <strong>Festivalu Jan\u00e1\u010dek a Luha\u010dovice<\/strong>, ktor\u00fd sl\u00e1vnostne za\u010dne v pondelok 13. 7. pri buste Leo\u0161a Jan\u00e1\u010dka za \u00fa\u010dasti \u010destn\u00fdch host\u00ed (kon\u010d\u00ed 17.7.). V cykle piatich koncertov sa predstavia violon\u010delistka Michaela Fuka\u010dov\u00e1, Filharm\u00f3nia Bohuslava Martin\u016f, Wihanovo kvarteto, sopranistka Simona Houda \u0160aturov\u00e1, tenorista Peter Nekoranec, klaviristka Eva Ferguson Mazanovska, organista Jaroslav T\u016fma, komorn\u00fd orchester Musica Florea a hus\u013eov\u00fd virtu\u00f3z Pavel \u0160porcl s klaviristom Petrom Ji\u0159\u00edkovsk\u00fdm. Bli\u017e\u0161ie inform\u00e1cie o festivale a jeho sprievodnom programe n\u00e1jdete na <a href=\"http:\/\/www.lazneluhacovice.cz\/janacek\">www.lazneluhacovice.cz\/janacek<\/a>.<\/p>\n<p>&nbsp;<\/p>\n<p>\u010eal\u0161\u00edm vrcholom prezent\u00e1cie v\u00e1\u017enej hudby je 19. ro\u010dn\u00edk <strong>,,Akad\u00e9mie V\u00e1clava Hude\u010dka\u201c <\/strong>v d\u0148och 27. 7.-7. 8. 2015. Po\u010das dvoch t\u00fd\u017ed\u0148ov pri \u00f4smich koncertoch sa predstav\u00ed v\u00a0M\u011bDK Elektra, K\u00fape\u013enom divadle, kostole sv\u00e4tej Rodiny a v hale Vincentka, rad nielen mlad\u00fdch za\u010d\u00ednaj\u00facich huslistov, ale aj b\u00fdval\u00fdch absolventov a v\u00ed\u0165azov uplynul\u00fdch ro\u010dn\u00edkov Akad\u00e9mie V\u00e1clava Hude\u010dka. Majstrovi Hude\u010dkovi a v\u00ed\u0165azke uplynul\u00e9ho ro\u010dn\u00edka 2014 \u013dudmile Pavlovej bude patri\u0165 otv\u00e1rac\u00ed koncert.<\/p>\n<p>&nbsp;<\/p>\n<p>Div\u00e1cky v\u010fa\u010dn\u00e1 prehliadka komornej divadelnej tvorby <strong>Divadeln\u00e9 Luha\u010dovice<\/strong> maj\u00fa tento rok v d\u0148och 16.-22. 8. 2015 svoj 17. ro\u010dn\u00edk. Pon\u00faknu tak celkom \u0161es\u0165 divadeln\u00fdch predstaven\u00ed v jednom t\u00fd\u017edni. Cie\u013eom dramaturgie prehliadky, ktor\u00fa pripravuje jej prezident Miloslav Mejzl\u00edk, je pon\u00faknu\u0165 div\u00e1kom v\u00fdber najlep\u0161\u00edch, najzauj\u00edmavej\u0161\u00edch a ocenen\u00fdch komorn\u00fdch predstaven\u00ed z radu ako \u010desk\u00fdch, tak slovensk\u00fdch divadeln\u00fdch sc\u00e9n. Bli\u017e\u0161ie inform\u00e1cie na <a href=\"http:\/\/www.divadelni-luhacovice.cz\">www.divadelni-luhacovice.cz<\/a>.<\/p>\n<p>Od 3. do 5. septembra rozozvu\u010d\u00ed Luha\u010dovice op\u00e4\u0165 kr\u00e1sna a m\u00e4kk\u00e1 sloven\u010dina pri 3. ro\u010dn\u00edku <strong>Dn\u00ed slovenskej kult\u00fary<\/strong>. Hostia sa m\u00f4\u017eu te\u0161i\u0165 na popul\u00e1rnu vok\u00e1lnu skupinu Fragile, ktor\u00e1 z\u00edskala tento rok u\u017e druh\u00fdkr\u00e1t slovensk\u00fa div\u00e1cku cenu OTO (2014 a 2015). Skupina pripravuje na rok 2015 dlh\u00e9 koncertn\u00e9 turn\u00e9 po \u010cesku. Jeden z koncertov bude aj v Luha\u010doviciach. Slovensk\u00fd divadeln\u00fd \u017e\u00e1ner bude prezentova\u0165 Divadlo Andreja Bagara z Nitry s predstaven\u00edm Skok z v\u00fd\u0161ky. U\u017e tret\u00edkr\u00e1t priv\u00edtame v Luha\u010doviciach na za\u010diatku septembra vybran\u00e9 s\u00fabory a interpretov zo slovenskej divadelnej, hudobnej a folkl\u00f3rnej sc\u00e9ny. V programovej ponuke bude ma\u0165 svoje miesto aj slovensk\u00fd folkl\u00f3r. Vo svojom vyst\u00fapen\u00ed Skali\u010dan zdrav\u00ed Luha\u010dovice zatancuje, zaspieva a zahr\u00e1 k\u00fape\u013en\u00fdm hos\u0165om folkl\u00f3rny s\u00fabor Skali\u010dan. Priestory haly Vincentka bud\u00fa patri\u0165 v\u00fdstave, ktor\u00e1 v tomto roku spomenie osobnos\u0165 MUDr. Pavla Blaha, k\u00fape\u013en\u00e9ho lek\u00e1ra poch\u00e1dzaj\u00faceho zo Skalice a p\u00f4sobiaceho na za\u010diatku 20. storo\u010dia v Luha\u010doviciach.<\/p>\n<p>&nbsp;<\/p>\n<p>Posledn\u00fdm festivalom doznievaj\u00faceho leta je <strong>Medzin\u00e1rodn\u00fd festival detsk\u00fdch folkl\u00f3rnych s\u00faborov<\/strong> Pies\u0148ou a tancom (18. &#8211; 20. 9. 2015). U\u017e po dvadsiaty tret\u00ed kr\u00e1t roztancuj\u00fa a rozospievaj\u00fa detsk\u00e9 s\u00fabory so svoj\u00edm pestr\u00fdm a farebn\u00fdm trojd\u0148ov\u00fdm programom cel\u00e9 Luha\u010dovice. V programe, obohatenom o nede\u013en\u00fd popolud\u0148aj\u0161\u00ed sprievod \u00fa\u010dinkuj\u00facich, sa predstav\u00ed dev\u00e4\u0165 s\u00faborov, z toho tretina zahrani\u010dn\u00fdch.<\/p>\n<p>&nbsp;<\/p>\n<p>Bli\u017e\u0161ie inform\u00e1cie na <a href=\"http:\/\/www.lazneluhacovice.cz\">www.lazneluhacovice.cz<\/a><\/p>\n<p>&nbsp;<\/p>\n","protected":false},"excerpt":{"rendered":"<p>K\u00fapele Luha\u010dovice l\u00e1kaj\u00fa atrakt\u00edvnym kult\u00farnym letom K Luha\u010doviciam ka\u017edoro\u010dne patr\u00ed Kult\u00farne leto s hudobn\u00fdmi a divadeln\u00fdmi festivalmi, ktor\u00e9 v\u00fdznamne obohacuj\u00fa spolo\u010densk\u00e9 vy\u017eitie a spestruj\u00fa k\u00fape\u013en\u00fdm hos\u0165om \u00a0pobyt. Cez v\u00edkend 8. &#8211; 10. m\u00e1ja sa za\u010dala letn\u00e1 k\u00fape\u013en\u00e1 sez\u00f3na a posv\u00e4tili miner\u00e1lne pramene. Ku kult\u00farnemu letu neodmyslite\u013ene prin\u00e1le\u017eia od m\u00e1ja do konca septembra popolud\u0148aj\u0161ie kolon\u00e1dne koncerty [&hellip;]<\/p>\n","protected":false},"author":7,"featured_media":66084,"comment_status":"closed","ping_status":"closed","sticky":false,"template":"","format":"standard","meta":{"footnotes":""},"categories":[53,48],"tags":[],"class_list":["post-66078","post","type-post","status-publish","format-standard","has-post-thumbnail","hentry","category-ponuky","category-umenie-a-kultura","eq-blocks"],"_links":{"self":[{"href":"https:\/\/www.slovaklinesmagazin.sk\/cms\/wp-json\/wp\/v2\/posts\/66078","targetHints":{"allow":["GET"]}}],"collection":[{"href":"https:\/\/www.slovaklinesmagazin.sk\/cms\/wp-json\/wp\/v2\/posts"}],"about":[{"href":"https:\/\/www.slovaklinesmagazin.sk\/cms\/wp-json\/wp\/v2\/types\/post"}],"author":[{"embeddable":true,"href":"https:\/\/www.slovaklinesmagazin.sk\/cms\/wp-json\/wp\/v2\/users\/7"}],"replies":[{"embeddable":true,"href":"https:\/\/www.slovaklinesmagazin.sk\/cms\/wp-json\/wp\/v2\/comments?post=66078"}],"version-history":[{"count":4,"href":"https:\/\/www.slovaklinesmagazin.sk\/cms\/wp-json\/wp\/v2\/posts\/66078\/revisions"}],"predecessor-version":[{"id":66101,"href":"https:\/\/www.slovaklinesmagazin.sk\/cms\/wp-json\/wp\/v2\/posts\/66078\/revisions\/66101"}],"wp:featuredmedia":[{"embeddable":true,"href":"https:\/\/www.slovaklinesmagazin.sk\/cms\/wp-json\/wp\/v2\/media\/66084"}],"wp:attachment":[{"href":"https:\/\/www.slovaklinesmagazin.sk\/cms\/wp-json\/wp\/v2\/media?parent=66078"}],"wp:term":[{"taxonomy":"category","embeddable":true,"href":"https:\/\/www.slovaklinesmagazin.sk\/cms\/wp-json\/wp\/v2\/categories?post=66078"},{"taxonomy":"post_tag","embeddable":true,"href":"https:\/\/www.slovaklinesmagazin.sk\/cms\/wp-json\/wp\/v2\/tags?post=66078"}],"curies":[{"name":"wp","href":"https:\/\/api.w.org\/{rel}","templated":true}]}}