{"id":66210,"date":"2015-06-12T22:06:21","date_gmt":"2015-06-12T20:06:21","guid":{"rendered":"http:\/\/slovaklinesmagazin.sk\/cms\/?p=66210"},"modified":"2015-06-12T22:06:21","modified_gmt":"2015-06-12T20:06:21","slug":"praca-snov","status":"publish","type":"post","link":"https:\/\/www.slovaklinesmagazin.sk\/cms\/2015\/06\/praca-snov\/","title":{"rendered":"Pr\u00e1ca snov"},"content":{"rendered":"<p><span lang=\"SK\">Spom\u00ednate si e\u0161te, ak\u00e1 bola va\u0161a odpove\u010f, ke\u010f sa v\u00e1s v\u00a0detstve niekto sp\u00fdtal, \u010d\u00edm chcete by\u0165, ke\u010f budete ve\u013ek\u00fd? Fant\u00e1zii sa vtedy medze nekl\u00e1dli a\u00a0zrejme ste zo svojich predst\u00e1v \u010dasom aj upustili. No niektor\u00ed \u013eudia si i\u0161li za svojim cie\u013eom a\u00a0ich pr\u00e1ca snov ich \u017eiv\u00ed celu\u010dk\u00fd \u017eivot. \u010ci je to aj v\u00e1\u0161 pr\u00edpad nevieme, ale autori projektu oslovili takmer 50 \u013eud\u00ed vo veku najmenej 75 rokov, aby si spomenuli, o\u00a0akej pr\u00e1ci sn\u00edvali, ke\u010f boli e\u0161te mal\u00fdmi de\u0165mi. V\u00fdsledkom je \u0161tyridsa\u0165\u0161es\u0165 \u00a0portr\u00e9tov seniorov v ich vysn\u00edvanej profesii, ktor\u00ed si u\u017eili po\u010das fotenia ve\u013ea z\u00e1bavy. V\u00fdstava obrazov putovala po celom Holandsku. <\/span><\/p>\n<p><a href=\"http:\/\/slovaklinesmagazin.sk\/cms\/wp-content\/uploads\/2015\/06\/16.jpg\"><img decoding=\"async\" class=\"alignnone\" src=\"http:\/\/slovaklinesmagazin.sk\/cms\/wp-content\/uploads\/2015\/06\/16.jpg\" alt=\"1\" \/><\/a> <a href=\"http:\/\/slovaklinesmagazin.sk\/cms\/wp-content\/uploads\/2015\/06\/24.jpg\"><img decoding=\"async\" class=\"alignnone\" src=\"http:\/\/slovaklinesmagazin.sk\/cms\/wp-content\/uploads\/2015\/06\/24.jpg\" alt=\"2\" \/><\/a> <a href=\"http:\/\/slovaklinesmagazin.sk\/cms\/wp-content\/uploads\/2015\/06\/3.png\"><img decoding=\"async\" class=\"alignnone\" src=\"http:\/\/slovaklinesmagazin.sk\/cms\/wp-content\/uploads\/2015\/06\/3.png\" alt=\"3\" \/><\/a> <a href=\"http:\/\/slovaklinesmagazin.sk\/cms\/wp-content\/uploads\/2015\/06\/44.jpg\"><img decoding=\"async\" class=\"alignnone\" src=\"http:\/\/slovaklinesmagazin.sk\/cms\/wp-content\/uploads\/2015\/06\/44.jpg\" alt=\"4\" \/><\/a> <a href=\"http:\/\/slovaklinesmagazin.sk\/cms\/wp-content\/uploads\/2015\/06\/53.jpg\"><img decoding=\"async\" class=\"alignnone\" src=\"http:\/\/slovaklinesmagazin.sk\/cms\/wp-content\/uploads\/2015\/06\/53.jpg\" alt=\"5\" \/><\/a> <a href=\"http:\/\/slovaklinesmagazin.sk\/cms\/wp-content\/uploads\/2015\/06\/73.jpg\"><img decoding=\"async\" class=\"alignnone\" src=\"http:\/\/slovaklinesmagazin.sk\/cms\/wp-content\/uploads\/2015\/06\/73.jpg\" alt=\"7\" \/><\/a> <a href=\"http:\/\/slovaklinesmagazin.sk\/cms\/wp-content\/uploads\/2015\/06\/83.jpg\"><img decoding=\"async\" class=\"alignnone\" src=\"http:\/\/slovaklinesmagazin.sk\/cms\/wp-content\/uploads\/2015\/06\/83.jpg\" alt=\"8\" \/><\/a> <a href=\"http:\/\/slovaklinesmagazin.sk\/cms\/wp-content\/uploads\/2015\/06\/93.jpg\"><img decoding=\"async\" class=\"alignnone\" src=\"http:\/\/slovaklinesmagazin.sk\/cms\/wp-content\/uploads\/2015\/06\/93.jpg\" alt=\"9\" \/><\/a> <a href=\"http:\/\/slovaklinesmagazin.sk\/cms\/wp-content\/uploads\/2015\/06\/103.jpg\"><img decoding=\"async\" class=\"alignnone\" src=\"http:\/\/slovaklinesmagazin.sk\/cms\/wp-content\/uploads\/2015\/06\/103.jpg\" alt=\"10\" \/><\/a> <a href=\"http:\/\/slovaklinesmagazin.sk\/cms\/wp-content\/uploads\/2015\/06\/113.jpg\"><img decoding=\"async\" class=\"alignnone\" src=\"http:\/\/slovaklinesmagazin.sk\/cms\/wp-content\/uploads\/2015\/06\/113.jpg\" alt=\"11\" \/><\/a><\/p>\n","protected":false},"excerpt":{"rendered":"<p>Spom\u00ednate si e\u0161te, ak\u00e1 bola va\u0161a odpove\u010f, ke\u010f sa v\u00e1s v\u00a0detstve niekto sp\u00fdtal, \u010d\u00edm chcete by\u0165, ke\u010f budete ve\u013ek\u00fd? Fant\u00e1zii sa vtedy medze nekl\u00e1dli a\u00a0zrejme ste zo svojich predst\u00e1v \u010dasom aj upustili. No niektor\u00ed \u013eudia si i\u0161li za svojim cie\u013eom a\u00a0ich pr\u00e1ca snov ich \u017eiv\u00ed celu\u010dk\u00fd \u017eivot. \u010ci je to aj v\u00e1\u0161 pr\u00edpad nevieme, ale [&hellip;]<\/p>\n","protected":false},"author":9,"featured_media":66216,"comment_status":"closed","ping_status":"closed","sticky":false,"template":"","format":"standard","meta":{"footnotes":""},"categories":[9,48],"tags":[],"class_list":["post-66210","post","type-post","status-publish","format-standard","has-post-thumbnail","hentry","category-lifestyle","category-umenie-a-kultura","eq-blocks"],"_links":{"self":[{"href":"https:\/\/www.slovaklinesmagazin.sk\/cms\/wp-json\/wp\/v2\/posts\/66210","targetHints":{"allow":["GET"]}}],"collection":[{"href":"https:\/\/www.slovaklinesmagazin.sk\/cms\/wp-json\/wp\/v2\/posts"}],"about":[{"href":"https:\/\/www.slovaklinesmagazin.sk\/cms\/wp-json\/wp\/v2\/types\/post"}],"author":[{"embeddable":true,"href":"https:\/\/www.slovaklinesmagazin.sk\/cms\/wp-json\/wp\/v2\/users\/9"}],"replies":[{"embeddable":true,"href":"https:\/\/www.slovaklinesmagazin.sk\/cms\/wp-json\/wp\/v2\/comments?post=66210"}],"version-history":[{"count":1,"href":"https:\/\/www.slovaklinesmagazin.sk\/cms\/wp-json\/wp\/v2\/posts\/66210\/revisions"}],"predecessor-version":[{"id":66222,"href":"https:\/\/www.slovaklinesmagazin.sk\/cms\/wp-json\/wp\/v2\/posts\/66210\/revisions\/66222"}],"wp:featuredmedia":[{"embeddable":true,"href":"https:\/\/www.slovaklinesmagazin.sk\/cms\/wp-json\/wp\/v2\/media\/66216"}],"wp:attachment":[{"href":"https:\/\/www.slovaklinesmagazin.sk\/cms\/wp-json\/wp\/v2\/media?parent=66210"}],"wp:term":[{"taxonomy":"category","embeddable":true,"href":"https:\/\/www.slovaklinesmagazin.sk\/cms\/wp-json\/wp\/v2\/categories?post=66210"},{"taxonomy":"post_tag","embeddable":true,"href":"https:\/\/www.slovaklinesmagazin.sk\/cms\/wp-json\/wp\/v2\/tags?post=66210"}],"curies":[{"name":"wp","href":"https:\/\/api.w.org\/{rel}","templated":true}]}}