{"id":66373,"date":"2015-06-18T20:35:46","date_gmt":"2015-06-18T18:35:46","guid":{"rendered":"http:\/\/slovaklinesmagazin.sk\/cms\/?p=66373"},"modified":"2015-06-18T20:35:46","modified_gmt":"2015-06-18T18:35:46","slug":"fantazijna-krajina-v-srdci-turecka","status":"publish","type":"post","link":"https:\/\/www.slovaklinesmagazin.sk\/cms\/2015\/06\/fantazijna-krajina-v-srdci-turecka\/","title":{"rendered":"Fantazijn\u00e1 krajina v srdci Turecka"},"content":{"rendered":"<p><span lang=\"SK\">Ak sa neboj\u00edte v\u00fd\u0161ok, srdce v\u00e1m zapi\u0161t\u00ed pri poh\u013eade na tento romanticko- dobrodru\u017en\u00fd v\u00fdlet. Cie\u013eovou destin\u00e1ciou je Kapad\u00f3cia, ve\u013ek\u00e1 oblas\u0165 v srdci Turecka charakteristick\u00e1 n\u00e1dhernou krajinou s pozoruhodn\u00fdmi skaln\u00fdmi \u00fatvarmi, rozpr\u00e1vkov\u00fdmi kom\u00ednmi, opusten\u00fdmi kostolmi \u00a0a\u00a0nespo\u010detn\u00fdm mno\u017estvom jask\u00fd\u0148. Z\u00a0bal\u00f3na sa v\u00e1m naskytne n\u00e1dhern\u00fd v\u00fdh\u013ead na historick\u00fa krajinu vo v\u00fdchodnej Anat\u00f3lii, ktor\u00fa vytvorili vietor a\u00a0voda, \u010diasto\u010dne s\u00a0\u013eudskou pomocou. \u017divotn\u00fd \u0161t\u00fdl miestnych obyvate\u013eov sa za st\u00e1ro\u010dia ve\u013emi nezmenil. Na\u010falej \u017eij\u00fa v\u00a0s\u00falade s\u00a0krajinou, obklopen\u00ed nemenn\u00fdm rozpr\u00e1vkov\u00fdm prostred\u00edm. <\/span><\/p>\n<p><a href=\"http:\/\/slovaklinesmagazin.sk\/cms\/wp-content\/uploads\/2015\/06\/127.jpg\"><img decoding=\"async\" class=\"alignnone\" src=\"http:\/\/slovaklinesmagazin.sk\/cms\/wp-content\/uploads\/2015\/06\/127.jpg\" alt=\"1\" \/><\/a> <a href=\"http:\/\/slovaklinesmagazin.sk\/cms\/wp-content\/uploads\/2015\/06\/212.jpg\"><img decoding=\"async\" class=\"alignnone\" src=\"http:\/\/slovaklinesmagazin.sk\/cms\/wp-content\/uploads\/2015\/06\/212.jpg\" alt=\"2\" \/><\/a> <a href=\"http:\/\/slovaklinesmagazin.sk\/cms\/wp-content\/uploads\/2015\/06\/310.jpg\"><img decoding=\"async\" class=\"alignnone\" src=\"http:\/\/slovaklinesmagazin.sk\/cms\/wp-content\/uploads\/2015\/06\/310.jpg\" alt=\"3\" \/><\/a> <a href=\"http:\/\/slovaklinesmagazin.sk\/cms\/wp-content\/uploads\/2015\/06\/410.jpg\"><img decoding=\"async\" class=\"alignnone\" src=\"http:\/\/slovaklinesmagazin.sk\/cms\/wp-content\/uploads\/2015\/06\/410.jpg\" alt=\"4\" \/><\/a> <a href=\"http:\/\/slovaklinesmagazin.sk\/cms\/wp-content\/uploads\/2015\/06\/69.jpg\"><img decoding=\"async\" class=\"alignnone\" src=\"http:\/\/slovaklinesmagazin.sk\/cms\/wp-content\/uploads\/2015\/06\/69.jpg\" alt=\"6\" \/><\/a> <a href=\"http:\/\/slovaklinesmagazin.sk\/cms\/wp-content\/uploads\/2015\/06\/79.jpg\"><img decoding=\"async\" class=\"alignnone\" src=\"http:\/\/slovaklinesmagazin.sk\/cms\/wp-content\/uploads\/2015\/06\/79.jpg\" alt=\"7\" \/><\/a> <a href=\"http:\/\/slovaklinesmagazin.sk\/cms\/wp-content\/uploads\/2015\/06\/89.jpg\"><img decoding=\"async\" class=\"alignnone\" src=\"http:\/\/slovaklinesmagazin.sk\/cms\/wp-content\/uploads\/2015\/06\/89.jpg\" alt=\"8\" \/><\/a> <a href=\"http:\/\/slovaklinesmagazin.sk\/cms\/wp-content\/uploads\/2015\/06\/99.jpg\"><img decoding=\"async\" class=\"alignnone\" src=\"http:\/\/slovaklinesmagazin.sk\/cms\/wp-content\/uploads\/2015\/06\/99.jpg\" alt=\"9\" \/><\/a> <a href=\"http:\/\/slovaklinesmagazin.sk\/cms\/wp-content\/uploads\/2015\/06\/108.jpg\"><img decoding=\"async\" class=\"alignnone\" src=\"http:\/\/slovaklinesmagazin.sk\/cms\/wp-content\/uploads\/2015\/06\/108.jpg\" alt=\"10\" \/><\/a><\/p>\n","protected":false},"excerpt":{"rendered":"<p>Ak sa neboj\u00edte v\u00fd\u0161ok, srdce v\u00e1m zapi\u0161t\u00ed pri poh\u013eade na tento romanticko- dobrodru\u017en\u00fd v\u00fdlet. Cie\u013eovou destin\u00e1ciou je Kapad\u00f3cia, ve\u013ek\u00e1 oblas\u0165 v srdci Turecka charakteristick\u00e1 n\u00e1dhernou krajinou s pozoruhodn\u00fdmi skaln\u00fdmi \u00fatvarmi, rozpr\u00e1vkov\u00fdmi kom\u00ednmi, opusten\u00fdmi kostolmi \u00a0a\u00a0nespo\u010detn\u00fdm mno\u017estvom jask\u00fd\u0148. Z\u00a0bal\u00f3na sa v\u00e1m naskytne n\u00e1dhern\u00fd v\u00fdh\u013ead na historick\u00fa krajinu vo v\u00fdchodnej Anat\u00f3lii, ktor\u00fa vytvorili vietor a\u00a0voda, \u010diasto\u010dne s\u00a0\u013eudskou [&hellip;]<\/p>\n","protected":false},"author":9,"featured_media":66382,"comment_status":"closed","ping_status":"closed","sticky":false,"template":"","format":"standard","meta":{"footnotes":""},"categories":[13],"tags":[],"class_list":["post-66373","post","type-post","status-publish","format-standard","has-post-thumbnail","hentry","category-real-estate","eq-blocks"],"_links":{"self":[{"href":"https:\/\/www.slovaklinesmagazin.sk\/cms\/wp-json\/wp\/v2\/posts\/66373","targetHints":{"allow":["GET"]}}],"collection":[{"href":"https:\/\/www.slovaklinesmagazin.sk\/cms\/wp-json\/wp\/v2\/posts"}],"about":[{"href":"https:\/\/www.slovaklinesmagazin.sk\/cms\/wp-json\/wp\/v2\/types\/post"}],"author":[{"embeddable":true,"href":"https:\/\/www.slovaklinesmagazin.sk\/cms\/wp-json\/wp\/v2\/users\/9"}],"replies":[{"embeddable":true,"href":"https:\/\/www.slovaklinesmagazin.sk\/cms\/wp-json\/wp\/v2\/comments?post=66373"}],"version-history":[{"count":1,"href":"https:\/\/www.slovaklinesmagazin.sk\/cms\/wp-json\/wp\/v2\/posts\/66373\/revisions"}],"predecessor-version":[{"id":66384,"href":"https:\/\/www.slovaklinesmagazin.sk\/cms\/wp-json\/wp\/v2\/posts\/66373\/revisions\/66384"}],"wp:featuredmedia":[{"embeddable":true,"href":"https:\/\/www.slovaklinesmagazin.sk\/cms\/wp-json\/wp\/v2\/media\/66382"}],"wp:attachment":[{"href":"https:\/\/www.slovaklinesmagazin.sk\/cms\/wp-json\/wp\/v2\/media?parent=66373"}],"wp:term":[{"taxonomy":"category","embeddable":true,"href":"https:\/\/www.slovaklinesmagazin.sk\/cms\/wp-json\/wp\/v2\/categories?post=66373"},{"taxonomy":"post_tag","embeddable":true,"href":"https:\/\/www.slovaklinesmagazin.sk\/cms\/wp-json\/wp\/v2\/tags?post=66373"}],"curies":[{"name":"wp","href":"https:\/\/api.w.org\/{rel}","templated":true}]}}