{"id":66485,"date":"2015-06-19T21:41:25","date_gmt":"2015-06-19T19:41:25","guid":{"rendered":"http:\/\/slovaklinesmagazin.sk\/cms\/?p=66485"},"modified":"2015-06-19T21:41:25","modified_gmt":"2015-06-19T19:41:25","slug":"raj-cyklistov","status":"publish","type":"post","link":"https:\/\/www.slovaklinesmagazin.sk\/cms\/2015\/06\/raj-cyklistov\/","title":{"rendered":"Raj cyklistov"},"content":{"rendered":"<p>Horsk\u00fd mas\u00edv Dolomity, pomenovan\u00fd pod\u013ea geol\u00f3ga D.G. de Dolomieu, je s\u00fa\u010das\u0165ou \u00a0talianskych \u00c1lp. Kr\u00e1sne vrchy charakteristickej farby s\u00fa obklopen\u00e9 zelen\u00fdmi l\u00fakami a\u00a0modr\u00fdmi jazerami. \u00dadolia s\u00fa pretkan\u00e9 k\u013eukat\u00fdmi cestami.<\/p>\n<p>V r\u00e1mci svojich pr\u00edprav na augustov\u00fd cyklistick\u00fd z\u00e1vod sa rozhodol Dolomity nav\u0161t\u00edvi\u0165 aj Slovinec Ale\u0161 Krivec. Osobne sa presved\u010dil, \u017ee ide nepochybne o \u00a0jednu z najv\u00e4\u010d\u0161\u00edch cyklistick\u00fdch oblast\u00ed v Alp\u00e1ch. Ve\u013ekolep\u00e9 horsk\u00e9 priesmyky a dych ber\u00face \u00fadolia vytvorili dramatick\u00e9 v\u00fdstupy a zjazdy. A mocn\u00e9 hory obklopuj\u00face priesmyky doplnili perfektn\u00e9 kulisy pre v\u00e1\u0161niv\u00fdch cyklistov i fotografov.<\/p>\n<p><a href=\"http:\/\/slovaklinesmagazin.sk\/cms\/wp-content\/uploads\/2015\/06\/147.jpg\"><img decoding=\"async\" class=\"alignnone\" src=\"http:\/\/slovaklinesmagazin.sk\/cms\/wp-content\/uploads\/2015\/06\/147.jpg\" alt=\"1\" \/><\/a> <a href=\"http:\/\/slovaklinesmagazin.sk\/cms\/wp-content\/uploads\/2015\/06\/219.jpg\"><img decoding=\"async\" class=\"alignnone\" src=\"http:\/\/slovaklinesmagazin.sk\/cms\/wp-content\/uploads\/2015\/06\/219.jpg\" alt=\"2\" \/><\/a> <a href=\"http:\/\/slovaklinesmagazin.sk\/cms\/wp-content\/uploads\/2015\/06\/314.jpg\"><img decoding=\"async\" class=\"alignnone\" src=\"http:\/\/slovaklinesmagazin.sk\/cms\/wp-content\/uploads\/2015\/06\/314.jpg\" alt=\"3\" \/><\/a> <a href=\"http:\/\/slovaklinesmagazin.sk\/cms\/wp-content\/uploads\/2015\/06\/416.jpg\"><img decoding=\"async\" class=\"alignnone\" src=\"http:\/\/slovaklinesmagazin.sk\/cms\/wp-content\/uploads\/2015\/06\/416.jpg\" alt=\"4\" \/><\/a> <a href=\"http:\/\/slovaklinesmagazin.sk\/cms\/wp-content\/uploads\/2015\/06\/515.jpg\"><img decoding=\"async\" class=\"alignnone\" src=\"http:\/\/slovaklinesmagazin.sk\/cms\/wp-content\/uploads\/2015\/06\/515.jpg\" alt=\"5\" \/><\/a> <a href=\"http:\/\/slovaklinesmagazin.sk\/cms\/wp-content\/uploads\/2015\/06\/615.jpg\"><img decoding=\"async\" class=\"alignnone\" src=\"http:\/\/slovaklinesmagazin.sk\/cms\/wp-content\/uploads\/2015\/06\/615.jpg\" alt=\"6\" \/><\/a> <a href=\"http:\/\/slovaklinesmagazin.sk\/cms\/wp-content\/uploads\/2015\/06\/714.jpg\"><img decoding=\"async\" class=\"alignnone\" src=\"http:\/\/slovaklinesmagazin.sk\/cms\/wp-content\/uploads\/2015\/06\/714.jpg\" alt=\"7\" \/><\/a> <a href=\"http:\/\/slovaklinesmagazin.sk\/cms\/wp-content\/uploads\/2015\/06\/814.jpg\"><img decoding=\"async\" class=\"alignnone\" src=\"http:\/\/slovaklinesmagazin.sk\/cms\/wp-content\/uploads\/2015\/06\/814.jpg\" alt=\"8\" \/><\/a> <a href=\"http:\/\/slovaklinesmagazin.sk\/cms\/wp-content\/uploads\/2015\/06\/914.jpg\"><img decoding=\"async\" class=\"alignnone\" src=\"http:\/\/slovaklinesmagazin.sk\/cms\/wp-content\/uploads\/2015\/06\/914.jpg\" alt=\"9\" \/><\/a> <a href=\"http:\/\/slovaklinesmagazin.sk\/cms\/wp-content\/uploads\/2015\/06\/1115.jpg\"><img decoding=\"async\" class=\"alignnone\" src=\"http:\/\/slovaklinesmagazin.sk\/cms\/wp-content\/uploads\/2015\/06\/1115.jpg\" alt=\"11\" \/><\/a> <a href=\"http:\/\/slovaklinesmagazin.sk\/cms\/wp-content\/uploads\/2015\/06\/1213.jpg\"><img decoding=\"async\" class=\"alignnone\" src=\"http:\/\/slovaklinesmagazin.sk\/cms\/wp-content\/uploads\/2015\/06\/1213.jpg\" alt=\"12\" \/><\/a><\/p>\n<p>Foto: Ale\u0161 Krivec<\/p>\n","protected":false},"excerpt":{"rendered":"<p>Horsk\u00fd mas\u00edv Dolomity, pomenovan\u00fd pod\u013ea geol\u00f3ga D.G. de Dolomieu, je s\u00fa\u010das\u0165ou \u00a0talianskych \u00c1lp. Kr\u00e1sne vrchy charakteristickej farby s\u00fa obklopen\u00e9 zelen\u00fdmi l\u00fakami a\u00a0modr\u00fdmi jazerami. \u00dadolia s\u00fa pretkan\u00e9 k\u013eukat\u00fdmi cestami. V r\u00e1mci svojich pr\u00edprav na augustov\u00fd cyklistick\u00fd z\u00e1vod sa rozhodol Dolomity nav\u0161t\u00edvi\u0165 aj Slovinec Ale\u0161 Krivec. Osobne sa presved\u010dil, \u017ee ide nepochybne o \u00a0jednu z najv\u00e4\u010d\u0161\u00edch cyklistick\u00fdch [&hellip;]<\/p>\n","protected":false},"author":9,"featured_media":66495,"comment_status":"closed","ping_status":"closed","sticky":false,"template":"","format":"standard","meta":{"footnotes":""},"categories":[13],"tags":[],"class_list":["post-66485","post","type-post","status-publish","format-standard","has-post-thumbnail","hentry","category-real-estate","eq-blocks"],"_links":{"self":[{"href":"https:\/\/www.slovaklinesmagazin.sk\/cms\/wp-json\/wp\/v2\/posts\/66485","targetHints":{"allow":["GET"]}}],"collection":[{"href":"https:\/\/www.slovaklinesmagazin.sk\/cms\/wp-json\/wp\/v2\/posts"}],"about":[{"href":"https:\/\/www.slovaklinesmagazin.sk\/cms\/wp-json\/wp\/v2\/types\/post"}],"author":[{"embeddable":true,"href":"https:\/\/www.slovaklinesmagazin.sk\/cms\/wp-json\/wp\/v2\/users\/9"}],"replies":[{"embeddable":true,"href":"https:\/\/www.slovaklinesmagazin.sk\/cms\/wp-json\/wp\/v2\/comments?post=66485"}],"version-history":[{"count":1,"href":"https:\/\/www.slovaklinesmagazin.sk\/cms\/wp-json\/wp\/v2\/posts\/66485\/revisions"}],"predecessor-version":[{"id":66498,"href":"https:\/\/www.slovaklinesmagazin.sk\/cms\/wp-json\/wp\/v2\/posts\/66485\/revisions\/66498"}],"wp:featuredmedia":[{"embeddable":true,"href":"https:\/\/www.slovaklinesmagazin.sk\/cms\/wp-json\/wp\/v2\/media\/66495"}],"wp:attachment":[{"href":"https:\/\/www.slovaklinesmagazin.sk\/cms\/wp-json\/wp\/v2\/media?parent=66485"}],"wp:term":[{"taxonomy":"category","embeddable":true,"href":"https:\/\/www.slovaklinesmagazin.sk\/cms\/wp-json\/wp\/v2\/categories?post=66485"},{"taxonomy":"post_tag","embeddable":true,"href":"https:\/\/www.slovaklinesmagazin.sk\/cms\/wp-json\/wp\/v2\/tags?post=66485"}],"curies":[{"name":"wp","href":"https:\/\/api.w.org\/{rel}","templated":true}]}}