{"id":66532,"date":"2015-06-25T21:25:58","date_gmt":"2015-06-25T19:25:58","guid":{"rendered":"http:\/\/slovaklinesmagazin.sk\/cms\/?p=66532"},"modified":"2015-06-25T21:25:58","modified_gmt":"2015-06-25T19:25:58","slug":"takto-sa-parkuje-v-nemeckom-meste-karlsruhe","status":"publish","type":"post","link":"https:\/\/www.slovaklinesmagazin.sk\/cms\/2015\/06\/takto-sa-parkuje-v-nemeckom-meste-karlsruhe\/","title":{"rendered":"Takto sa parkuje v nemeckom meste Karlsruhe"},"content":{"rendered":"<p><span lang=\"SK\">\u00a0V nemeckom meste Karlsruhe sa objavila zvl\u00e1\u0161tne zaparkovan\u00e1 dod\u00e1vka. Hoci sa na prv\u00fd poh\u013ead zvl\u00e1\u0161tne umiestnen\u00e9 vozidlo m\u00f4\u017ee javi\u0165 ako nevydaren\u00fd pokus blond\u00ednky zaparkova\u0165, nie to tak. Deformovan\u00fd \u010derven\u00fd Mercedes je dielom rak\u00faskeho umelca Erwina Wurm, ktor\u00fd je zn\u00e1my svojimi dielami, ktor\u00e9 predstavuj\u00fa vozidl\u00e1 v\u00a0nev\u0161edn\u00fdch tvaroch a podob\u00e1ch. Toto dielo bolo vytvoren\u00e9 v r\u00e1mci 300. oslavy naroden\u00edn mesta Karlsruhe. Aby narodeninov\u00fd dar\u010dek mestu nedr\u00e1\u017edil mu\u017eov z\u00e1kona, za stiera\u010dom m\u00e1 riadne zaplaten\u00fd parkovac\u00ed l\u00edstok.<\/span><\/p>\n<p><a href=\"http:\/\/slovaklinesmagazin.sk\/cms\/wp-content\/uploads\/2015\/06\/316.jpg\"><img decoding=\"async\" class=\"alignnone\" src=\"http:\/\/slovaklinesmagazin.sk\/cms\/wp-content\/uploads\/2015\/06\/316.jpg\" alt=\"3\" \/><\/a> <a href=\"http:\/\/slovaklinesmagazin.sk\/cms\/wp-content\/uploads\/2015\/06\/148.jpg\"><img decoding=\"async\" class=\"alignnone\" src=\"http:\/\/slovaklinesmagazin.sk\/cms\/wp-content\/uploads\/2015\/06\/148.jpg\" alt=\"1\" \/><\/a><\/p>\n<p>&nbsp;<\/p>\n","protected":false},"excerpt":{"rendered":"<p>\u00a0V nemeckom meste Karlsruhe sa objavila zvl\u00e1\u0161tne zaparkovan\u00e1 dod\u00e1vka. Hoci sa na prv\u00fd poh\u013ead zvl\u00e1\u0161tne umiestnen\u00e9 vozidlo m\u00f4\u017ee javi\u0165 ako nevydaren\u00fd pokus blond\u00ednky zaparkova\u0165, nie to tak. Deformovan\u00fd \u010derven\u00fd Mercedes je dielom rak\u00faskeho umelca Erwina Wurm, ktor\u00fd je zn\u00e1my svojimi dielami, ktor\u00e9 predstavuj\u00fa vozidl\u00e1 v\u00a0nev\u0161edn\u00fdch tvaroch a podob\u00e1ch. Toto dielo bolo vytvoren\u00e9 v r\u00e1mci 300. [&hellip;]<\/p>\n","protected":false},"author":9,"featured_media":66534,"comment_status":"closed","ping_status":"closed","sticky":false,"template":"","format":"standard","meta":{"footnotes":""},"categories":[48],"tags":[],"class_list":["post-66532","post","type-post","status-publish","format-standard","has-post-thumbnail","hentry","category-umenie-a-kultura","eq-blocks"],"_links":{"self":[{"href":"https:\/\/www.slovaklinesmagazin.sk\/cms\/wp-json\/wp\/v2\/posts\/66532","targetHints":{"allow":["GET"]}}],"collection":[{"href":"https:\/\/www.slovaklinesmagazin.sk\/cms\/wp-json\/wp\/v2\/posts"}],"about":[{"href":"https:\/\/www.slovaklinesmagazin.sk\/cms\/wp-json\/wp\/v2\/types\/post"}],"author":[{"embeddable":true,"href":"https:\/\/www.slovaklinesmagazin.sk\/cms\/wp-json\/wp\/v2\/users\/9"}],"replies":[{"embeddable":true,"href":"https:\/\/www.slovaklinesmagazin.sk\/cms\/wp-json\/wp\/v2\/comments?post=66532"}],"version-history":[{"count":1,"href":"https:\/\/www.slovaklinesmagazin.sk\/cms\/wp-json\/wp\/v2\/posts\/66532\/revisions"}],"predecessor-version":[{"id":66536,"href":"https:\/\/www.slovaklinesmagazin.sk\/cms\/wp-json\/wp\/v2\/posts\/66532\/revisions\/66536"}],"wp:featuredmedia":[{"embeddable":true,"href":"https:\/\/www.slovaklinesmagazin.sk\/cms\/wp-json\/wp\/v2\/media\/66534"}],"wp:attachment":[{"href":"https:\/\/www.slovaklinesmagazin.sk\/cms\/wp-json\/wp\/v2\/media?parent=66532"}],"wp:term":[{"taxonomy":"category","embeddable":true,"href":"https:\/\/www.slovaklinesmagazin.sk\/cms\/wp-json\/wp\/v2\/categories?post=66532"},{"taxonomy":"post_tag","embeddable":true,"href":"https:\/\/www.slovaklinesmagazin.sk\/cms\/wp-json\/wp\/v2\/tags?post=66532"}],"curies":[{"name":"wp","href":"https:\/\/api.w.org\/{rel}","templated":true}]}}