{"id":66774,"date":"2015-07-05T15:15:52","date_gmt":"2015-07-05T13:15:52","guid":{"rendered":"http:\/\/slovaklinesmagazin.sk\/cms\/?p=66774"},"modified":"2015-07-05T15:15:52","modified_gmt":"2015-07-05T13:15:52","slug":"modra-hadanka","status":"publish","type":"post","link":"https:\/\/www.slovaklinesmagazin.sk\/cms\/2015\/07\/modra-hadanka\/","title":{"rendered":"Modr\u00e1 h\u00e1danka"},"content":{"rendered":"<p><span lang=\"SK\">Tu\u0161\u00edte, na \u010do sa pr\u00e1ve teraz pozer\u00e1te? Tipovali by sme abstraktn\u00fa ma\u013ebu, detail kachli\u010diek, \u010di mozaiku na okn\u00e1ch. Ani jedno nie je spr\u00e1vne. Fotograf Simon Butterworth si dal t\u00fa n\u00e1mahu, aby odfotografoval z\u00a0lietadla so\u013en\u00e9 polia v\u00a0Austr\u00e1lii. Za tieto sn\u00edmky z\u00edskal tento rok Sony World Photography Awards. <\/span><\/p>\n<p><a href=\"http:\/\/slovaklinesmagazin.sk\/cms\/wp-content\/uploads\/2015\/07\/1.jpg\"><img decoding=\"async\" class=\"alignnone\" src=\"http:\/\/slovaklinesmagazin.sk\/cms\/wp-content\/uploads\/2015\/07\/1.jpg\" alt=\"1\" \/><\/a> <a href=\"http:\/\/slovaklinesmagazin.sk\/cms\/wp-content\/uploads\/2015\/07\/3.jpg\"><img decoding=\"async\" class=\"alignnone\" src=\"http:\/\/slovaklinesmagazin.sk\/cms\/wp-content\/uploads\/2015\/07\/3.jpg\" alt=\"3\" \/><\/a> <a href=\"http:\/\/slovaklinesmagazin.sk\/cms\/wp-content\/uploads\/2015\/07\/4.jpg\"><img decoding=\"async\" class=\"alignnone\" src=\"http:\/\/slovaklinesmagazin.sk\/cms\/wp-content\/uploads\/2015\/07\/4.jpg\" alt=\"4\" \/><\/a> <a href=\"http:\/\/slovaklinesmagazin.sk\/cms\/wp-content\/uploads\/2015\/07\/5.jpg\"><img decoding=\"async\" class=\"alignnone\" src=\"http:\/\/slovaklinesmagazin.sk\/cms\/wp-content\/uploads\/2015\/07\/5.jpg\" alt=\"5\" \/><\/a> <a href=\"http:\/\/slovaklinesmagazin.sk\/cms\/wp-content\/uploads\/2015\/07\/6.jpg\"><img decoding=\"async\" class=\"alignnone\" src=\"http:\/\/slovaklinesmagazin.sk\/cms\/wp-content\/uploads\/2015\/07\/6.jpg\" alt=\"6\" \/><\/a><\/p>\n","protected":false},"excerpt":{"rendered":"<p>Tu\u0161\u00edte, na \u010do sa pr\u00e1ve teraz pozer\u00e1te? Tipovali by sme abstraktn\u00fa ma\u013ebu, detail kachli\u010diek, \u010di mozaiku na okn\u00e1ch. Ani jedno nie je spr\u00e1vne. Fotograf Simon Butterworth si dal t\u00fa n\u00e1mahu, aby odfotografoval z\u00a0lietadla so\u013en\u00e9 polia v\u00a0Austr\u00e1lii. Za tieto sn\u00edmky z\u00edskal tento rok Sony World Photography Awards.<\/p>\n","protected":false},"author":9,"featured_media":66776,"comment_status":"closed","ping_status":"closed","sticky":false,"template":"","format":"standard","meta":{"footnotes":""},"categories":[48],"tags":[],"class_list":["post-66774","post","type-post","status-publish","format-standard","has-post-thumbnail","hentry","category-umenie-a-kultura","eq-blocks"],"_links":{"self":[{"href":"https:\/\/www.slovaklinesmagazin.sk\/cms\/wp-json\/wp\/v2\/posts\/66774","targetHints":{"allow":["GET"]}}],"collection":[{"href":"https:\/\/www.slovaklinesmagazin.sk\/cms\/wp-json\/wp\/v2\/posts"}],"about":[{"href":"https:\/\/www.slovaklinesmagazin.sk\/cms\/wp-json\/wp\/v2\/types\/post"}],"author":[{"embeddable":true,"href":"https:\/\/www.slovaklinesmagazin.sk\/cms\/wp-json\/wp\/v2\/users\/9"}],"replies":[{"embeddable":true,"href":"https:\/\/www.slovaklinesmagazin.sk\/cms\/wp-json\/wp\/v2\/comments?post=66774"}],"version-history":[{"count":1,"href":"https:\/\/www.slovaklinesmagazin.sk\/cms\/wp-json\/wp\/v2\/posts\/66774\/revisions"}],"predecessor-version":[{"id":66781,"href":"https:\/\/www.slovaklinesmagazin.sk\/cms\/wp-json\/wp\/v2\/posts\/66774\/revisions\/66781"}],"wp:featuredmedia":[{"embeddable":true,"href":"https:\/\/www.slovaklinesmagazin.sk\/cms\/wp-json\/wp\/v2\/media\/66776"}],"wp:attachment":[{"href":"https:\/\/www.slovaklinesmagazin.sk\/cms\/wp-json\/wp\/v2\/media?parent=66774"}],"wp:term":[{"taxonomy":"category","embeddable":true,"href":"https:\/\/www.slovaklinesmagazin.sk\/cms\/wp-json\/wp\/v2\/categories?post=66774"},{"taxonomy":"post_tag","embeddable":true,"href":"https:\/\/www.slovaklinesmagazin.sk\/cms\/wp-json\/wp\/v2\/tags?post=66774"}],"curies":[{"name":"wp","href":"https:\/\/api.w.org\/{rel}","templated":true}]}}