{"id":66981,"date":"2015-07-15T08:22:05","date_gmt":"2015-07-15T06:22:05","guid":{"rendered":"http:\/\/slovaklinesmagazin.sk\/cms\/?p=66981"},"modified":"2015-07-15T08:22:05","modified_gmt":"2015-07-15T06:22:05","slug":"svetelna-technologia-bmw-v-medzinarodnom-roku-svetla-unesco-tip-na-cestovanie","status":"publish","type":"post","link":"https:\/\/www.slovaklinesmagazin.sk\/cms\/2015\/07\/svetelna-technologia-bmw-v-medzinarodnom-roku-svetla-unesco-tip-na-cestovanie\/","title":{"rendered":"Sveteln\u00e1 technol\u00f3gia BMW v Medzin\u00e1rodnom roku svetla UNESCO &#8211; tip na cestovanie."},"content":{"rendered":"<p>A\u017e do konca septembra sa m\u00f4\u017eu n\u00e1v\u0161tevn\u00edci Dopravn\u00e9ho centra Nemeck\u00e9ho m\u00fazea v Mn\u00edchove dozvedie\u0165 viac o v\u00fdvoji svetelnej technol\u00f3gie BMW. Prv\u00fd s\u00e9riovo vyr\u00e1ban\u00fd automobil s laserov\u00fdm svetlom na svete, BMW i8 a demon\u0161tr\u00e1tor laserov\u00e9ho svetla BMW predv\u00e1dzaj\u00fa sp\u00f4sob fungovania tejto technol\u00f3gie bud\u00facnosti.<\/p>\n<p style=\"text-align: center;\"><img decoding=\"async\" class=\"aligncenter\" src=\"http:\/\/slovaklinesmagazin.sk\/cms\/wp-content\/uploads\/2015\/07\/P90145960-lowRes.jpg\" alt=\"\" \/><\/p>\n<p>Thomas Hausmann, ved\u00faci oddelenia v\u00fdvoja sveteln\u00fdch technol\u00f3gi\u00ed spolo\u010dnosti BMW, hovor\u00ed o spolupr\u00e1ci s Nemeck\u00fdm m\u00fazeom: \u201eSme radi, \u017ee po\u010das Medzin\u00e1rodn\u00e9ho roku svetla 2015 UNESCO dost\u00e1vame mo\u017enos\u0165 vystavova\u0165 v Dopravnom centre Nemeck\u00e9ho m\u00fazea aktu\u00e1lne sveteln\u00e9 technol\u00f3gie BMW, a pribl\u00ed\u017ei\u0165 ich tak \u0161irokej verejnosti.\u201c<\/p>\n<p style=\"text-align: center;\"><img decoding=\"async\" class=\"aligncenter\" src=\"http:\/\/slovaklinesmagazin.sk\/cms\/wp-content\/uploads\/2015\/07\/P90145961-lowRes.jpg\" alt=\"\" \/><\/p>\n<p>Dopravn\u00e9 centrum Nemeck\u00e9ho m\u00fazea v Mn\u00edchove je tradi\u010dne jedn\u00fdm z prv\u00fdch miest, ktor\u00e9 nav\u0161t\u00edvia fan\u00fa\u0161ikovia motorizmu. Pribli\u017ene 120\u00a0000 n\u00e1v\u0161tevn\u00edkov z cel\u00e9ho sveta tu ka\u017edoro\u010dne dozvie o historick\u00fdch vozidl\u00e1ch a nov\u00fdch technol\u00f3gi\u00e1ch v oblasti mobility.<\/p>\n<p>Expoz\u00edcia BMW sa nach\u00e1dza\u00a0na moste v hale 3 v Dopravnom centre Nemeck\u00e9ho m\u00fazea na adrese Am Bavariapark 5, 80339 Mn\u00edchov, ktor\u00e9 je otvoren\u00e9 denne od 9.00 do 17.00.<\/p>\n<p>&nbsp;<\/p>\n","protected":false},"excerpt":{"rendered":"<p>A\u017e do konca septembra sa m\u00f4\u017eu n\u00e1v\u0161tevn\u00edci Dopravn\u00e9ho centra Nemeck\u00e9ho m\u00fazea v Mn\u00edchove dozvedie\u0165 viac o v\u00fdvoji svetelnej technol\u00f3gie BMW. Prv\u00fd s\u00e9riovo vyr\u00e1ban\u00fd automobil s laserov\u00fdm svetlom na svete, BMW i8 a demon\u0161tr\u00e1tor laserov\u00e9ho svetla BMW predv\u00e1dzaj\u00fa sp\u00f4sob fungovania tejto technol\u00f3gie bud\u00facnosti. Thomas Hausmann, ved\u00faci oddelenia v\u00fdvoja sveteln\u00fdch technol\u00f3gi\u00ed spolo\u010dnosti BMW, hovor\u00ed o spolupr\u00e1ci s [&hellip;]<\/p>\n","protected":false},"author":7,"featured_media":66982,"comment_status":"closed","ping_status":"closed","sticky":false,"template":"","format":"standard","meta":{"footnotes":""},"categories":[4],"tags":[],"class_list":["post-66981","post","type-post","status-publish","format-standard","has-post-thumbnail","hentry","category-automobily","eq-blocks"],"_links":{"self":[{"href":"https:\/\/www.slovaklinesmagazin.sk\/cms\/wp-json\/wp\/v2\/posts\/66981","targetHints":{"allow":["GET"]}}],"collection":[{"href":"https:\/\/www.slovaklinesmagazin.sk\/cms\/wp-json\/wp\/v2\/posts"}],"about":[{"href":"https:\/\/www.slovaklinesmagazin.sk\/cms\/wp-json\/wp\/v2\/types\/post"}],"author":[{"embeddable":true,"href":"https:\/\/www.slovaklinesmagazin.sk\/cms\/wp-json\/wp\/v2\/users\/7"}],"replies":[{"embeddable":true,"href":"https:\/\/www.slovaklinesmagazin.sk\/cms\/wp-json\/wp\/v2\/comments?post=66981"}],"version-history":[{"count":1,"href":"https:\/\/www.slovaklinesmagazin.sk\/cms\/wp-json\/wp\/v2\/posts\/66981\/revisions"}],"predecessor-version":[{"id":66985,"href":"https:\/\/www.slovaklinesmagazin.sk\/cms\/wp-json\/wp\/v2\/posts\/66981\/revisions\/66985"}],"wp:featuredmedia":[{"embeddable":true,"href":"https:\/\/www.slovaklinesmagazin.sk\/cms\/wp-json\/wp\/v2\/media\/66982"}],"wp:attachment":[{"href":"https:\/\/www.slovaklinesmagazin.sk\/cms\/wp-json\/wp\/v2\/media?parent=66981"}],"wp:term":[{"taxonomy":"category","embeddable":true,"href":"https:\/\/www.slovaklinesmagazin.sk\/cms\/wp-json\/wp\/v2\/categories?post=66981"},{"taxonomy":"post_tag","embeddable":true,"href":"https:\/\/www.slovaklinesmagazin.sk\/cms\/wp-json\/wp\/v2\/tags?post=66981"}],"curies":[{"name":"wp","href":"https:\/\/api.w.org\/{rel}","templated":true}]}}